{"id":18021,"date":"2020-02-05T16:52:22","date_gmt":"2020-02-05T16:52:22","guid":{"rendered":"https:\/\/jorgezanoni.com.br\/2019\/?p=18021"},"modified":"2020-02-05T16:52:22","modified_gmt":"2020-02-05T16:52:22","slug":"policia-civil-investiga-suposto-estupro-de-adolescente-em-presidente-prudente","status":"publish","type":"post","link":"https:\/\/jorgezanoni.com.br\/2019\/policia-civil-investiga-suposto-estupro-de-adolescente-em-presidente-prudente\/","title":{"rendered":"Pol\u00edcia Civil investiga suposto estupro de adolescente em Presidente Prudente"},"content":{"rendered":"<h2 class=\"content-head__subtitle\" style=\"text-align: justify;\"><strong>Suspeito de cometer o abuso sexual \u00e9 cunhado da v\u00edtima. Boletim de Ocorr\u00eancia foi registrado na noite desta ter\u00e7a-feira (4), na Delegacia Participativa.<\/strong><\/h2>\n<div class=\"mc-column content-text active-extra-styles active-capital-letter\" data-block-type=\"unstyled\" data-block-weight=\"41\" data-block-id=\"1\">\n<p class=\"content-text__container theme-color-primary-first-letter\" style=\"text-align: justify;\" data-track-category=\"Link no Texto\" data-track-links=\"\">A Pol\u00edcia Civil deve apurar o suposto estupro contra um adolescente de 15 anos, em\u00a0<a href=\"http:\/\/g1.globo.com\/sp\/presidente-prudente-regiao\/cidade\/presidente-prudente.html\">Presidente Prudente<\/a>. O suspeito \u00e9 o cunhado do garoto, de 27 anos. O Boletim de Ocorr\u00eancia foi registrado na noite desta ter\u00e7a-feira (4), na Delegacia Participativa.<\/p>\n<\/div>\n<div class=\"wall protected-content\">\n<div class=\"mc-column content-text active-extra-styles \" style=\"text-align: justify;\" data-block-type=\"unstyled\" data-block-weight=\"37\" data-block-id=\"2\">\n<p class=\"content-text__container \" data-track-category=\"Link no Texto\" data-track-links=\"\">A Pol\u00edcia Militar foi acionada \u00e0 Avenida Raimundo Maiolini, no distrito de Montalv\u00e3o, pois um indiv\u00edduo alegava ter sido estuprado. No local, com base nas caracter\u00edsticas, os policiais encontraram o adolescente em um ponto de \u00f4nibus.<\/p>\n<\/div>\n<div class=\"mc-column content-text active-extra-styles \" style=\"text-align: justify;\" data-block-type=\"unstyled\" data-block-weight=\"48\" data-block-id=\"3\">\n<p class=\"content-text__container \" data-track-category=\"Link no Texto\" data-track-links=\"\">De acordo com o Boletim de Ocorr\u00eancia, o garoto contou que, na semana passada, o cunhado teria agredido a sua irm\u00e3 e que ele foi ao trabalho do indiv\u00edduo para \u201ctirar satisfa\u00e7\u00e3o\u201d sobre o fato. O cunhado lhe disse que naquele momento n\u00e3o podia conversar, pois estava trabalhando.<\/p>\n<\/div>\n<div class=\"mc-column content-text active-extra-styles \" style=\"text-align: justify;\" data-block-type=\"unstyled\" data-block-weight=\"42\" data-block-id=\"4\">\n<p class=\"content-text__container \" data-track-category=\"Link no Texto\" data-track-links=\"\">Ent\u00e3o, mais tarde o homem chamou o adolescente para conversar, quando foram para uma mata a um quil\u00f4metro do local. O garoto disse \u00e0 pol\u00edcia que o cunhado lhe tirou a roupa \u201cde forma abrupta, o segurou e manteve rela\u00e7\u00e3o anal\u201d.<\/p>\n<\/div>\n<div class=\"mc-column content-text active-extra-styles \" style=\"text-align: justify;\" data-block-type=\"unstyled\" data-block-weight=\"19\" data-block-id=\"5\">\n<p class=\"content-text__container \" data-track-category=\"Link no Texto\" data-track-links=\"\">Questionado se estava machucado, o adolescente disse que n\u00e3o e que sentia apenas dor. Ele tamb\u00e9m se declarou homossexual.<\/p>\n<\/div>\n<div class=\"mc-column content-text active-extra-styles \" style=\"text-align: justify;\" data-block-type=\"unstyled\" data-block-weight=\"40\" data-block-id=\"6\">\n<p class=\"content-text__container \" data-track-category=\"Link no Texto\" data-track-links=\"\">A pol\u00edcia pediu ao garoto para indicar onde era a casa do suspeito. As equipes foram at\u00e9 l\u00e1 e o abordaram. Cientificado do motivo pelo qual seria conduzido \u00e0 delegacia, o homem negou o fato e acompanhou os militares.<\/p>\n<\/div>\n<div class=\"mc-column content-text active-extra-styles \" style=\"text-align: justify;\" data-block-type=\"unstyled\" data-block-weight=\"27\" data-block-id=\"7\">\n<p class=\"content-text__container \" data-track-category=\"Link no Texto\" data-track-links=\"\">Conforme o registro da Pol\u00edcia Civil, o adolescente disse que \u201cn\u00e3o queria narrar o fato neste momento, mas disse que foi estuprado e que queria Justi\u00e7a\u201d.<\/p>\n<\/div>\n<div class=\"mc-column content-text active-extra-styles \" style=\"text-align: justify;\" data-block-type=\"unstyled\" data-block-weight=\"39\" data-block-id=\"8\">\n<p class=\"content-text__container \" data-track-category=\"Link no Texto\" data-track-links=\"\">A m\u00e3e do garoto estava junto e disse \u201capenas que sabia que ele alegava ter sido estuprado\u201d e \u201cn\u00e3o fez quest\u00e3o de dizer mais nada\u201d. Ela tamb\u00e9m declarou \u201cn\u00e3o desejar que a investiga\u00e7\u00e3o tenha prosseguimento\u201d, segundo o boletim.<\/p>\n<\/div>\n<div class=\"mc-column content-text active-extra-styles \" style=\"text-align: justify;\" data-block-type=\"unstyled\" data-block-weight=\"52\" data-block-id=\"9\">\n<p class=\"content-text__container \" data-track-category=\"Link no Texto\" data-track-links=\"\">\u201cO escriv\u00e3o narrou que, enquanto eram qualificadas as partes no RDO, o filho, que estava ao lado da m\u00e3e, ao ouvi-la em uma liga\u00e7\u00e3o dizer que n\u00e3o tinha acontecido nada de grave, ficou muito nervoso e deixou a sala e as depend\u00eancias do pr\u00e9dio da delegacia\u201d, de acordo com o documento.<\/p>\n<p class=\"content-text__container \" data-track-category=\"Link no Texto\" data-track-links=\"\"><span style=\"font-family: inherit; font-size: inherit; font-style: inherit; font-variant-ligatures: inherit; font-variant-caps: inherit; font-weight: inherit; text-align: center;\">Ap\u00f3s alguns minutos ele foi localizado pelos policiais em uma via p\u00fablica. A m\u00e3e \u201calegou que o filho \u00e9 problem\u00e1tico e poderia se matar\u201d e, ao ser questionada sobre se o filho poderia estar mentindo sobre o estupro, \u201cpor vingan\u00e7a\u201d, ela respondeu \u201cEu sei l\u00e1\u201d.<\/span><\/p>\n<\/div>\n<div class=\"mc-column content-text active-extra-styles \" style=\"text-align: justify;\" data-block-type=\"unstyled\" data-block-weight=\"40\" data-block-id=\"12\">\n<p class=\"content-text__container \" data-track-category=\"Link no Texto\" data-track-links=\"\">O homem, durante questionamentos, disse \u00e0 pol\u00edcia que o adolescente tem problemas e que j\u00e1 externou \u00e0 irm\u00e3 dele, sua convivente, que n\u00e3o o quer mais na resid\u00eancia do casal, porque ele poderia tentar algo contra a pr\u00f3pria vida.<\/p>\n<\/div>\n<div class=\"mc-column content-text active-extra-styles \" style=\"text-align: justify;\" data-block-type=\"unstyled\" data-block-weight=\"19\" data-block-id=\"13\">\n<p class=\"content-text__container \" data-track-category=\"Link no Texto\" data-track-links=\"\">O indiv\u00edduo declarou que a situa\u00e7\u00e3o gera brigas entre o casal e que o adolescente n\u00e3o gosta dele.<\/p>\n<\/div>\n<div class=\"mc-column content-text active-extra-styles \" style=\"text-align: justify;\" data-block-type=\"unstyled\" data-block-weight=\"65\" data-block-id=\"14\">\n<p class=\"content-text__container \" data-track-category=\"Link no Texto\" data-track-links=\"\">De acordo com o registro, o homem contou que o adolescente o procurou hoje onde trabalhava, numa obra vizinha \u00e0 sua casa, e \u201cdisse quero sair com voc\u00ea, no sentido de que queria manter rela\u00e7\u00e3o sexual\u201d. Conforme a vers\u00e3o do homem, o garoto teria insistido, \u201cdizendo que se n\u00e3o mantivesse rela\u00e7\u00e3o sexual inventaria para a irm\u00e3 que ele tinha estuprado a filha do casal\u201d.<\/p>\n<\/div>\n<div class=\"mc-column content-text active-extra-styles \" style=\"text-align: justify;\" data-block-type=\"unstyled\" data-block-weight=\"38\" data-block-id=\"15\">\n<p class=\"content-text__container \" data-track-category=\"Link no Texto\" data-track-links=\"\">Ent\u00e3o, lhe pediu para que esperasse terminar o trabalho, sendo que logo depois o garoto ligou dizendo para que fosse logo, porque estava ansioso. O homem disse que \u201capagou as liga\u00e7\u00f5es e mensagens com medo da esposa\u201d.<\/p>\n<\/div>\n<div class=\"mc-column content-text active-extra-styles \" style=\"text-align: justify;\" data-block-type=\"unstyled\" data-block-weight=\"30\" data-block-id=\"16\">\n<p class=\"content-text__container \" data-track-category=\"Link no Texto\" data-track-links=\"\">Em seguida, conforme relatou o homem \u00e0 pol\u00edcia, o adolescente voltou e os dois foram para uma mata, onde retiraram as roupas e o cunhado iniciou a rela\u00e7\u00e3o sexual.<\/p>\n<\/div>\n<div class=\"mc-column content-text active-extra-styles \" style=\"text-align: justify;\" data-block-type=\"unstyled\" data-block-weight=\"49\" data-block-id=\"17\">\n<p class=\"content-text__container \" data-track-category=\"Link no Texto\" data-track-links=\"\">Ele disse que n\u00e3o chegou a \u201cfazer direito, at\u00e9 o fim, e que pensou no que estava fazendo e parou. Que ent\u00e3o se vestiram e os dois foram embora\u201d. O adolescente teria ficado \u201cnervoso quando disse que n\u00e3o iria prosseguir\u201d e depois foi surpreendido em casa pelos policiais.<\/p>\n<\/div>\n<div class=\"mc-column content-text active-extra-styles \" style=\"text-align: justify;\" data-block-type=\"unstyled\" data-block-weight=\"66\" data-block-id=\"18\">\n<p class=\"content-text__container \" data-track-category=\"Link no Texto\" data-track-links=\"\">\u201cA ocorr\u00eancia apresentada, com vers\u00f5es confusas e contradit\u00f3rias, n\u00e3o permite um ju\u00edzo de certeza sobre ter ocorrido o crime de estupro, assim n\u00e3o se h\u00e1 falar em pris\u00e3o em flagrante, nem em tipific\u00e1-la neste momento com tal natureza, portanto foi determinado pela autoridade policial o registro com a natureza n\u00e3o criminal para apura\u00e7\u00e3o de eventual crime de estupro\u201d, coloca o delegado Marcelo Costantini no registro.<\/p>\n<\/div>\n<div class=\"mc-column content-text active-extra-styles \" style=\"text-align: justify;\" data-block-type=\"unstyled\" data-block-weight=\"6\" data-block-id=\"20\">\n<p class=\"content-text__container \" data-track-category=\"Link no Texto\" data-track-links=\"\">Os celulares dos envolvidos foram apreendidos.<\/p>\n<\/div>\n<div class=\"mc-column content-text active-extra-styles \" style=\"text-align: justify;\" data-block-type=\"unstyled\" data-block-weight=\"15\" data-block-id=\"21\">\n<p class=\"content-text__container \" data-track-category=\"Link no Texto\" data-track-links=\"\">O adolescente e o cunhado passaram por exame junto ao Instituto M\u00e9dico Legal (IML).<\/p>\n<\/div>\n<div class=\"mc-column content-text active-extra-styles \" data-block-type=\"unstyled\" data-block-weight=\"21\" data-block-id=\"22\">\n<p class=\"content-text__container \" style=\"text-align: justify;\" data-track-category=\"Link no Texto\" data-track-links=\"\">A ocorr\u00eancia foi encaminhada para a Delegacia de Defesa da Mulher (DDM), que apura crimes de cunho sexual contra menores.<\/p>\n<p data-track-category=\"Link no Texto\" data-track-links=\"\">Fonte: G1<\/p>\n<p data-track-category=\"Link no Texto\" data-track-links=\"\">Imagem Ilustrativa<\/p>\n<\/div>\n<\/div>\n","protected":false},"excerpt":{"rendered":"<p>Suspeito de cometer o abuso sexual \u00e9 cunhado da v\u00edtima. Boletim de Ocorr\u00eancia foi registrado na noite desta ter\u00e7a-feira (4), na Delegacia Participativa. A Pol\u00edcia Civil deve apurar o suposto estupro contra um adolescente de 15 anos, em\u00a0Presidente Prudente. O suspeito \u00e9 o cunhado do garoto, de 27 anos. O Boletim de Ocorr\u00eancia foi registrado [&hellip;]<\/p>\n","protected":false},"author":1,"featured_media":18022,"comment_status":"closed","ping_status":"open","sticky":false,"template":"","format":"standard","meta":{"footnotes":""},"categories":[110,2],"tags":[],"class_list":["post-18021","post","type-post","status-publish","format-standard","has-post-thumbnail","hentry","category-noticiasdestaque","category-policial"],"_links":{"self":[{"href":"https:\/\/jorgezanoni.com.br\/2019\/wp-json\/wp\/v2\/posts\/18021","targetHints":{"allow":["GET"]}}],"collection":[{"href":"https:\/\/jorgezanoni.com.br\/2019\/wp-json\/wp\/v2\/posts"}],"about":[{"href":"https:\/\/jorgezanoni.com.br\/2019\/wp-json\/wp\/v2\/types\/post"}],"author":[{"embeddable":true,"href":"https:\/\/jorgezanoni.com.br\/2019\/wp-json\/wp\/v2\/users\/1"}],"replies":[{"embeddable":true,"href":"https:\/\/jorgezanoni.com.br\/2019\/wp-json\/wp\/v2\/comments?post=18021"}],"version-history":[{"count":0,"href":"https:\/\/jorgezanoni.com.br\/2019\/wp-json\/wp\/v2\/posts\/18021\/revisions"}],"wp:featuredmedia":[{"embeddable":true,"href":"https:\/\/jorgezanoni.com.br\/2019\/wp-json\/wp\/v2\/media\/18022"}],"wp:attachment":[{"href":"https:\/\/jorgezanoni.com.br\/2019\/wp-json\/wp\/v2\/media?parent=18021"}],"wp:term":[{"taxonomy":"category","embeddable":true,"href":"https:\/\/jorgezanoni.com.br\/2019\/wp-json\/wp\/v2\/categories?post=18021"},{"taxonomy":"post_tag","embeddable":true,"href":"https:\/\/jorgezanoni.com.br\/2019\/wp-json\/wp\/v2\/tags?post=18021"}],"curies":[{"name":"wp","href":"https:\/\/api.w.org\/{rel}","templated":true}]}}