{"id":18018,"date":"2020-02-05T16:31:22","date_gmt":"2020-02-05T16:31:22","guid":{"rendered":"https:\/\/jorgezanoni.com.br\/2019\/?p=18018"},"modified":"2020-02-05T16:31:22","modified_gmt":"2020-02-05T16:31:22","slug":"concursos-publicos-e-processos-seletivos-oferecem-vagas-com-remuneracoes-que-variam-de-r-88094-a-r-8-84228","status":"publish","type":"post","link":"https:\/\/jorgezanoni.com.br\/2019\/concursos-publicos-e-processos-seletivos-oferecem-vagas-com-remuneracoes-que-variam-de-r-88094-a-r-8-84228\/","title":{"rendered":"Concursos p\u00fablicos e processos seletivos oferecem vagas com remunera\u00e7\u00f5es que variam de R$ 880,94 a R$ 8.842,28"},"content":{"rendered":"<h2 class=\"content-head__subtitle\" style=\"text-align: justify;\"><strong>Oportunidad<\/strong><strong>es est\u00e3o dispon\u00edveis em cinco cidades da regi\u00e3o de Presidente Prudente.<\/strong><\/h2>\n<div class=\"mc-column content-text active-extra-styles \" style=\"text-align: justify;\" data-block-type=\"unstyled\" data-block-weight=\"30\" data-block-id=\"2\">\n<p class=\"content-text__container \" data-track-category=\"Link no Texto\" data-track-links=\"\">No Oeste Paulista, cinco cidades est\u00e3o com vagas abertas para concursos p\u00fablicos e processos seletivos. A remunera\u00e7\u00e3o varia, de acordo com a oportunidade escolhida, de R$ 880,94 a R$ 8.842,28.<\/p>\n<\/div>\n<div class=\"wall protected-content\">\n<div class=\"mc-column content-text active-extra-styles \" style=\"text-align: justify;\" data-block-type=\"unstyled\" data-block-weight=\"4\" data-block-id=\"3\">\n<p class=\"content-text__container \" data-track-category=\"Link no Texto\" data-track-links=\"\">Veja as chances dispon\u00edveis:<\/p>\n<\/div>\n<div class=\"mc-column content-text active-extra-styles\" style=\"text-align: justify;\" data-block-type=\"raw\" data-block-weight=\"2\" data-block-id=\"4\">\n<div class=\"content-intertitle\">\n<h2>Presidente Prudente<\/h2>\n<\/div>\n<\/div>\n<div class=\"mc-column content-text active-extra-styles \" style=\"text-align: justify;\" data-block-type=\"unstyled\" data-block-weight=\"15\" data-block-id=\"5\">\n<p class=\"content-text__container \" data-track-category=\"Link no Texto\" data-track-links=\"\">O Cons\u00f3rcio Intermunicipal do Oeste Paulista (Ciop) abre vagas para processo seletivo em\u00a0<a href=\"https:\/\/g1.globo.com\/sp\/presidente-prudente-regiao\/cidade\/presidente-prudente\/\">Presidente Prudente<\/a>.<\/p>\n<\/div>\n<div class=\"mc-column content-text active-extra-styles \" style=\"text-align: justify;\" data-block-type=\"unstyled\" data-block-weight=\"56\" data-block-id=\"6\">\n<p class=\"content-text__container \" data-track-category=\"Link no Texto\" data-track-links=\"\">Os cargos dispon\u00edveis, conforme\u00a0<a href=\"https:\/\/www.consesp.com.br\/imagens_arquivos\/concursos\/arquivos\/3426_presidenteprudente0012020processociop.pdf\" target=\"_blank\" rel=\"noopener noreferrer\">edital<\/a>, s\u00e3o de agente de manuten\u00e7\u00e3o n\u00edvel, assistente social, auxiliar de enfermagem, auxiliar de sa\u00fade bucal, auxiliar de servi\u00e7os gerais, caixa, copeira, cuidador em sa\u00fade, enfermeiro farmac\u00eautico, farmac\u00eautico, m\u00e9dico psiquiatra, motorista, porteiro, psic\u00f3logo, recepcionista, recreador, regulador de transporte sanit\u00e1rio, salva-vidas, servi\u00e7os gerais, t\u00e9cnico administrativo, t\u00e9cnico de enfermagem, terapeuta ocupacional, tratador e vigia.<\/p>\n<\/div>\n<div class=\"mc-column content-text active-extra-styles \" style=\"text-align: justify;\" data-block-type=\"unstyled\" data-block-weight=\"20\" data-block-id=\"7\">\n<p class=\"content-text__container \" data-track-category=\"Link no Texto\" data-track-links=\"\">A carga hor\u00e1ria \u00e9 de 30 a 44 horas semanais, com remunera\u00e7\u00e3o que varia de R$ 1.016,91 a R$ 7.035,25.<\/p>\n<\/div>\n<div class=\"mc-column content-text active-extra-styles \" style=\"text-align: justify;\" data-block-type=\"unstyled\" data-block-weight=\"13\" data-block-id=\"8\">\n<p class=\"content-text__container \" data-track-category=\"Link no Texto\" data-track-links=\"\">As inscri\u00e7\u00f5es podem ser feitas no\u00a0<a href=\"https:\/\/www.consesp.com.br\/site\/index.php?pg=concursos\/inscrevasev&amp;cod_concurso=3426\" target=\"_blank\" rel=\"noopener noreferrer\">site<\/a>\u00a0at\u00e9 o dia 16 de fevereiro.<\/p>\n<\/div>\n<div class=\"mc-column content-text active-extra-styles \" style=\"text-align: justify;\" data-block-type=\"unstyled\" data-block-weight=\"16\" data-block-id=\"9\">\n<p class=\"content-text__container \" data-track-category=\"Link no Texto\" data-track-links=\"\">Ainda em Presidente Prudente, o Conselho de Arquitetura e Urbanismo (CAU) abriu vaga para concurso p\u00fablico.<\/p>\n<\/div>\n<div class=\"mc-column content-text active-extra-styles \" style=\"text-align: justify;\" data-block-type=\"unstyled\" data-block-weight=\"21\" data-block-id=\"10\">\n<p class=\"content-text__container \" data-track-category=\"Link no Texto\" data-track-links=\"\">Segundo o\u00a0<a href=\"https:\/\/documento.vunesp.com.br\/documento\/stream\/MTUwOTk1Nw%3d%3d\" target=\"_blank\" rel=\"noopener noreferrer\">edital<\/a>, a oportunidade dispon\u00edvel \u00e9 para o cargo de agente de fiscaliza\u00e7\u00e3o. A remunera\u00e7\u00e3o prevista \u00e9 de R$ 8.842,28.<\/p>\n<\/div>\n<div class=\"mc-column content-text active-extra-styles \" style=\"text-align: justify;\" data-block-type=\"unstyled\" data-block-weight=\"13\" data-block-id=\"11\">\n<p class=\"content-text__container \" data-track-category=\"Link no Texto\" data-track-links=\"\">As inscri\u00e7\u00f5es devem ser feitas pelo\u00a0<a href=\"https:\/\/www.vunesp.com.br\/CAUS1901\" target=\"_blank\" rel=\"noopener noreferrer\">site<\/a>, at\u00e9 o dia 6 de mar\u00e7o.<\/p>\n<\/div>\n<div class=\"mc-column content-text active-extra-styles\" style=\"text-align: justify;\" data-block-type=\"raw\" data-block-weight=\"3\" data-block-id=\"12\">\n<div class=\"content-intertitle\">\n<h2>Estrela do Norte<\/h2>\n<\/div>\n<\/div>\n<div class=\"mc-column content-text active-extra-styles \" style=\"text-align: justify;\" data-block-type=\"unstyled\" data-block-weight=\"23\" data-block-id=\"13\">\n<p class=\"content-text__container \" data-track-category=\"Link no Texto\" data-track-links=\"\">A Prefeitura de\u00a0<a href=\"https:\/\/g1.globo.com\/sp\/presidente-prudente-regiao\/cidade\/estrela-do-norte-sp\/\">Estrela do Norte<\/a> abriu inscri\u00e7\u00f5es para concurso p\u00fablico para o preenchimento de uma vaga para o cargo de engenheiro agr\u00f4nomo.<\/p>\n<p class=\"content-text__container \" data-track-category=\"Link no Texto\" data-track-links=\"\"><span style=\"font-family: inherit; font-size: inherit; font-style: inherit; font-variant-ligatures: inherit; font-variant-caps: inherit; font-weight: inherit; text-align: center;\">Ser\u00e3o 40 horas semanais trabalhadas, com remunera\u00e7\u00e3o de R$ 2.580,65, conforme descrito no <\/span><a style=\"font-family: inherit; font-size: inherit; font-style: inherit; font-variant-ligatures: inherit; font-variant-caps: inherit; font-weight: inherit; text-align: center;\" href=\"https:\/\/www.consesp.com.br\/imagens_arquivos\/concursos\/arquivos\/3422_estreladonorte0012020.pdf\" target=\"_blank\" rel=\"noopener noreferrer\">edital<\/a><span style=\"font-family: inherit; font-size: inherit; font-style: inherit; font-variant-ligatures: inherit; font-variant-caps: inherit; font-weight: inherit; text-align: center;\">.<\/span><\/p>\n<\/div>\n<div class=\"mc-column content-text active-extra-styles \" style=\"text-align: justify;\" data-block-type=\"unstyled\" data-block-weight=\"13\" data-block-id=\"16\">\n<p class=\"content-text__container \" data-track-category=\"Link no Texto\" data-track-links=\"\">As inscri\u00e7\u00f5es podem ser feitas pela\u00a0<a href=\"https:\/\/www.consesp.com.br\/site\/index.php?pg=concursos\/inscrevasev&amp;cod_concurso=3422\" target=\"_blank\" rel=\"noopener noreferrer\">internet\u00a0<\/a>at\u00e9 o dia 16 de fevereiro.<\/p>\n<\/div>\n<div class=\"mc-column content-text active-extra-styles\" style=\"text-align: justify;\" data-block-type=\"raw\" data-block-weight=\"1\" data-block-id=\"17\">\n<div class=\"content-intertitle\">\n<h2>Dracena<\/h2>\n<\/div>\n<\/div>\n<div class=\"mc-column content-text active-extra-styles \" style=\"text-align: justify;\" data-block-type=\"unstyled\" data-block-weight=\"12\" data-block-id=\"18\">\n<p class=\"content-text__container \" data-track-category=\"Link no Texto\" data-track-links=\"\">As inscri\u00e7\u00f5es de concursos p\u00fablicos para a Prefeitura de\u00a0<a href=\"https:\/\/g1.globo.com\/sp\/presidente-prudente-regiao\/cidade\/dracena\/\">Dracena<\/a>\u00a0est\u00e3o abertas.<\/p>\n<\/div>\n<div class=\"mc-column content-text active-extra-styles \" style=\"text-align: justify;\" data-block-type=\"unstyled\" data-block-weight=\"26\" data-block-id=\"19\">\n<p class=\"content-text__container \" data-track-category=\"Link no Texto\" data-track-links=\"\">De acordo com o\u00a0<a href=\"https:\/\/www.dracena.sp.gov.br\/temp\/29012020114127arquivo_001-2020.pdf\" target=\"_blank\" rel=\"noopener noreferrer\">edital<\/a>, os cargos dispon\u00edveis s\u00e3o de motorista, analista em planejamento de compras e licita\u00e7\u00f5es, m\u00e9dico cl\u00ednico geral, m\u00e9dico pediatra e m\u00e9dico psiquiatra.<\/p>\n<\/div>\n<div class=\"mc-column content-text active-extra-styles \" style=\"text-align: justify;\" data-block-type=\"unstyled\" data-block-weight=\"11\" data-block-id=\"20\">\n<p class=\"content-text__container \" data-track-category=\"Link no Texto\" data-track-links=\"\">A remunera\u00e7\u00e3o dos cargos varia de R$ 1.080 a R$ 1.445.<\/p>\n<\/div>\n<div class=\"mc-column content-text active-extra-styles \" style=\"text-align: justify;\" data-block-type=\"unstyled\" data-block-weight=\"13\" data-block-id=\"21\">\n<p class=\"content-text__container \" data-track-category=\"Link no Texto\" data-track-links=\"\">Pelo\u00a0<a href=\"http:\/\/www.conscamweb.com.br\/concurso\/concursoPaginaInterna.do?idInstituicao=16&amp;idConcurso=12\" target=\"_blank\" rel=\"noopener noreferrer\">site<\/a>, as inscri\u00e7\u00f5es podem ser feitas at\u00e9 o dia 19 de fevereiro.<\/p>\n<\/div>\n<div class=\"mc-column content-text active-extra-styles\" style=\"text-align: justify;\" data-block-type=\"raw\" data-block-weight=\"1\" data-block-id=\"22\">\n<div class=\"content-intertitle\">\n<h2>Unesp<\/h2>\n<\/div>\n<\/div>\n<div class=\"mc-column content-text active-extra-styles \" style=\"text-align: justify;\" data-block-type=\"unstyled\" data-block-weight=\"17\" data-block-id=\"23\">\n<p class=\"content-text__container \" data-track-category=\"Link no Texto\" data-track-links=\"\">Novos concursos p\u00fablicos s\u00e3o abertos pela Universidade Estadual de S\u00e3o Paulo (Unesp) para contrata\u00e7\u00e3o de professores substitutos.<\/p>\n<\/div>\n<div class=\"mc-column content-text active-extra-styles \" style=\"text-align: justify;\" data-block-type=\"unstyled\" data-block-weight=\"39\" data-block-id=\"24\">\n<p class=\"content-text__container \" data-track-category=\"Link no Texto\" data-track-links=\"\">Conforme o\u00a0<a href=\"https:\/\/inscricoes.unesp.br\/publico\/47d77639e3e5255af64c689ff70975e9.pdf\" target=\"_blank\" rel=\"noopener noreferrer\">edital<\/a>, em\u00a0<a href=\"https:\/\/g1.globo.com\/sp\/presidente-prudente-regiao\/cidade\/rosana\/\">Rosana<\/a>, h\u00e1 vagas para o curso de turismo, com 24 horas semanais trabalhadas e remunera\u00e7\u00e3o de R$ 2.236,19. Inscri\u00e7\u00f5es para o cargo de turismo podem ser feitas at\u00e9 o dia 31 de janeiro, pela internet.<\/p>\n<\/div>\n<div class=\"mc-column content-text active-extra-styles \" style=\"text-align: justify;\" data-block-type=\"unstyled\" data-block-weight=\"32\" data-block-id=\"25\">\n<p class=\"content-text__container \" data-track-category=\"Link no Texto\" data-track-links=\"\">Ainda em Rosana, h\u00e1 oportunidade de atua\u00e7\u00e3o no curso de engenharia de energia, segundo edital. O sal\u00e1rio \u00e9 de R$ 880,94, correspondente a 12 horas semanais. Inscri\u00e7\u00f5es devem ser feitas pelo\u00a0<a href=\"https:\/\/inscricoes.unesp.br\/inscricao\/concursos\" target=\"_blank\" rel=\"noopener noreferrer\">site<\/a>.<\/p>\n<\/div>\n<div class=\"mc-column content-text active-extra-styles \" style=\"text-align: justify;\" data-block-type=\"unstyled\" data-block-weight=\"11\" data-block-id=\"26\">\n<p class=\"content-text__container \" data-track-category=\"Link no Texto\" data-track-links=\"\">A Unesp tamb\u00e9m disponibilizou vagas para o campus de Presidente Prudente.<\/p>\n<\/div>\n<div class=\"mc-column content-text active-extra-styles \" style=\"text-align: justify;\" data-block-type=\"unstyled\" data-block-weight=\"21\" data-block-id=\"27\">\n<p class=\"content-text__container \" data-track-category=\"Link no Texto\" data-track-links=\"\">Na \u00e1rea do Departamento de Educa\u00e7\u00e3o, de acordo com o\u00a0<a href=\"https:\/\/inscricoes.unesp.br\/publico\/4889b04ccb956b390f31bb610d154d4d.pdf\" target=\"_blank\" rel=\"noopener noreferrer\">edital<\/a>, o sal\u00e1rio \u00e9 de R$ 880,94 para 12 horas semanais.<\/p>\n<\/div>\n<div class=\"mc-column content-text active-extra-styles \" style=\"text-align: justify;\" data-block-type=\"unstyled\" data-block-weight=\"12\" data-block-id=\"28\">\n<p class=\"content-text__container \" data-track-category=\"Link no Texto\" data-track-links=\"\">As inscri\u00e7\u00f5es ser\u00e3o recebidas at\u00e9 o dia 14 de fevereiro pelo\u00a0<a href=\"https:\/\/inscricoes.unesp.br\/inscricao\/concursos\" target=\"_blank\" rel=\"noopener noreferrer\">site<\/a>.<\/p>\n<\/div>\n<div class=\"mc-column content-text active-extra-styles \" style=\"text-align: justify;\" data-block-type=\"unstyled\" data-block-weight=\"17\" data-block-id=\"29\">\n<p class=\"content-text__container \" data-track-category=\"Link no Texto\" data-track-links=\"\">Tamb\u00e9m em Presidente Prudente, a universidade disponibilizou oportunidade para os cursos de ci\u00eancia da computa\u00e7\u00e3o e arquitetura.<\/p>\n<\/div>\n<div class=\"mc-column content-text active-extra-styles \" style=\"text-align: justify;\" data-block-type=\"unstyled\" data-block-weight=\"17\" data-block-id=\"30\">\n<p class=\"content-text__container \" data-track-category=\"Link no Texto\" data-track-links=\"\">Neste caso, o candidato ter\u00e1 a remunera\u00e7\u00e3o de R$ 880,94, correspondente a 12 horas semanais, segundo\u00a0<a href=\"https:\/\/inscricoes.unesp.br\/publico\/1326105e325155f1da1ea0ec77291f40.pdf\" target=\"_blank\" rel=\"noopener noreferrer\">edital<\/a>.<\/p>\n<\/div>\n<div class=\"mc-column content-text active-extra-styles \" style=\"text-align: justify;\" data-block-type=\"unstyled\" data-block-weight=\"13\" data-block-id=\"31\">\n<p class=\"content-text__container \" data-track-category=\"Link no Texto\" data-track-links=\"\">At\u00e9 o dia 31 de janeiro, as inscri\u00e7\u00f5es podem ser feitas na\u00a0<a href=\"https:\/\/inscricoes.unesp.br\/inscricao\/concursos\" target=\"_blank\" rel=\"noopener noreferrer\">internet<\/a>.<\/p>\n<\/div>\n<div class=\"mc-column content-text active-extra-styles \" style=\"text-align: justify;\" data-block-type=\"unstyled\" data-block-weight=\"13\" data-block-id=\"32\">\n<p class=\"content-text__container \" data-track-category=\"Link no Texto\" data-track-links=\"\">Em Dracena, a Unesp abriu vagas para professores substitutos na \u00e1rea de agronomia.<\/p>\n<\/div>\n<div class=\"mc-column content-text active-extra-styles \" style=\"text-align: justify;\" data-block-type=\"unstyled\" data-block-weight=\"15\" data-block-id=\"33\">\n<p class=\"content-text__container \" data-track-category=\"Link no Texto\" data-track-links=\"\">De acordo com o\u00a0<a href=\"https:\/\/inscricoes.unesp.br\/publico\/498503aa7311b95dde1612d9418cedd1.pdf\" target=\"_blank\" rel=\"noopener noreferrer\">edital<\/a>, ser\u00e3o 24 horas semanais trabalhadas, com remunera\u00e7\u00e3o de R$ 4.626,85.<\/p>\n<\/div>\n<div class=\"mc-column content-text active-extra-styles \" style=\"text-align: justify;\" data-block-type=\"unstyled\" data-block-weight=\"11\" data-block-id=\"34\">\n<p class=\"content-text__container \" data-track-category=\"Link no Texto\" data-track-links=\"\">Inscri\u00e7\u00f5es ser\u00e3o recebidas pela\u00a0<a href=\"https:\/\/inscricoes.unesp.br\/inscricao\/concursos\" target=\"_blank\" rel=\"noopener noreferrer\">internet\u00a0<\/a>at\u00e9 o dia 10 de fevereiro.<\/p>\n<p class=\"content-text__container \" data-track-category=\"Link no Texto\" data-track-links=\"\"><span style=\"color: #111111; font-family: Roboto, sans-serif; font-size: 27px; font-style: inherit; font-variant-ligatures: inherit; font-variant-caps: inherit; font-weight: inherit; text-align: center;\">Presidente Venceslau<\/span><\/p>\n<\/div>\n<div class=\"mc-column content-text active-extra-styles \" style=\"text-align: justify;\" data-block-type=\"unstyled\" data-block-weight=\"19\" data-block-id=\"37\">\n<p class=\"content-text__container \" data-track-category=\"Link no Texto\" data-track-links=\"\">Nove processos seletivos oferecidos pela Escola T\u00e9cnica Estadual (Etec) &#8220;Professor Milton Gazzetti&#8221;, de\u00a0<a href=\"https:\/\/g1.globo.com\/sp\/presidente-prudente-regiao\/cidade\/presidente-venceslau\/\">Presidente Venceslau<\/a>, est\u00e3o com vagas abertas.<\/p>\n<\/div>\n<div class=\"mc-column content-text active-extra-styles \" style=\"text-align: justify;\" data-block-type=\"unstyled\" data-block-weight=\"15\" data-block-id=\"38\">\n<p class=\"content-text__container \" data-track-category=\"Link no Texto\" data-track-links=\"\">O objetivo \u00e9 a forma\u00e7\u00e3o de cadastro reserva de professores dos ensinos m\u00e9dio e t\u00e9cnico.<\/p>\n<\/div>\n<div class=\"mc-column content-text active-extra-styles \" style=\"text-align: justify;\" data-block-type=\"unstyled\" data-block-weight=\"63\" data-block-id=\"39\">\n<p class=\"content-text__container \" data-track-category=\"Link no Texto\" data-track-links=\"\">Os cursos dispon\u00edveis, segundo consta no edital, s\u00e3o para as \u00e1reas de Gest\u00e3o da Produ\u00e7\u00e3o Animal I, Microbiologia e Bot\u00e2nica Agr\u00edcola com Pr\u00e1ticas em Olericultura e Especiarias, Design Digital, Reprodu\u00e7\u00e3o e Sele\u00e7\u00e3o Animal com Pr\u00e1ticas com Animais de Pequeno Porte, Aplicativos de Design, Gest\u00e3o da Produ\u00e7\u00e3o e Materiais, Enfermagem em Oncologia, Programa\u00e7\u00e3o de Aplicativos Mobile I, Enfermagem em Cl\u00ednica M\u00e9dica e Cir\u00fargica I.<\/p>\n<\/div>\n<div class=\"mc-column content-text active-extra-styles \" style=\"text-align: justify;\" data-block-type=\"unstyled\" data-block-weight=\"8\" data-block-id=\"40\">\n<p class=\"content-text__container \" data-track-category=\"Link no Texto\" data-track-links=\"\">A remunera\u00e7\u00e3o \u00e9 de R$ 18,35 por hora-aula.<\/p>\n<\/div>\n<div class=\"mc-column content-text active-extra-styles \" data-block-type=\"unstyled\" data-block-weight=\"29\" data-block-id=\"41\">\n<p class=\"content-text__container \" style=\"text-align: justify;\" data-track-category=\"Link no Texto\" data-track-links=\"\">Para participar, os interessados precisam se apresentar na Etec, localizada na Rua Bernardino de Campos, 809, na Vila Baruta, at\u00e9 o dia 5 de fevereiro, das 8h \u00e0s 17h.<\/p>\n<p style=\"text-align: justify;\" data-track-category=\"Link no Texto\" data-track-links=\"\">Fonte: G1<\/p>\n<\/div>\n<\/div>\n","protected":false},"excerpt":{"rendered":"<p>Oportunidades est\u00e3o dispon\u00edveis em cinco cidades da regi\u00e3o de Presidente Prudente. No Oeste Paulista, cinco cidades est\u00e3o com vagas abertas para concursos p\u00fablicos e processos seletivos. A remunera\u00e7\u00e3o varia, de acordo com a oportunidade escolhida, de R$ 880,94 a R$ 8.842,28. Veja as chances dispon\u00edveis: Presidente Prudente O Cons\u00f3rcio Intermunicipal do Oeste Paulista (Ciop) abre [&hellip;]<\/p>\n","protected":false},"author":1,"featured_media":18019,"comment_status":"closed","ping_status":"open","sticky":false,"template":"","format":"standard","meta":{"footnotes":""},"categories":[110,122],"tags":[],"class_list":["post-18018","post","type-post","status-publish","format-standard","has-post-thumbnail","hentry","category-noticiasdestaque","category-saudeeducacaoeconcurso"],"_links":{"self":[{"href":"https:\/\/jorgezanoni.com.br\/2019\/wp-json\/wp\/v2\/posts\/18018","targetHints":{"allow":["GET"]}}],"collection":[{"href":"https:\/\/jorgezanoni.com.br\/2019\/wp-json\/wp\/v2\/posts"}],"about":[{"href":"https:\/\/jorgezanoni.com.br\/2019\/wp-json\/wp\/v2\/types\/post"}],"author":[{"embeddable":true,"href":"https:\/\/jorgezanoni.com.br\/2019\/wp-json\/wp\/v2\/users\/1"}],"replies":[{"embeddable":true,"href":"https:\/\/jorgezanoni.com.br\/2019\/wp-json\/wp\/v2\/comments?post=18018"}],"version-history":[{"count":0,"href":"https:\/\/jorgezanoni.com.br\/2019\/wp-json\/wp\/v2\/posts\/18018\/revisions"}],"wp:featuredmedia":[{"embeddable":true,"href":"https:\/\/jorgezanoni.com.br\/2019\/wp-json\/wp\/v2\/media\/18019"}],"wp:attachment":[{"href":"https:\/\/jorgezanoni.com.br\/2019\/wp-json\/wp\/v2\/media?parent=18018"}],"wp:term":[{"taxonomy":"category","embeddable":true,"href":"https:\/\/jorgezanoni.com.br\/2019\/wp-json\/wp\/v2\/categories?post=18018"},{"taxonomy":"post_tag","embeddable":true,"href":"https:\/\/jorgezanoni.com.br\/2019\/wp-json\/wp\/v2\/tags?post=18018"}],"curies":[{"name":"wp","href":"https:\/\/api.w.org\/{rel}","templated":true}]}}