{"id":18015,"date":"2020-02-05T16:09:06","date_gmt":"2020-02-05T16:09:06","guid":{"rendered":"https:\/\/jorgezanoni.com.br\/2019\/?p=18015"},"modified":"2020-02-05T16:09:06","modified_gmt":"2020-02-05T16:09:06","slug":"confira-o-plantao-policial-das-ultimas-horas","status":"publish","type":"post","link":"https:\/\/jorgezanoni.com.br\/2019\/confira-o-plantao-policial-das-ultimas-horas\/","title":{"rendered":"Confira o Plant\u00e3o Policial das \u00faltimas horas"},"content":{"rendered":"<p style=\"text-align: justify;\"><strong>POL\u00cdCIA MILITAR PRENDE HOMEM POR VIOL\u00caNCIA DOM\u00c9STICA EM TUPI PAULISTA\/SP<\/strong><\/p>\n<p style=\"text-align: justify;\">Lei Maria da Penha &#8211; Flagrante<\/p>\n<p style=\"text-align: justify;\">Data: 02FEV20 \u00e0s 20h18min.<\/p>\n<p style=\"text-align: justify;\">Local: R: Nacin Soubhie \u2013 Jardim It\u00e1lia- Tupi Paulista\/SP.<\/p>\n<p style=\"text-align: justify;\">Indiciado: (37 anos)<\/p>\n<p style=\"text-align: justify;\">V\u00edtima: (43 anos)<\/p>\n<p style=\"text-align: justify;\">Na data de 02FEV20 por volta das 20h18min a Pol\u00edcia Militar foi solicitada via 190 para atendimento de viol\u00eancia dom\u00e9stica e ao se aproximar do local foi visualizado o autor de 37 anos tentando evadir do local o qual desobedeceu a ordem de parada e resistiu a abordagem policial. Ao ser feito contato com a v\u00edtima 43 anos foi constatado que ela apresentava les\u00f5es no bra\u00e7o e perna, ambos esquerdo, e questionada alegou que estava em um bar quando compareceu no local o autor, o qual \u00e9 seu ex marido, agredindo a v\u00edtima e a arrastou pelos cabelos para fora do bar dando socos em sua cabe\u00e7a, momento em que ele retirou das costas uma faca e tentou golpe\u00e1-la, e no ato de se defender a v\u00edtima sofreu um corte no bra\u00e7o esquerdo, conseguindo tomar a faca do autor, porem um outro indiv\u00edduo, amigo do autor o qual n\u00e3o sabe seu nome, pegou a faca de suas m\u00e3os e evadiu\u00a0 do local, levando a faca consigo, alega ainda que o autor quebrou seu celular e jogou no mato, n\u00e3o sendo localizado, continuou agredindo a v\u00edtima e a arrastou pelo ch\u00e3o, puxando-a pelos cabelos levando a v\u00edtima desta forma at\u00e9 a casa de sua m\u00e3e. Diante dos fatos foi dado voz de pris\u00e3o ao autor, permanecendo a disposi\u00e7\u00e3o da Justi\u00e7a.<\/p>\n<p style=\"text-align: justify;\"><strong>EM PATRULHAMENTO, POL\u00cdCIA MILITAR PRENDE DOIS HOMENS POR TR\u00c1FICO DE DROGAS EM DRACENA\/SP<\/strong><\/p>\n<p style=\"text-align: justify;\">Tr\u00e1fico de drogas &#8211; Flagrante<\/p>\n<p style=\"text-align: justify;\">Data: 02FEV20 \u00e0s 18h20min.<\/p>\n<p style=\"text-align: justify;\">Local: R: \u00c9rico Ver\u00edssimo, S\/N\u00ba \u2013 Jardim Brasil\u00e2ndia- Dracena\/SP.<\/p>\n<p style=\"text-align: justify;\">Indiciado 01: (23 anos)<\/p>\n<p style=\"text-align: justify;\">Indiciado 02: (37 anos)<\/p>\n<p style=\"text-align: justify;\">Apreens\u00f5es: 0,008 Kg de crack<\/p>\n<p style=\"text-align: justify;\">No dia 02FEV por volta das 18h20min a equipe da Pol\u00edcia Militar durante patrulhamento pelo bairro Jardim Brasil\u00e2ndia ao acessar a rua Erico Ver\u00edssimo surpreendeu um homem de 23 anos sobre a cerca do terreno baldio ao lado de sua casa, local este que h\u00e1 v\u00e1rias den\u00fancias de tr\u00e1fico de drogas, de imediato foi realizada abordagem. Nesse momento um indiv\u00edduo que estava dentro do terreno correu para os fundos fazendo o movimento de arremessar algo ao solo. Foi realizada busca pessoal no indiciado 01 e no indiciado 02por\u00e9m nada foi encontrado em seu poder, entretanto ao realizar buscas pelo terreno foi localizado pr\u00f3ximo de onde os indiv\u00edduos estavam um recipiente (pote pl\u00e1stico) pequeno de cor azul e tampa verde, que continha em seu interior tr\u00eas inv\u00f3lucros de pl\u00e1stico na cor branca aparentando ser pedras de crack, ao lado deste pote uma caixa de f\u00f3sforo, com 08 inv\u00f3lucros de droga, seis c\u00e9dulas de dinheiro, sendo uma de R$10.00, duas de R$ 5.00 e tr\u00eas de R$ 2.00, totalizando a quantia de R$ 26.00 reais. Diante dos fatos foi dada voz de pris\u00e3o aos indiv\u00edduos pelo crime de tr\u00e1fico de drogas, art. 33 da lei 11.343\/06.<strong>\u00a0<\/strong><\/p>\n<p style=\"text-align: justify;\"><strong>POL\u00cdCIA MILITAR PRENDE HOMEM POR AGRESS\u00c3O EM LUC\u00c9LIA\/SP<\/strong><\/p>\n<p style=\"text-align: justify;\">Lei Maria da Penha &#8211; Flagrante<\/p>\n<p style=\"text-align: justify;\">Data: 02FEV20 \u00e0s 18h25min.<\/p>\n<p style=\"text-align: justify;\">Local: R: Josefina Sortote Rapacci \u2013 Vila Cayres- Luc\u00e9lia\/SP.<\/p>\n<p style=\"text-align: justify;\">Indiciado: (38 anos)<\/p>\n<p style=\"text-align: justify;\">V\u00edtima: (44 anos)<\/p>\n<p style=\"text-align: justify;\">Apreens\u00f5es: 01 faca de ferro, medindo 30 cm da marca KN<strong>\u00a0<\/strong><\/p>\n<p style=\"text-align: justify;\">No dia 02FEV por volta das 18h25min por solicita\u00e7\u00e3o Via COPOM foi registrado flagrante, onde por solicita\u00e7\u00e3o via Copom, a equipe da Pol\u00edcia Militar deslocou \u00e0 Rua Josefina Stort Rapacci onde se depararam com o indiv\u00edduo (38 anos) bastante agressivo e com claros sinais de embriaguez e estando a v\u00edtima com escoria\u00e7\u00f5es pelo corpo (bra\u00e7o direito, perna esquerda) al\u00e9m de reclamar de forte dor na cabe\u00e7a causados pela agress\u00e3o sofrida. Diante dos fatos foi dado voz de pris\u00e3o em flagrante delito ao agressor que permaneceu preso \u00e0 disposi\u00e7\u00e3o da Justi\u00e7a.<strong>\u00a0<\/strong><\/p>\n<p style=\"text-align: justify;\"><strong>POL\u00cdCIA MILITAR PRENDE HOMEM EM FLAGRANTE POR TR\u00c1FICO DE DROGAS EM OSVALDO CRUZ\/SP<\/strong><\/p>\n<p style=\"text-align: justify;\">Tr\u00e1fico de drogas &#8211; Flagrante<\/p>\n<p style=\"text-align: justify;\">Data: 02FEV20 \u00e0s 02h28min.<\/p>\n<p style=\"text-align: justify;\">Local: R: Armando Salles \u2013 Osvaldo Cruz\/SP.<\/p>\n<p style=\"text-align: justify;\">Indiciado: (21 anos)<\/p>\n<p style=\"text-align: justify;\">No dia 02FEV20 por volta das 02h28min em patrulhamento pela Vila Esperan\u00e7a, pela Rua Armando Sales foi avistado o indiciado de 21 anos, e em busca pessoal foi localizado nas partes \u00edntimas dentro das roupas \u00edntimas em uma sacola pl\u00e1stica dois(02) tijolos de cor e cheiro aparentando ser maconha. \u00a0Foi dado voz de pris\u00e3o em flagrante pelo crime de tr\u00e1fico de entorpecentes pelo crime de tr\u00e1fico de entorpecentes, sendo conduzido a cadeia p\u00fablica de Adamantina. Estava em poder do indiciado uma bicicleta Voyce verde, que por n\u00e3o saber a origem permaneceu apreendida. Foi apreendido 0,280kg de maconha.<strong>\u00a0<\/strong><\/p>\n<p style=\"text-align: justify;\"><strong>POL\u00cdCIA MILITAR PRENDE HOMEM POR VIOL\u00caNCIA DOM\u00c9STICA E DESCUMPRIMENTO DE MEDIDA JUDICIAL EM DRACENA\/SP<\/strong><\/p>\n<p style=\"text-align: justify;\">Agress\u00e3o &#8211; Flagrante<\/p>\n<p style=\"text-align: justify;\">Data: 01FEV20 \u00e0s 19h30min.<\/p>\n<p style=\"text-align: justify;\">Local: R: Padre Anchieta, 298 \u2013 Jd. Brasil\u00e2ndia- Dracena\/SP.<\/p>\n<p style=\"text-align: justify;\">Indiciado: (35 anos)<\/p>\n<p style=\"text-align: justify;\">V\u00edtima: (32 anos)<strong>\u00a0<\/strong><\/p>\n<p style=\"text-align: justify;\">No dia 01FEV por volta das 19h30min a Pol\u00edcia Militar ao chegar ao local na Rua Padre Anchieta constatou que um homem de 35 anos, foi at\u00e9 a casa da v\u00edtima de 32 anos, para tentar reatar o casamento, e durante a discuss\u00e3o, lhe desferiu um tapa em seu rosto, e quebrou alguns eletrodom\u00e9sticos e a v\u00edtima ao tentar ligar para pol\u00edcia foi impedida pelo autor. Nesse momento o autor saiu da casa, para n\u00e3o ser preso, onde contra si h\u00e1 uma medida protetiva, onde n\u00e3o pode se aproximar da v\u00edtima. Foi feito patrulhamento e localizado o autor, pela Rua Fagundes Varela x Rua Maria Firmino de Souza, pr\u00f3ximo da casa da v\u00edtima. Foi dado voz de pris\u00e3o em flagrante pela lei maria da penha (agress\u00e3o) e por descumprimento da medida protetiva permanecendo preso a disposi\u00e7\u00e3o da Justi\u00e7a.<strong>\u00a0<\/strong><\/p>\n<p style=\"text-align: justify;\"><strong>POL\u00cdCIA MILITAR PRENDE FILHO QUE TENTA AGREDIR A M\u00c3E EM JUNQUEIR\u00d3POLIS\/SP<\/strong><\/p>\n<p style=\"text-align: justify;\">Agress\u00e3o &#8211; Flagrante<\/p>\n<p style=\"text-align: justify;\">Data: 01FEV20 \u00e0s 20h28min.<\/p>\n<p style=\"text-align: justify;\">Local: R: Belo Horizonte, 73 \u2013 Alto da Esta\u00e7\u00e3o- Junqueir\u00f3polis\/SP.<\/p>\n<p style=\"text-align: justify;\">Indiciado: (44 anos)<\/p>\n<p style=\"text-align: justify;\">V\u00edtima: (69 anos)<\/p>\n<p style=\"text-align: justify;\">Apreens\u00e3o: 01 faca com l\u00e2mina de 17 cm com cabo de madeira de 08 cm<\/p>\n<p style=\"text-align: justify;\">No dia 01FEV por volta das 20h28min em contato com uma testemunha, este informou que seu irm\u00e3o de 44 anos tentou dar um golpe de faca na sua m\u00e3e de 69 anos, sendo impedido, vindo a tomar a faca. A senhora informou que o filho j\u00e1 tinha batido nela em outras vezes e na data de hoje ele estava b\u00eabado e veio em sua dire\u00e7\u00e3o com a faca tentando mat\u00e1-la, mas foi impedido pelo seu outro filho. Na resid\u00eancia foi localizado o autor dentro do quarto deitado no ch\u00e3o, sendo dado voz de pris\u00e3o, permanecendo preso pelo crime de Amea\u00e7a\/Maria da Penha e ficando \u00e0 disposi\u00e7\u00e3o da justi\u00e7a.<strong>\u00a0<\/strong><\/p>\n<p style=\"text-align: justify;\"><strong>#25BPMI\u00a0\u00a0\u00a0\u00a0\u00a0\u00a0\u00a0\u00a0\u00a0\u00a0\u00a0\u00a0\u00a0\u00a0\u00a0\u00a0\u00a0 <\/strong><\/p>\n<p style=\"text-align: justify;\"><strong>#POLICIAMILITARSP<\/strong><\/p>\n<p style=\"text-align: justify;\"><strong>#AFOR\u00c7AP\u00daBLICADES\u00c3OPAULO<\/strong><\/p>\n<p style=\"text-align: justify;\"><strong>Fonte: COMUNICA\u00c7\u00c3O SOCIAL DO 25\u00ba BPM\/I &#8211; Dracena e regi\u00e3o.<\/strong><\/p>\n","protected":false},"excerpt":{"rendered":"<p>POL\u00cdCIA MILITAR PRENDE HOMEM POR VIOL\u00caNCIA DOM\u00c9STICA EM TUPI PAULISTA\/SP Lei Maria da Penha &#8211; Flagrante Data: 02FEV20 \u00e0s 20h18min. Local: R: Nacin Soubhie \u2013 Jardim It\u00e1lia- Tupi Paulista\/SP. Indiciado: (37 anos) V\u00edtima: (43 anos) Na data de 02FEV20 por volta das 20h18min a Pol\u00edcia Militar foi solicitada via 190 para atendimento de viol\u00eancia dom\u00e9stica [&hellip;]<\/p>\n","protected":false},"author":1,"featured_media":18016,"comment_status":"closed","ping_status":"open","sticky":false,"template":"","format":"standard","meta":{"footnotes":""},"categories":[2],"tags":[],"class_list":["post-18015","post","type-post","status-publish","format-standard","has-post-thumbnail","hentry","category-policial"],"_links":{"self":[{"href":"https:\/\/jorgezanoni.com.br\/2019\/wp-json\/wp\/v2\/posts\/18015","targetHints":{"allow":["GET"]}}],"collection":[{"href":"https:\/\/jorgezanoni.com.br\/2019\/wp-json\/wp\/v2\/posts"}],"about":[{"href":"https:\/\/jorgezanoni.com.br\/2019\/wp-json\/wp\/v2\/types\/post"}],"author":[{"embeddable":true,"href":"https:\/\/jorgezanoni.com.br\/2019\/wp-json\/wp\/v2\/users\/1"}],"replies":[{"embeddable":true,"href":"https:\/\/jorgezanoni.com.br\/2019\/wp-json\/wp\/v2\/comments?post=18015"}],"version-history":[{"count":0,"href":"https:\/\/jorgezanoni.com.br\/2019\/wp-json\/wp\/v2\/posts\/18015\/revisions"}],"wp:featuredmedia":[{"embeddable":true,"href":"https:\/\/jorgezanoni.com.br\/2019\/wp-json\/wp\/v2\/media\/18016"}],"wp:attachment":[{"href":"https:\/\/jorgezanoni.com.br\/2019\/wp-json\/wp\/v2\/media?parent=18015"}],"wp:term":[{"taxonomy":"category","embeddable":true,"href":"https:\/\/jorgezanoni.com.br\/2019\/wp-json\/wp\/v2\/categories?post=18015"},{"taxonomy":"post_tag","embeddable":true,"href":"https:\/\/jorgezanoni.com.br\/2019\/wp-json\/wp\/v2\/tags?post=18015"}],"curies":[{"name":"wp","href":"https:\/\/api.w.org\/{rel}","templated":true}]}}