{"id":17976,"date":"2020-02-05T01:33:25","date_gmt":"2020-02-05T01:33:25","guid":{"rendered":"https:\/\/jorgezanoni.com.br\/2019\/?p=17976"},"modified":"2020-02-05T01:33:25","modified_gmt":"2020-02-05T01:33:25","slug":"inscricoes-abertas-para-o-coral-unifadra","status":"publish","type":"post","link":"https:\/\/jorgezanoni.com.br\/2019\/inscricoes-abertas-para-o-coral-unifadra\/","title":{"rendered":"Inscri\u00e7\u00f5es abertas para o Coral Unifadra"},"content":{"rendered":"<p style=\"font-weight: 400; text-align: justify;\">O Coral Unifadra est\u00e1 \u00e0 procura de novas vozes, para todos os naipes: sopranos, contraltos, tenores e baixos. Se voc\u00ea tem interesse, al\u00e9m da disponibilidade de hor\u00e1rio e do compromisso para participar, voc\u00ea \u00e9 nosso convidado. Para participar do processo seletivo, \u00e9 necess\u00e1rio ter idade m\u00ednima de 18 anos e possuir alguma experi\u00eancia em canto coral. Ao ser aprovado e devidamente matriculado, o aluno ter\u00e1 aulas de conhecimentos te\u00f3ricos em m\u00fasica, orienta\u00e7\u00e3o vocal e acesso \u00e0 ampla estrutura da Unifadra, sem custo para o participante.<br \/>\nOs ensaios ocorrem \u00e0s sextas-feiras, das 17h30 \u00e0s 19h30, na Unifadra.<br \/>\nAs audi\u00e7\u00f5es ser\u00e3o feitas nos dias 07, 14, 21 e 28 de fevereiro, \u00e0s 19h30, na sala 15 da Unifadra, com a Profa. Sheila Franceschini. (Rua Bahia, 266, Bairro Metr\u00f3pole, Dracena\/SP)<br \/>\nMais informa\u00e7\u00f5es: (18) 3821-9004<\/p>\n<p style=\"font-weight: 400;\">Carolina Colnago<\/p>\n<p style=\"font-weight: 400;\">Assessora de Comunica\u00e7\u00e3o da Fundec &#8211; Jornalista<\/p>\n<p>&nbsp;<\/p>\n","protected":false},"excerpt":{"rendered":"<p>O Coral Unifadra est\u00e1 \u00e0 procura de novas vozes, para todos os naipes: sopranos, contraltos, tenores e baixos. Se voc\u00ea tem interesse, al\u00e9m da disponibilidade de hor\u00e1rio e do compromisso para participar, voc\u00ea \u00e9 nosso convidado. Para participar do processo seletivo, \u00e9 necess\u00e1rio ter idade m\u00ednima de 18 anos e possuir alguma experi\u00eancia em canto [&hellip;]<\/p>\n","protected":false},"author":1,"featured_media":17977,"comment_status":"closed","ping_status":"open","sticky":false,"template":"","format":"standard","meta":{"footnotes":""},"categories":[183,122],"tags":[],"class_list":["post-17976","post","type-post","status-publish","format-standard","has-post-thumbnail","hentry","category-musicaeturismo","category-saudeeducacaoeconcurso"],"_links":{"self":[{"href":"https:\/\/jorgezanoni.com.br\/2019\/wp-json\/wp\/v2\/posts\/17976","targetHints":{"allow":["GET"]}}],"collection":[{"href":"https:\/\/jorgezanoni.com.br\/2019\/wp-json\/wp\/v2\/posts"}],"about":[{"href":"https:\/\/jorgezanoni.com.br\/2019\/wp-json\/wp\/v2\/types\/post"}],"author":[{"embeddable":true,"href":"https:\/\/jorgezanoni.com.br\/2019\/wp-json\/wp\/v2\/users\/1"}],"replies":[{"embeddable":true,"href":"https:\/\/jorgezanoni.com.br\/2019\/wp-json\/wp\/v2\/comments?post=17976"}],"version-history":[{"count":0,"href":"https:\/\/jorgezanoni.com.br\/2019\/wp-json\/wp\/v2\/posts\/17976\/revisions"}],"wp:featuredmedia":[{"embeddable":true,"href":"https:\/\/jorgezanoni.com.br\/2019\/wp-json\/wp\/v2\/media\/17977"}],"wp:attachment":[{"href":"https:\/\/jorgezanoni.com.br\/2019\/wp-json\/wp\/v2\/media?parent=17976"}],"wp:term":[{"taxonomy":"category","embeddable":true,"href":"https:\/\/jorgezanoni.com.br\/2019\/wp-json\/wp\/v2\/categories?post=17976"},{"taxonomy":"post_tag","embeddable":true,"href":"https:\/\/jorgezanoni.com.br\/2019\/wp-json\/wp\/v2\/tags?post=17976"}],"curies":[{"name":"wp","href":"https:\/\/api.w.org\/{rel}","templated":true}]}}