{"id":17972,"date":"2020-02-05T01:17:45","date_gmt":"2020-02-05T01:17:45","guid":{"rendered":"https:\/\/jorgezanoni.com.br\/2019\/?p=17972"},"modified":"2020-02-05T01:17:45","modified_gmt":"2020-02-05T01:17:45","slug":"com-parceria-fechada-futsal-de-dracena-anuncia-14-atletas-e-cinco-integrantes-da-comissao-tecnica","status":"publish","type":"post","link":"https:\/\/jorgezanoni.com.br\/2019\/com-parceria-fechada-futsal-de-dracena-anuncia-14-atletas-e-cinco-integrantes-da-comissao-tecnica\/","title":{"rendered":"Com parceria fechada, futsal de Dracena anuncia 14 atletas e cinco integrantes da comiss\u00e3o t\u00e9cnica"},"content":{"rendered":"<h2 class=\"content-head__subtitle\" style=\"text-align: justify;\"><strong>Entre os confirmados, seis jogadores s\u00e3o remanescentes do grupo dracenense de 2019, e outros tr\u00eas chegam do antigo S\u00e3o Carlos, que era mantido pelo novo parceiro.<\/strong><\/h2>\n<p style=\"text-align: justify;\">Com a parceria entre\u00a0<a href=\"https:\/\/globoesporte.globo.com\/sp\/presidente-prudente-regiao\/futsal\/noticia\/reuniao-sacramenta-parceria-entre-bicampeao-da-liga-nacional-de-futsal-e-dracena.ghtml\">Dracena e o antigo S\u00e3o Carlos concretizada<\/a>, o presidente do Dracena, Lucas Henrique Batista divulgou nesta ter\u00e7a-feira (4) uma rela\u00e7\u00e3o com 14 nomes que s\u00e3o dados como certos para a composi\u00e7\u00e3o do elenco deste ano\u00a0<strong>(abaixo, veja a lista)<\/strong>. Al\u00e9m deles, cinco integrantes da comiss\u00e3o t\u00e9cnica tamb\u00e9m foram confirmados.<\/p>\n<div class=\"mc-column content-text active-extra-styles \" style=\"text-align: justify;\" data-block-type=\"unstyled\" data-block-weight=\"39\" data-block-id=\"3\">\n<p class=\"content-text__container \" data-track-category=\"Link no Texto\" data-track-links=\"\">Nessa lista, est\u00e3o seis atletas remanescentes do grupo dracenense do ano passado. Outros tr\u00eas chegam do antigo S\u00e3o Carlos, e cinco caras novas ajudam a compor a rela\u00e7\u00e3o, que dever\u00e1 receber ainda mais dois nomes nos pr\u00f3ximos dias.<\/p>\n<\/div>\n<div class=\"mc-column content-text active-extra-styles \" style=\"text-align: justify;\" data-block-type=\"unstyled\" data-block-weight=\"37\" data-block-id=\"4\">\n<p class=\"content-text__container \" data-track-category=\"Link no Texto\" data-track-links=\"\">A parceria marca a volta de Kynha (preparador de goleiros) para o Dracena, ap\u00f3s trabalhar pelo S\u00e3o Carlos na \u00faltima temporada, e a sa\u00edda do t\u00e9cnico Edilson Leite, que comandou o time por mais de dois anos.<\/p>\n<\/div>\n<div class=\"mc-column content-text active-extra-styles \" style=\"text-align: justify;\" data-block-type=\"unstyled\" data-block-weight=\"40\" data-block-id=\"5\">\n<p class=\"content-text__container \" data-track-category=\"Link no Texto\" data-track-links=\"\">\u2013 \u00c9 um grupo que segue o mesmo padr\u00e3o que o Dracena e o S\u00e3o Carlos j\u00e1 vinham seguindo no ano passado. Acreditamos que ser\u00e1 um time que dar\u00e1 trabalho, pois contamos tamb\u00e9m com nosso fator casa \u2013 comentou Lucas.<\/p>\n<\/div>\n<div class=\"mc-column content-text active-extra-styles \" data-block-type=\"unstyled\" data-block-weight=\"62\" data-block-id=\"6\">\n<p class=\"content-text__container \" style=\"text-align: justify;\" data-track-category=\"Link no Texto\" data-track-links=\"\">Sobre a participa\u00e7\u00e3o da equipe da Liga Nacional de Futsal (LNF), Lucas disse que uma reuni\u00e3o entre organizadores e representantes das equipes est\u00e1 marcada para o dia 18 de fevereiro. O dirigente dracenense tamb\u00e9m explicou que o time precisa indicar dois gin\u00e1sios (sedes) extras para a LNF, mas a decis\u00e3o ainda n\u00e3o foi tomada, e algumas cidades da regi\u00e3o est\u00e3o sendo analisadas.<\/p>\n<p style=\"text-align: justify;\" data-track-category=\"Link no Texto\" data-track-links=\"\"><img loading=\"lazy\" decoding=\"async\" class=\"alignnone size-full wp-image-17973\" src=\"https:\/\/jorgezanoni.com.br\/2019\/wp-content\/uploads\/2020\/02\/fut1.jpg\" alt=\"\" width=\"1000\" height=\"887\" srcset=\"https:\/\/jorgezanoni.com.br\/2019\/wp-content\/uploads\/2020\/02\/fut1.jpg 1000w, https:\/\/jorgezanoni.com.br\/2019\/wp-content\/uploads\/2020\/02\/fut1-300x266.jpg 300w, https:\/\/jorgezanoni.com.br\/2019\/wp-content\/uploads\/2020\/02\/fut1-768x681.jpg 768w, https:\/\/jorgezanoni.com.br\/2019\/wp-content\/uploads\/2020\/02\/fut1-696x617.jpg 696w, https:\/\/jorgezanoni.com.br\/2019\/wp-content\/uploads\/2020\/02\/fut1-474x420.jpg 474w\" sizes=\"auto, (max-width: 1000px) 100vw, 1000px\" \/>Preparador de goleiros Kynha est\u00e1 de volta ao Dracena \u2014 Foto: Kynha\/Dracena<\/p>\n<div class=\"mc-column content-text active-extra-styles\" style=\"text-align: justify;\" data-block-type=\"raw\" data-block-weight=\"6\" data-block-id=\"9\">\n<div class=\"content-intertitle\">\n<h2>Veja os nomes confirmados pelo Dracena<\/h2>\n<\/div>\n<\/div>\n<div data-track-category=\"multicontent\" data-track-action=\"ultimo chunk conteudo\" data-track-noninteraction=\"false\" data-track-scroll=\"view\">\n<div class=\"mc-column content-text active-extra-styles\" data-block-type=\"raw\" data-block-weight=\"80\" data-block-id=\"10\">\n<ul class=\"content-unordered-list\" style=\"text-align: justify;\">\n<li><strong>Goleiros:<\/strong>\u00a0Veloso (S\u00e3o Carlos); Pedrinho (com passagem de quatro anos pelo Sorocaba) e Luis (formado no futsal de Irapuru, no Oeste Paulista);<\/li>\n<li><strong>Fixos:<\/strong>\u00a0Paulo Victor (Dracena); Gu Cardozo (S\u00e3o Carlos) e Bruno (ex-Bauru);<\/li>\n<li><strong>Alas:<\/strong>\u00a0Dario, Sandrinho e Tatinho (Dracena); Felipe Reis (S\u00e3o Carlos), Lucas (ex-Pulo do Gato) e Nen\u00ea (ex-Campo Mour\u00e3o);<\/li>\n<li><strong>Piv\u00f4s:<\/strong>\u00a0Rodrigo Gomes e Vitinho (Dracena);<\/li>\n<li><strong>Comiss\u00e3o t\u00e9cnica:<\/strong>\u00a0Cid\u00e3o (supervisor), Bruno Silva (treinador) e Kynha (preparador de goleiros), todos vindos do S\u00e3o Carlos; Victor (preparador f\u00edsico) e Ludmila (fisioterapeuta).<\/li>\n<\/ul>\n<p style=\"text-align: justify;\">Fonte: https:\/\/globoesporte.globo.com\/sp\/presidente-prudente-regiao\/futsal\/noticia\/com-parceria-fechada-futsal-de-dracena-anuncia-14-atletas-e-cinco-integrantes-da-comissao-tecnica.ghtml<\/p>\n<\/div>\n<\/div>\n<\/div>\n","protected":false},"excerpt":{"rendered":"<p>Entre os confirmados, seis jogadores s\u00e3o remanescentes do grupo dracenense de 2019, e outros tr\u00eas chegam do antigo S\u00e3o Carlos, que era mantido pelo novo parceiro. Com a parceria entre\u00a0Dracena e o antigo S\u00e3o Carlos concretizada, o presidente do Dracena, Lucas Henrique Batista divulgou nesta ter\u00e7a-feira (4) uma rela\u00e7\u00e3o com 14 nomes que s\u00e3o dados [&hellip;]<\/p>\n","protected":false},"author":1,"featured_media":17974,"comment_status":"closed","ping_status":"open","sticky":false,"template":"","format":"standard","meta":{"footnotes":""},"categories":[111,110],"tags":[],"class_list":["post-17972","post","type-post","status-publish","format-standard","has-post-thumbnail","hentry","category-esporteecultura","category-noticiasdestaque"],"_links":{"self":[{"href":"https:\/\/jorgezanoni.com.br\/2019\/wp-json\/wp\/v2\/posts\/17972","targetHints":{"allow":["GET"]}}],"collection":[{"href":"https:\/\/jorgezanoni.com.br\/2019\/wp-json\/wp\/v2\/posts"}],"about":[{"href":"https:\/\/jorgezanoni.com.br\/2019\/wp-json\/wp\/v2\/types\/post"}],"author":[{"embeddable":true,"href":"https:\/\/jorgezanoni.com.br\/2019\/wp-json\/wp\/v2\/users\/1"}],"replies":[{"embeddable":true,"href":"https:\/\/jorgezanoni.com.br\/2019\/wp-json\/wp\/v2\/comments?post=17972"}],"version-history":[{"count":0,"href":"https:\/\/jorgezanoni.com.br\/2019\/wp-json\/wp\/v2\/posts\/17972\/revisions"}],"wp:featuredmedia":[{"embeddable":true,"href":"https:\/\/jorgezanoni.com.br\/2019\/wp-json\/wp\/v2\/media\/17974"}],"wp:attachment":[{"href":"https:\/\/jorgezanoni.com.br\/2019\/wp-json\/wp\/v2\/media?parent=17972"}],"wp:term":[{"taxonomy":"category","embeddable":true,"href":"https:\/\/jorgezanoni.com.br\/2019\/wp-json\/wp\/v2\/categories?post=17972"},{"taxonomy":"post_tag","embeddable":true,"href":"https:\/\/jorgezanoni.com.br\/2019\/wp-json\/wp\/v2\/tags?post=17972"}],"curies":[{"name":"wp","href":"https:\/\/api.w.org\/{rel}","templated":true}]}}