{"id":17954,"date":"2020-02-04T22:34:37","date_gmt":"2020-02-04T22:34:37","guid":{"rendered":"https:\/\/jorgezanoni.com.br\/2019\/?p=17954"},"modified":"2020-02-04T22:35:04","modified_gmt":"2020-02-04T22:35:04","slug":"reclamacao-da-populacao-pais-de-alunos-da-escola-joao-vendramini-reclamam-da-situacao-dos-banheiros","status":"publish","type":"post","link":"https:\/\/jorgezanoni.com.br\/2019\/reclamacao-da-populacao-pais-de-alunos-da-escola-joao-vendramini-reclamam-da-situacao-dos-banheiros\/","title":{"rendered":"Reclama\u00e7\u00e3o da Popula\u00e7\u00e3o: Pais de alunos da Escola Jo\u00e3o Vendramini reclamam da situa\u00e7\u00e3o dos banheiros"},"content":{"rendered":"<p>Em plena volta \u00e0s aulas, estado de banheiro da Escola Municipal Jo\u00e3o Vendramini em Dracena, chama a aten\u00e7\u00e3o de pais que enviam fotos para a imprensa. Veja mais detalhes no v\u00eddeo!!!<\/p>\n<div id=\"fb-root\"><\/div>\n<p><script async=\"1\" defer=\"1\" crossorigin=\"anonymous\" src=\"https:\/\/connect.facebook.net\/en_US\/sdk.js#xfbml=1&amp;version=v6.0\"><\/script><\/p>\n<div class=\"fb-video\" data-href=\"https:\/\/www.facebook.com\/jorgezanonidracena\/videos\/894230984327724\/\" data-width=\"696\">\n<blockquote cite=\"https:\/\/www.facebook.com\/jorgezanonidracena\/videos\/894230984327724\/\" class=\"fb-xfbml-parse-ignore\"><p><a href=\"https:\/\/www.facebook.com\/jorgezanonidracena\/videos\/894230984327724\/\">Reclama\u00e7\u00e3o da Popula\u00e7\u00e3o: Pais de alunos da Escola Jo\u00e3o Vendramini reclamam da situa\u00e7\u00e3o dos banheiros<\/a><\/p>\n<p>Reclama\u00e7\u00e3o da Popula\u00e7\u00e3o: Pais de alunos da Escola Jo\u00e3o Vendramini reclamam da situa\u00e7\u00e3o dos banheiros<\/p>\n<p>Posted by <a href=\"https:\/\/www.facebook.com\/jorgezanonidracena\/\">Jorge Zanoni<\/a> on Tuesday, February 4, 2020<\/p><\/blockquote>\n<\/div>\n<p>Imagem de Arquivo<\/p>\n","protected":false},"excerpt":{"rendered":"<p>Em plena volta \u00e0s aulas, estado de banheiro da Escola Municipal Jo\u00e3o Vendramini em Dracena, chama a aten\u00e7\u00e3o de pais que enviam fotos para a imprensa. Veja mais detalhes no v\u00eddeo!!! Reclama\u00e7\u00e3o da Popula\u00e7\u00e3o: Pais de alunos da Escola Jo\u00e3o Vendramini reclamam da situa\u00e7\u00e3o dos banheiros Reclama\u00e7\u00e3o da Popula\u00e7\u00e3o: Pais de alunos da Escola Jo\u00e3o [&hellip;]<\/p>\n","protected":false},"author":1,"featured_media":17955,"comment_status":"closed","ping_status":"open","sticky":false,"template":"","format":"video","meta":{"footnotes":""},"categories":[169],"tags":[],"class_list":["post-17954","post","type-post","status-publish","format-video","has-post-thumbnail","hentry","category-videos","post_format-post-format-video"],"_links":{"self":[{"href":"https:\/\/jorgezanoni.com.br\/2019\/wp-json\/wp\/v2\/posts\/17954","targetHints":{"allow":["GET"]}}],"collection":[{"href":"https:\/\/jorgezanoni.com.br\/2019\/wp-json\/wp\/v2\/posts"}],"about":[{"href":"https:\/\/jorgezanoni.com.br\/2019\/wp-json\/wp\/v2\/types\/post"}],"author":[{"embeddable":true,"href":"https:\/\/jorgezanoni.com.br\/2019\/wp-json\/wp\/v2\/users\/1"}],"replies":[{"embeddable":true,"href":"https:\/\/jorgezanoni.com.br\/2019\/wp-json\/wp\/v2\/comments?post=17954"}],"version-history":[{"count":0,"href":"https:\/\/jorgezanoni.com.br\/2019\/wp-json\/wp\/v2\/posts\/17954\/revisions"}],"wp:featuredmedia":[{"embeddable":true,"href":"https:\/\/jorgezanoni.com.br\/2019\/wp-json\/wp\/v2\/media\/17955"}],"wp:attachment":[{"href":"https:\/\/jorgezanoni.com.br\/2019\/wp-json\/wp\/v2\/media?parent=17954"}],"wp:term":[{"taxonomy":"category","embeddable":true,"href":"https:\/\/jorgezanoni.com.br\/2019\/wp-json\/wp\/v2\/categories?post=17954"},{"taxonomy":"post_tag","embeddable":true,"href":"https:\/\/jorgezanoni.com.br\/2019\/wp-json\/wp\/v2\/tags?post=17954"}],"curies":[{"name":"wp","href":"https:\/\/api.w.org\/{rel}","templated":true}]}}