{"id":17925,"date":"2020-02-04T15:11:28","date_gmt":"2020-02-04T15:11:28","guid":{"rendered":"https:\/\/jorgezanoni.com.br\/2019\/?p=17925"},"modified":"2020-02-04T15:11:28","modified_gmt":"2020-02-04T15:11:28","slug":"prefeitura-de-dracena-suspende-licitacao-de-lixo-hospitalar-apos-representacao-ao-tce","status":"publish","type":"post","link":"https:\/\/jorgezanoni.com.br\/2019\/prefeitura-de-dracena-suspende-licitacao-de-lixo-hospitalar-apos-representacao-ao-tce\/","title":{"rendered":"Prefeitura de Dracena suspende licita\u00e7\u00e3o de lixo hospitalar ap\u00f3s representa\u00e7\u00e3o ao TCE."},"content":{"rendered":"<p style=\"text-align: justify;\">Outra licita\u00e7\u00e3o da Prefeitura de Dracena foi suspensa ap\u00f3s representa\u00e7\u00e3o protocolada por Bruno Brandino. Na ultima quarta-feira (29), Brandino encaminhou representa\u00e7\u00e3o a Corte de Contas Paulistas solicitando an\u00e1lise do edital de licita\u00e7\u00e3o que previa a contrata\u00e7\u00e3o de empresa para coleta, transporte e tratamento adequado do lixo hospitalar, nas unidades publicas de sa\u00fade do munic\u00edpio de Dracena.<\/p>\n<p style=\"text-align: justify;\">Os pontos questionados eram recorrentes, e que em outras ocasi\u00f5es j\u00e1 haviam sido determinantes para suspens\u00e3o de certames licitat\u00f3rios do munic\u00edpio: Indefini\u00e7\u00e3o sobre a possibilidade de subcontrata\u00e7\u00e3o e aus\u00eancia de previs\u00e3o de atualiza\u00e7\u00e3o em caso de inadimplemento.<\/p>\n<p style=\"text-align: justify;\">Contudo, mesmo antes da decis\u00e3o do TCE, na \u00faltima sexta-feira (31), a Prefeitura Municipal de Dracena optou por suspender o preg\u00e3o e encaminh\u00e1-lo ao departamento jur\u00eddico para an\u00e1lise.<\/p>\n<p style=\"text-align: justify;\">Nesta segunda-feira (03), o TCE emitiu julgamento considerando que n\u00e3o vislumbrava motivos para determinar a paraliza\u00e7\u00e3o do certame.\u00a0 Diante dos apontamentos mencionados por Bruno Brandino, tal conclus\u00e3o da Corte n\u00e3o exime a Prefeitura de responsabilidades futuras, uma vez que os questionamentos poder\u00e3o ser revisitados durante a fiscaliza\u00e7\u00e3o\u00a0<em>in loco<\/em>.<\/p>\n<p style=\"text-align: justify;\">Segundo a Conselheira do TCE, Cristiana de Castro Moraes, a suspens\u00e3o \u00e9 provid\u00eancia dr\u00e1stica e excepcional, que somente se legitima ante claras e inequ\u00edvocas impropriedades ou condi\u00e7\u00f5es que, de forma patente, inibam a competitividade, cen\u00e1rio n\u00e3o observado ao menos nesta an\u00e1lise preambular.<\/p>\n<p style=\"text-align: justify;\">Certamente, o respons\u00e1vel deve ter visto motivos que determinaram a suspens\u00e3o ou apenas quis se anteceder ao ter conhecimento da representa\u00e7\u00e3o protocolada?<\/p>\n<p style=\"text-align: justify;\"><a href=\"https:\/\/jornalinterativo.net\/2016\/wp-content\/uploads\/2020\/02\/WhatsApp-Image-2020-02-03-at-16.04.57.jpeg\"><img loading=\"lazy\" decoding=\"async\" class=\"alignnone size-full wp-image-32338 td-animation-stack-type0-2\" src=\"https:\/\/jornalinterativo.net\/2016\/wp-content\/uploads\/2020\/02\/WhatsApp-Image-2020-02-03-at-16.04.57.jpeg\" sizes=\"auto, (max-width: 1280px) 100vw, 1280px\" srcset=\"https:\/\/jornalinterativo.net\/2016\/wp-content\/uploads\/2020\/02\/WhatsApp-Image-2020-02-03-at-16.04.57.jpeg 1280w, https:\/\/jornalinterativo.net\/2016\/wp-content\/uploads\/2020\/02\/WhatsApp-Image-2020-02-03-at-16.04.57-300x71.jpeg 300w, https:\/\/jornalinterativo.net\/2016\/wp-content\/uploads\/2020\/02\/WhatsApp-Image-2020-02-03-at-16.04.57-768x182.jpeg 768w, https:\/\/jornalinterativo.net\/2016\/wp-content\/uploads\/2020\/02\/WhatsApp-Image-2020-02-03-at-16.04.57-1024x242.jpeg 1024w, https:\/\/jornalinterativo.net\/2016\/wp-content\/uploads\/2020\/02\/WhatsApp-Image-2020-02-03-at-16.04.57-696x165.jpeg 696w, https:\/\/jornalinterativo.net\/2016\/wp-content\/uploads\/2020\/02\/WhatsApp-Image-2020-02-03-at-16.04.57-1068x253.jpeg 1068w\" alt=\"\" width=\"1280\" height=\"303\" \/><\/a><\/p>\n<p style=\"text-align: justify;\"><a href=\"https:\/\/jornalinterativo.net\/2016\/wp-content\/uploads\/2020\/02\/WhatsApp-Image-2020-02-03-at-16.05.06.jpeg\"><img loading=\"lazy\" decoding=\"async\" class=\"alignnone size-full wp-image-32339 td-animation-stack-type0-2\" src=\"https:\/\/jornalinterativo.net\/2016\/wp-content\/uploads\/2020\/02\/WhatsApp-Image-2020-02-03-at-16.05.06.jpeg\" sizes=\"auto, (max-width: 905px) 100vw, 905px\" srcset=\"https:\/\/jornalinterativo.net\/2016\/wp-content\/uploads\/2020\/02\/WhatsApp-Image-2020-02-03-at-16.05.06.jpeg 905w, https:\/\/jornalinterativo.net\/2016\/wp-content\/uploads\/2020\/02\/WhatsApp-Image-2020-02-03-at-16.05.06-212x300.jpeg 212w, https:\/\/jornalinterativo.net\/2016\/wp-content\/uploads\/2020\/02\/WhatsApp-Image-2020-02-03-at-16.05.06-768x1086.jpeg 768w, https:\/\/jornalinterativo.net\/2016\/wp-content\/uploads\/2020\/02\/WhatsApp-Image-2020-02-03-at-16.05.06-724x1024.jpeg 724w, https:\/\/jornalinterativo.net\/2016\/wp-content\/uploads\/2020\/02\/WhatsApp-Image-2020-02-03-at-16.05.06-696x984.jpeg 696w, https:\/\/jornalinterativo.net\/2016\/wp-content\/uploads\/2020\/02\/WhatsApp-Image-2020-02-03-at-16.05.06-297x420.jpeg 297w\" alt=\"\" width=\"905\" height=\"1280\" \/><\/a><\/p>\n<p style=\"text-align: justify;\">Fonte: https:\/\/jornalinterativo.net\/2016\/prefeitura-de-dracena-suspende-licitacao-de-lixo-hospitalar-apos-representacao-ao-tce\/<\/p>\n","protected":false},"excerpt":{"rendered":"<p>Outra licita\u00e7\u00e3o da Prefeitura de Dracena foi suspensa ap\u00f3s representa\u00e7\u00e3o protocolada por Bruno Brandino. Na ultima quarta-feira (29), Brandino encaminhou representa\u00e7\u00e3o a Corte de Contas Paulistas solicitando an\u00e1lise do edital de licita\u00e7\u00e3o que previa a contrata\u00e7\u00e3o de empresa para coleta, transporte e tratamento adequado do lixo hospitalar, nas unidades publicas de sa\u00fade do munic\u00edpio de [&hellip;]<\/p>\n","protected":false},"author":1,"featured_media":17926,"comment_status":"closed","ping_status":"open","sticky":false,"template":"","format":"standard","meta":{"footnotes":""},"categories":[179,184],"tags":[],"class_list":["post-17925","post","type-post","status-publish","format-standard","has-post-thumbnail","hentry","category-cidadeseregiao","category-dracena"],"_links":{"self":[{"href":"https:\/\/jorgezanoni.com.br\/2019\/wp-json\/wp\/v2\/posts\/17925","targetHints":{"allow":["GET"]}}],"collection":[{"href":"https:\/\/jorgezanoni.com.br\/2019\/wp-json\/wp\/v2\/posts"}],"about":[{"href":"https:\/\/jorgezanoni.com.br\/2019\/wp-json\/wp\/v2\/types\/post"}],"author":[{"embeddable":true,"href":"https:\/\/jorgezanoni.com.br\/2019\/wp-json\/wp\/v2\/users\/1"}],"replies":[{"embeddable":true,"href":"https:\/\/jorgezanoni.com.br\/2019\/wp-json\/wp\/v2\/comments?post=17925"}],"version-history":[{"count":0,"href":"https:\/\/jorgezanoni.com.br\/2019\/wp-json\/wp\/v2\/posts\/17925\/revisions"}],"wp:featuredmedia":[{"embeddable":true,"href":"https:\/\/jorgezanoni.com.br\/2019\/wp-json\/wp\/v2\/media\/17926"}],"wp:attachment":[{"href":"https:\/\/jorgezanoni.com.br\/2019\/wp-json\/wp\/v2\/media?parent=17925"}],"wp:term":[{"taxonomy":"category","embeddable":true,"href":"https:\/\/jorgezanoni.com.br\/2019\/wp-json\/wp\/v2\/categories?post=17925"},{"taxonomy":"post_tag","embeddable":true,"href":"https:\/\/jorgezanoni.com.br\/2019\/wp-json\/wp\/v2\/tags?post=17925"}],"curies":[{"name":"wp","href":"https:\/\/api.w.org\/{rel}","templated":true}]}}