{"id":17892,"date":"2020-02-03T23:31:58","date_gmt":"2020-02-03T23:31:58","guid":{"rendered":"https:\/\/jorgezanoni.com.br\/2019\/?p=17892"},"modified":"2020-02-03T23:31:58","modified_gmt":"2020-02-03T23:31:58","slug":"amigos-moradores-nos-anos-80-do-jardim-kenedy-tiveram-encontro-neste-final-de-semana","status":"publish","type":"post","link":"https:\/\/jorgezanoni.com.br\/2019\/amigos-moradores-nos-anos-80-do-jardim-kenedy-tiveram-encontro-neste-final-de-semana\/","title":{"rendered":"Amigos moradores nos anos 80 do jardim Kenedy tiveram encontro neste final de semana"},"content":{"rendered":"<p style=\"text-align: justify;\"><strong>Kennedyanos 80, esse \u00e9 o nome do Grupo de amigos que moraram durante os anos 80 no jardim Kenedy em Dracena.<\/strong><\/p>\n<p style=\"text-align: justify;\">Moradores do jardim Kenedy durante os anos 80 que moram em Dracena e outras cidades, tiveram um s\u00e1bado pra l\u00e1 de especial neste final de semana.<\/p>\n<p style=\"text-align: justify;\">Estiveram reunidos em um \u00e1rea de lazer no bairro Portal dos Girass\u00f3is para relembrar os bons tempos que conviveram juntos.<\/p>\n<p style=\"text-align: justify;\">Era uma \u00e9poca de ouro (diz Josemir), um dos integrantes do Grupo, onde curtiram muito essa \u00e9poca, desde os encontros na pracinha do bairro jogando conversa fora e as tradicionais paqueras, at\u00e9 o campo de futebol do bairro. Todos se reuniam para bater um papo gostoso, sadio, onde se guarda com muito boas recorda\u00e7\u00e3o essa fase \u00f3tima da vida.<\/p>\n<p style=\"text-align: justify;\">Este foi praticamente um encontro preliminar, no final do ano j\u00e1 existe planos para um novo encontro, bem maior onde pessoas de Dracena, regi\u00e3o e at\u00e9 outros estados dever\u00e3o comparecer.<\/p>\n<p style=\"text-align: justify;\">Jorge Zanoni<\/p>\n<p style=\"text-align: justify;\">Foto de Internauta<\/p>\n<p>&nbsp;<\/p>\n<p>&nbsp;<\/p>\n","protected":false},"excerpt":{"rendered":"<p>Kennedyanos 80, esse \u00e9 o nome do Grupo de amigos que moraram durante os anos 80 no jardim Kenedy em Dracena. Moradores do jardim Kenedy durante os anos 80 que moram em Dracena e outras cidades, tiveram um s\u00e1bado pra l\u00e1 de especial neste final de semana. Estiveram reunidos em um \u00e1rea de lazer no [&hellip;]<\/p>\n","protected":false},"author":1,"featured_media":17893,"comment_status":"closed","ping_status":"open","sticky":false,"template":"","format":"standard","meta":{"footnotes":""},"categories":[114],"tags":[],"class_list":["post-17892","post","type-post","status-publish","format-standard","has-post-thumbnail","hentry","category-geralecomercio"],"_links":{"self":[{"href":"https:\/\/jorgezanoni.com.br\/2019\/wp-json\/wp\/v2\/posts\/17892","targetHints":{"allow":["GET"]}}],"collection":[{"href":"https:\/\/jorgezanoni.com.br\/2019\/wp-json\/wp\/v2\/posts"}],"about":[{"href":"https:\/\/jorgezanoni.com.br\/2019\/wp-json\/wp\/v2\/types\/post"}],"author":[{"embeddable":true,"href":"https:\/\/jorgezanoni.com.br\/2019\/wp-json\/wp\/v2\/users\/1"}],"replies":[{"embeddable":true,"href":"https:\/\/jorgezanoni.com.br\/2019\/wp-json\/wp\/v2\/comments?post=17892"}],"version-history":[{"count":0,"href":"https:\/\/jorgezanoni.com.br\/2019\/wp-json\/wp\/v2\/posts\/17892\/revisions"}],"wp:featuredmedia":[{"embeddable":true,"href":"https:\/\/jorgezanoni.com.br\/2019\/wp-json\/wp\/v2\/media\/17893"}],"wp:attachment":[{"href":"https:\/\/jorgezanoni.com.br\/2019\/wp-json\/wp\/v2\/media?parent=17892"}],"wp:term":[{"taxonomy":"category","embeddable":true,"href":"https:\/\/jorgezanoni.com.br\/2019\/wp-json\/wp\/v2\/categories?post=17892"},{"taxonomy":"post_tag","embeddable":true,"href":"https:\/\/jorgezanoni.com.br\/2019\/wp-json\/wp\/v2\/tags?post=17892"}],"curies":[{"name":"wp","href":"https:\/\/api.w.org\/{rel}","templated":true}]}}