{"id":17863,"date":"2020-02-03T11:38:11","date_gmt":"2020-02-03T11:38:11","guid":{"rendered":"https:\/\/jorgezanoni.com.br\/2019\/?p=17863"},"modified":"2020-02-03T11:43:18","modified_gmt":"2020-02-03T11:43:18","slug":"falar-mal-dos-outros-o-comentarista-da-vida-alheia","status":"publish","type":"post","link":"https:\/\/jorgezanoni.com.br\/2019\/falar-mal-dos-outros-o-comentarista-da-vida-alheia\/","title":{"rendered":"Falar mal dos outros: o comentarista da vida alheia"},"content":{"rendered":"<p>\u201cA fofoca \u00e9 a muleta dos invejosos&#8221;.<\/p>\n<p>\u00c9 atrav\u00e9s dela que as pessoas pequenas, rasteiras e fracas arrumam for\u00e7as<br \/>\npara tentar derrubar ou destruir aqueles cujo n\u00edvel jamais alcan\u00e7ar\u00e3o.<br \/>\nO lema dos fofoqueiros \u00e9 &#8220;se n\u00e3o consigo chegar ao topo, vou fazer de tudo<br \/>\npara puxar para baixo\u201d.<br \/>\nM\u00e1rio Franco<br \/>\nAndr\u00e9 Lu\u00eds Luengo1<\/p>\n<p>H\u00e1 pessoas que t\u00eam a necessidade de falar mal dos outros.<br \/>\nO motivo \u00e9 que isso faz com que elas se sintam melhores ante as suas<br \/>\npr\u00f3prias inseguran\u00e7as.<br \/>\n\u00c9 isso.<br \/>\nComentar os defeitos e as falhas dos outros (pois todos as temos) \u00e9 uma<br \/>\ntentativa de disfar\u00e7ar as do comentarista. \u00c9 uma forma de tirar o foco, uma<br \/>\nmaneira de fuga ou pior que tudo isso, uma maldade. \u00c9 uma dissimula\u00e7\u00e3o para<br \/>\nparar de pensar nos seus pr\u00f3prios defeitos e falhas.<br \/>\nEsse especialista no elixir panac\u00e9ico da felicidade, da corre\u00e7\u00e3o, quando<br \/>\nprecisa fazer na sua pr\u00f3pria hist\u00f3ria a receita para dar certo, n\u00e3o consegue,<br \/>\nfalha.<br \/>\nQue coisa n\u00e3o!<br \/>\nApresenta a resolu\u00e7\u00e3o para todos os problemas do mundo, mas sequer<br \/>\nconsegue resolver os seus.<br \/>\nCuidado com a pessoa que gosta de fazer da vida alheia a sua pauta<br \/>\nprincipal dos assuntos. \u00c9 importante sabermos que se ele fala mal dos outros<br \/>\npara n\u00f3s, certamente fala mal de n\u00f3s para os outros.<br \/>\nA melhor sa\u00edda \u00e9 afastar-se dessa pessoa repleta de energias negativas.<br \/>\nNa verdade, o ideal seria tentar faz\u00ea-lo enxergar o preju\u00edzo e malef\u00edcios<br \/>\nque isso lhe causa. Mas&#8230;. com certeza ele deve se queixar de todos os<br \/>\nacontecimentos, at\u00e9 dos que talvez lhe tenham sido proveitosos na sua vida.<\/p>\n<p>1 O autor \u00e9 Delegado de Pol\u00edcia do Estado de S\u00e3o Paulo. Professor da Academia de Pol\u00edcia Civil e<\/p>\n<p>Professor Universit\u00e1rio. Contato: luengo.garra@hotmail.com<br \/>\nEnfim, o que ele diz sobre n\u00f3s \u00e9 simplesmente a realidade dele, n\u00e3o a<br \/>\nnossa. A r\u00e9gua dele n\u00e3o serve para nos medir, as vezes \u00e9 muito sinuosa ou<br \/>\nporque n\u00e3o dizer totalmente torta.<br \/>\n\u00c9 dif\u00edcil, mas saibamos conviver com essas pessoas.<br \/>\nNa vida colhemos o que plantamos e pessoas assim vivem no sofrimento<br \/>\ne quase sempre sozinhas, pois esses coment\u00e1rios cansam.<br \/>\nPor isso que as vezes um, dois ou at\u00e9 tr\u00eas os mais casamentos<br \/>\n(relacionamentos) n\u00e3o perduram, como tamb\u00e9m as amizades terminam<br \/>\nrapidamente.<br \/>\nO que sobra? A solid\u00e3o, o desprezo e as vezes nem isso.<br \/>\nFa\u00e7amos uma reflex\u00e3o: quais s\u00e3o as nossas amizades (constante) que<br \/>\nperduram? Os nossos ex (companheiros, colegas de profiss\u00e3o, vizinhos etc)<br \/>\ncontinuam nos considerando? O nosso c\u00edrculo de amigos se resume ao nosso<br \/>\ntrabalho e prov\u00e1vel ascend\u00eancia sobre eles?<br \/>\n\u00c9 meu amigo, talvez lendo este texto voc\u00ea tenha enxergado nas<br \/>\nentrelinhas a pessoa que se enquadra no conceito do comentarista da vida<br \/>\nalheia. Ainda que com o passar do tempo a gente se aperceba que as opini\u00f5es<br \/>\ndos outros s\u00e3o simplesmente dos outros e s\u00f3.<br \/>\nPor isso devemos pensar al\u00e9m do poder das palavras, refletindo de<br \/>\nquem elas partem e se elas bendizem ou maldizem.<br \/>\nAs que maldizem devem ser esquecidas, para nada servem, n\u00e3o nos<br \/>\nedificam.<br \/>\nMas \u00e9 bom fazermos a nossa reflex\u00e3o. Saber no que erramos, pois n\u00e3o<br \/>\ntendo compromisso com o erro sempre poderemos buscar o acerto, inclusive<br \/>\nretificando os nossos comportamentos. Isso colabora com o nosso crescimento,<br \/>\nainda mais quando esse julgamento vem de pessoa que temos considera\u00e7\u00e3o e<br \/>\nrespeito. Ela nos conhece e quer o nosso bem.<br \/>\nAt\u00e9 porque t\u00eam pessoas que somente sabem elogiar e concordar com<br \/>\ntudo e todos. Estas tamb\u00e9m n\u00e3o t\u00eam como contribuir para a nossa evolu\u00e7\u00e3o.<br \/>\nEnt\u00e3o \u00e9 bom sabermos que nem sempre as pessoas retribuem do<br \/>\nmesmo modo como agimos. Mas o que nos prejudicam as cr\u00edticas destrutivas<br \/>\nquando a nossa consci\u00eancia nos tranquiliza e nos alavanca sempre \u00e0 frente, \u00e0s<br \/>\nconquistas, ao sucesso. Am\u00e9m.<br \/>\nBoa semana a todos, com muita sa\u00fade e paz<\/p>\n","protected":false},"excerpt":{"rendered":"<p>\u201cA fofoca \u00e9 a muleta dos invejosos&#8221;. \u00c9 atrav\u00e9s dela que as pessoas pequenas, rasteiras e fracas arrumam for\u00e7as para tentar derrubar ou destruir aqueles cujo n\u00edvel jamais alcan\u00e7ar\u00e3o. O lema dos fofoqueiros \u00e9 &#8220;se n\u00e3o consigo chegar ao topo, vou fazer de tudo para puxar para baixo\u201d. M\u00e1rio Franco Andr\u00e9 Lu\u00eds Luengo1 H\u00e1 pessoas [&hellip;]<\/p>\n","protected":false},"author":1,"featured_media":17864,"comment_status":"closed","ping_status":"open","sticky":false,"template":"","format":"standard","meta":{"footnotes":""},"categories":[175],"tags":[],"class_list":["post-17863","post","type-post","status-publish","format-standard","has-post-thumbnail","hentry","category-artigos"],"_links":{"self":[{"href":"https:\/\/jorgezanoni.com.br\/2019\/wp-json\/wp\/v2\/posts\/17863","targetHints":{"allow":["GET"]}}],"collection":[{"href":"https:\/\/jorgezanoni.com.br\/2019\/wp-json\/wp\/v2\/posts"}],"about":[{"href":"https:\/\/jorgezanoni.com.br\/2019\/wp-json\/wp\/v2\/types\/post"}],"author":[{"embeddable":true,"href":"https:\/\/jorgezanoni.com.br\/2019\/wp-json\/wp\/v2\/users\/1"}],"replies":[{"embeddable":true,"href":"https:\/\/jorgezanoni.com.br\/2019\/wp-json\/wp\/v2\/comments?post=17863"}],"version-history":[{"count":0,"href":"https:\/\/jorgezanoni.com.br\/2019\/wp-json\/wp\/v2\/posts\/17863\/revisions"}],"wp:featuredmedia":[{"embeddable":true,"href":"https:\/\/jorgezanoni.com.br\/2019\/wp-json\/wp\/v2\/media\/17864"}],"wp:attachment":[{"href":"https:\/\/jorgezanoni.com.br\/2019\/wp-json\/wp\/v2\/media?parent=17863"}],"wp:term":[{"taxonomy":"category","embeddable":true,"href":"https:\/\/jorgezanoni.com.br\/2019\/wp-json\/wp\/v2\/categories?post=17863"},{"taxonomy":"post_tag","embeddable":true,"href":"https:\/\/jorgezanoni.com.br\/2019\/wp-json\/wp\/v2\/tags?post=17863"}],"curies":[{"name":"wp","href":"https:\/\/api.w.org\/{rel}","templated":true}]}}