{"id":17825,"date":"2020-02-02T23:41:46","date_gmt":"2020-02-02T23:41:46","guid":{"rendered":"https:\/\/jorgezanoni.com.br\/2019\/?p=17825"},"modified":"2020-02-02T23:41:46","modified_gmt":"2020-02-02T23:41:46","slug":"morre-o-ex-vereador-serginho-hassegawa-de-florida-paulista","status":"publish","type":"post","link":"https:\/\/jorgezanoni.com.br\/2019\/morre-o-ex-vereador-serginho-hassegawa-de-florida-paulista\/","title":{"rendered":"Morre o ex-vereador S\u00e9rginho Hassegawa de Fl\u00f3rida Paulista"},"content":{"rendered":"<p style=\"text-align: justify;\">Faleceu na tarde deste domingo (2), o ex-vereador floridense Sergio Hassegawa, popular e carinhosamente chamado pelos amigos de \u201cSerginho Hassegawa\u201d.<\/p>\n<p style=\"text-align: justify;\">Ele foi vereador por dois mandatos 1997 a 2000 \/ 2001 a 2004 e sempre atuou ativamente na Col\u00f4nia Japonesa.<\/p>\n<p style=\"text-align: justify;\">Segundo informa\u00e7\u00f5es apuradas pela nossa reportagem, ele estava em um baile forr\u00f3 na cidade de Adamantina onde passou mal, chegou a ser socorrido, mas n\u00e3o resistiu e acabou falecendo.<\/p>\n<p style=\"text-align: justify;\">A morte foi confirmada pela senhora Toshiko Hassegawa, esposa de Serginho momentos antes da postagem desta not\u00edcia.<\/p>\n<p style=\"text-align: justify;\">Ainda n\u00e3o foi divulgada a causa morte, por\u00e9m, acredita-se que o floridense tenha sofrido um infarto.<\/p>\n<p style=\"text-align: justify;\">A equipe da Folha Regional lamenta a triste partida e se solidariza com os familiares.<\/p>\n<p style=\"text-align: justify;\">Fonte: Folha Regional<\/p>\n","protected":false},"excerpt":{"rendered":"<p>Faleceu na tarde deste domingo (2), o ex-vereador floridense Sergio Hassegawa, popular e carinhosamente chamado pelos amigos de \u201cSerginho Hassegawa\u201d. Ele foi vereador por dois mandatos 1997 a 2000 \/ 2001 a 2004 e sempre atuou ativamente na Col\u00f4nia Japonesa. Segundo informa\u00e7\u00f5es apuradas pela nossa reportagem, ele estava em um baile forr\u00f3 na cidade de [&hellip;]<\/p>\n","protected":false},"author":1,"featured_media":17826,"comment_status":"closed","ping_status":"open","sticky":false,"template":"","format":"standard","meta":{"footnotes":""},"categories":[178],"tags":[],"class_list":["post-17825","post","type-post","status-publish","format-standard","has-post-thumbnail","hentry","category-notadefalecimento"],"_links":{"self":[{"href":"https:\/\/jorgezanoni.com.br\/2019\/wp-json\/wp\/v2\/posts\/17825","targetHints":{"allow":["GET"]}}],"collection":[{"href":"https:\/\/jorgezanoni.com.br\/2019\/wp-json\/wp\/v2\/posts"}],"about":[{"href":"https:\/\/jorgezanoni.com.br\/2019\/wp-json\/wp\/v2\/types\/post"}],"author":[{"embeddable":true,"href":"https:\/\/jorgezanoni.com.br\/2019\/wp-json\/wp\/v2\/users\/1"}],"replies":[{"embeddable":true,"href":"https:\/\/jorgezanoni.com.br\/2019\/wp-json\/wp\/v2\/comments?post=17825"}],"version-history":[{"count":0,"href":"https:\/\/jorgezanoni.com.br\/2019\/wp-json\/wp\/v2\/posts\/17825\/revisions"}],"wp:featuredmedia":[{"embeddable":true,"href":"https:\/\/jorgezanoni.com.br\/2019\/wp-json\/wp\/v2\/media\/17826"}],"wp:attachment":[{"href":"https:\/\/jorgezanoni.com.br\/2019\/wp-json\/wp\/v2\/media?parent=17825"}],"wp:term":[{"taxonomy":"category","embeddable":true,"href":"https:\/\/jorgezanoni.com.br\/2019\/wp-json\/wp\/v2\/categories?post=17825"},{"taxonomy":"post_tag","embeddable":true,"href":"https:\/\/jorgezanoni.com.br\/2019\/wp-json\/wp\/v2\/tags?post=17825"}],"curies":[{"name":"wp","href":"https:\/\/api.w.org\/{rel}","templated":true}]}}