{"id":17808,"date":"2020-02-01T20:44:09","date_gmt":"2020-02-01T20:44:09","guid":{"rendered":"https:\/\/jorgezanoni.com.br\/2019\/?p=17808"},"modified":"2020-02-01T20:44:09","modified_gmt":"2020-02-01T20:44:09","slug":"vereador-de-inubia-paulista-apresenta-projeto-de-reducao-de-salario-para-a-proxima-legislacao","status":"publish","type":"post","link":"https:\/\/jorgezanoni.com.br\/2019\/vereador-de-inubia-paulista-apresenta-projeto-de-reducao-de-salario-para-a-proxima-legislacao\/","title":{"rendered":"Vereador de In\u00fabia Paulista apresenta projeto de redu\u00e7\u00e3o de Sal\u00e1rio para a pr\u00f3xima legisla\u00e7\u00e3o"},"content":{"rendered":"<p style=\"text-align: justify;\"><strong>O atual sal\u00e1rio dos vereadores da cidade \u00e9 de R$2.200,00; Se for aprovado, os vereadores ir\u00e3o receber um sal\u00e1rio m\u00ednimo.<\/strong><\/p>\n<p style=\"text-align: justify;\">O assunto que vem tomando conta da pequena de cidade In\u00fabia Paulista \u00e9 o Projeto de Lei de Redu\u00e7\u00e3o Salarial para os novos vereadores a partir de 2021, apresentado na C\u00e2mara Municipal. O projeto \u00e9 de autoria do vereador Jo\u00e3o Carlos de Almeida (PSDB), o Jo\u00e3ozinho do Esporte.<\/p>\n<p style=\"text-align: justify;\">A proposta apresentada pelo vereador \u00e9 que os vereadores da nova legisla\u00e7\u00e3o a partir de 2021 passem a ganhar um sal\u00e1rio m\u00ednimo e o presidente da Casa de Leis passe a receber um sal\u00e1rio m\u00ednimo e meio. O atual sal\u00e1rio dos vereadores da cidade \u00e9 de R$2.200,00.<\/p>\n<p style=\"text-align: justify;\">Em entrevista para a reportagem do portal Metr\u00f3pole de Not\u00edcias, o vereador disse que se aprovado, a C\u00e2mara Municipal de In\u00fabia Paulista ir\u00e1 economizar cerca de meio milh\u00e3o de reais em quatro anos, dinheiro este que pode ser voltado para a sa\u00fade do munic\u00edpio.<\/p>\n<p style=\"text-align: justify;\">Diferentemente de outros projetos apresentados pelo Brasil quando o assunto \u00e9 redu\u00e7\u00e3o salarial de vereadores, este n\u00e3o inclui secret\u00e1rios, vice-prefeito e prefeito e o vereador explicou o motivo.\u00a0<em>&#8220;Para alterar o sal\u00e1rio do prefeito, n\u00f3s estar\u00edamos causando preju\u00edzo aos mun\u00edcipes pois os sal\u00e1rios dos m\u00e9dicos dos PSFs s\u00e3o baseados no sal\u00e1rio do prefeito, por isso preferi n\u00e3o incluir no projeto os sal\u00e1rios de prefeito e vice e nem secretariados.&#8221;.<\/em><\/p>\n<p style=\"text-align: justify;\">Para o projeto entrar em vota\u00e7\u00e3o ele precisa do parecer do setor jur\u00eddico da Casa e assim o presidente Geanc\u00e1ssio de Oliveira Martins decidir\u00e1 uma data para vota\u00e7\u00e3o do projeto. O regimento interno da C\u00e2mara diz que o projeto precisa ser votado at\u00e9 30 dias antes das elei\u00e7\u00f5es.<\/p>\n<p style=\"text-align: justify;\">Fonte: fmmetropole.com.br<\/p>\n","protected":false},"excerpt":{"rendered":"<p>O atual sal\u00e1rio dos vereadores da cidade \u00e9 de R$2.200,00; Se for aprovado, os vereadores ir\u00e3o receber um sal\u00e1rio m\u00ednimo. O assunto que vem tomando conta da pequena de cidade In\u00fabia Paulista \u00e9 o Projeto de Lei de Redu\u00e7\u00e3o Salarial para os novos vereadores a partir de 2021, apresentado na C\u00e2mara Municipal. O projeto \u00e9 [&hellip;]<\/p>\n","protected":false},"author":1,"featured_media":17809,"comment_status":"closed","ping_status":"open","sticky":false,"template":"","format":"standard","meta":{"footnotes":""},"categories":[110,116],"tags":[],"class_list":["post-17808","post","type-post","status-publish","format-standard","has-post-thumbnail","hentry","category-noticiasdestaque","category-politicaeeconomia"],"_links":{"self":[{"href":"https:\/\/jorgezanoni.com.br\/2019\/wp-json\/wp\/v2\/posts\/17808","targetHints":{"allow":["GET"]}}],"collection":[{"href":"https:\/\/jorgezanoni.com.br\/2019\/wp-json\/wp\/v2\/posts"}],"about":[{"href":"https:\/\/jorgezanoni.com.br\/2019\/wp-json\/wp\/v2\/types\/post"}],"author":[{"embeddable":true,"href":"https:\/\/jorgezanoni.com.br\/2019\/wp-json\/wp\/v2\/users\/1"}],"replies":[{"embeddable":true,"href":"https:\/\/jorgezanoni.com.br\/2019\/wp-json\/wp\/v2\/comments?post=17808"}],"version-history":[{"count":0,"href":"https:\/\/jorgezanoni.com.br\/2019\/wp-json\/wp\/v2\/posts\/17808\/revisions"}],"wp:featuredmedia":[{"embeddable":true,"href":"https:\/\/jorgezanoni.com.br\/2019\/wp-json\/wp\/v2\/media\/17809"}],"wp:attachment":[{"href":"https:\/\/jorgezanoni.com.br\/2019\/wp-json\/wp\/v2\/media?parent=17808"}],"wp:term":[{"taxonomy":"category","embeddable":true,"href":"https:\/\/jorgezanoni.com.br\/2019\/wp-json\/wp\/v2\/categories?post=17808"},{"taxonomy":"post_tag","embeddable":true,"href":"https:\/\/jorgezanoni.com.br\/2019\/wp-json\/wp\/v2\/tags?post=17808"}],"curies":[{"name":"wp","href":"https:\/\/api.w.org\/{rel}","templated":true}]}}