{"id":17805,"date":"2020-02-01T20:23:18","date_gmt":"2020-02-01T20:23:18","guid":{"rendered":"https:\/\/jorgezanoni.com.br\/2019\/?p=17805"},"modified":"2020-02-01T20:23:56","modified_gmt":"2020-02-01T20:23:56","slug":"governo-de-sp-nomeia-250-delegados-de-policia","status":"publish","type":"post","link":"https:\/\/jorgezanoni.com.br\/2019\/governo-de-sp-nomeia-250-delegados-de-policia\/","title":{"rendered":"Governo de SP nomeia 250 delegados de policia"},"content":{"rendered":"<h2 class=\"subtitulo\" style=\"text-align: justify;\"><strong>Os profissionais ap\u00f3s formados, refor\u00e7ar\u00e3o as delegacias em todo o Estado.<\/strong><\/h2>\n<p style=\"font-weight: 400; text-align: justify;\">O Governador Jo\u00e3o Doria nomeou 250 aprovados em concurso p\u00fablico para a carreira de delegado de pol\u00edcia. As nomea\u00e7\u00f5es foram publicadas, na edi\u00e7\u00e3o deste s\u00e1bado (1\u00ba), no Di\u00e1rio Oficial do Estado (DOE).<\/p>\n<p style=\"font-weight: 400; text-align: justify;\">A pr\u00f3xima etapa ser\u00e1 a posse dos nomeados, que deve acontecer dentro de aproximadamente 15 dias. Em seguida, os novos policiais iniciar\u00e3o o curso na Academia da Pol\u00edcia Civil (Acadepol).<\/p>\n<p style=\"font-weight: 400; text-align: justify;\">Ap\u00f3s a forma\u00e7\u00e3o, os alunos passar\u00e3o por um per\u00edodo de est\u00e1gio probat\u00f3rio. Os novos policiais ser\u00e3o designados para refor\u00e7ar o efetivo das unidades da pol\u00edcia civil de todo o Estado.<\/p>\n<p style=\"font-weight: 400; text-align: justify;\"><b><strong>Refor\u00e7o de efetivo na Pol\u00edcia Civil<\/strong><\/b><\/p>\n<p style=\"font-weight: 400; text-align: justify;\">Atualmente, j\u00e1 est\u00e3o em forma\u00e7\u00e3o mais de 1,4 mil novos policiais civis, sendo 166 papiloscopistas, 109 auxiliares de papiloscopista, 239 agentes de telecomunica\u00e7\u00f5es, 312 agentes policiais e 617 escriv\u00e3es.<\/p>\n<p style=\"font-weight: 400; text-align: justify;\">Al\u00e9m disso, h\u00e1 concursos em andamento para preencher 600 vagas de investigadores da Pol\u00edcia Civil. A distribui\u00e7\u00e3o do efetivo \u00e9 feita ap\u00f3s a formatura. O objetivo \u00e9 programar a reposi\u00e7\u00e3o do efetivo.<\/p>\n<p style=\"text-align: justify;\">Fonte: Assessoria de Imprensa Governo do Estado<\/p>\n","protected":false},"excerpt":{"rendered":"<p>Os profissionais ap\u00f3s formados, refor\u00e7ar\u00e3o as delegacias em todo o Estado. O Governador Jo\u00e3o Doria nomeou 250 aprovados em concurso p\u00fablico para a carreira de delegado de pol\u00edcia. As nomea\u00e7\u00f5es foram publicadas, na edi\u00e7\u00e3o deste s\u00e1bado (1\u00ba), no Di\u00e1rio Oficial do Estado (DOE). A pr\u00f3xima etapa ser\u00e1 a posse dos nomeados, que deve acontecer dentro [&hellip;]<\/p>\n","protected":false},"author":1,"featured_media":17806,"comment_status":"closed","ping_status":"open","sticky":false,"template":"","format":"standard","meta":{"footnotes":""},"categories":[110,2],"tags":[],"class_list":["post-17805","post","type-post","status-publish","format-standard","has-post-thumbnail","hentry","category-noticiasdestaque","category-policial"],"_links":{"self":[{"href":"https:\/\/jorgezanoni.com.br\/2019\/wp-json\/wp\/v2\/posts\/17805","targetHints":{"allow":["GET"]}}],"collection":[{"href":"https:\/\/jorgezanoni.com.br\/2019\/wp-json\/wp\/v2\/posts"}],"about":[{"href":"https:\/\/jorgezanoni.com.br\/2019\/wp-json\/wp\/v2\/types\/post"}],"author":[{"embeddable":true,"href":"https:\/\/jorgezanoni.com.br\/2019\/wp-json\/wp\/v2\/users\/1"}],"replies":[{"embeddable":true,"href":"https:\/\/jorgezanoni.com.br\/2019\/wp-json\/wp\/v2\/comments?post=17805"}],"version-history":[{"count":0,"href":"https:\/\/jorgezanoni.com.br\/2019\/wp-json\/wp\/v2\/posts\/17805\/revisions"}],"wp:featuredmedia":[{"embeddable":true,"href":"https:\/\/jorgezanoni.com.br\/2019\/wp-json\/wp\/v2\/media\/17806"}],"wp:attachment":[{"href":"https:\/\/jorgezanoni.com.br\/2019\/wp-json\/wp\/v2\/media?parent=17805"}],"wp:term":[{"taxonomy":"category","embeddable":true,"href":"https:\/\/jorgezanoni.com.br\/2019\/wp-json\/wp\/v2\/categories?post=17805"},{"taxonomy":"post_tag","embeddable":true,"href":"https:\/\/jorgezanoni.com.br\/2019\/wp-json\/wp\/v2\/tags?post=17805"}],"curies":[{"name":"wp","href":"https:\/\/api.w.org\/{rel}","templated":true}]}}