{"id":17793,"date":"2020-02-01T16:49:56","date_gmt":"2020-02-01T16:49:56","guid":{"rendered":"https:\/\/jorgezanoni.com.br\/2019\/?p=17793"},"modified":"2020-02-01T16:49:56","modified_gmt":"2020-02-01T16:49:56","slug":"cachorro-perdido-esta-em-sitio-no-aguardo-do-seu-dono","status":"publish","type":"post","link":"https:\/\/jorgezanoni.com.br\/2019\/cachorro-perdido-esta-em-sitio-no-aguardo-do-seu-dono\/","title":{"rendered":"Cachorro perdido est\u00e1 em sitio no aguardo do seu dono"},"content":{"rendered":"<p style=\"text-align: justify;\">Desde a segunda-feira (20), portanto praticamente h\u00e1 duas semanas, este cachorro da foto est\u00e1 no s\u00edtio do sr. Pedro Sato, na entrada da fazenda S\u00e3o Paulo no bairro Java Paulista.<\/p>\n<p><img loading=\"lazy\" decoding=\"async\" class=\"alignnone size-full wp-image-17795\" src=\"https:\/\/jorgezanoni.com.br\/2019\/wp-content\/uploads\/2020\/02\/cachorro2-2.jpg\" alt=\"\" width=\"1081\" height=\"686\" srcset=\"https:\/\/jorgezanoni.com.br\/2019\/wp-content\/uploads\/2020\/02\/cachorro2-2.jpg 1081w, https:\/\/jorgezanoni.com.br\/2019\/wp-content\/uploads\/2020\/02\/cachorro2-2-300x190.jpg 300w, https:\/\/jorgezanoni.com.br\/2019\/wp-content\/uploads\/2020\/02\/cachorro2-2-768x487.jpg 768w, https:\/\/jorgezanoni.com.br\/2019\/wp-content\/uploads\/2020\/02\/cachorro2-2-1024x650.jpg 1024w, https:\/\/jorgezanoni.com.br\/2019\/wp-content\/uploads\/2020\/02\/cachorro2-2-696x442.jpg 696w, https:\/\/jorgezanoni.com.br\/2019\/wp-content\/uploads\/2020\/02\/cachorro2-2-1068x678.jpg 1068w, https:\/\/jorgezanoni.com.br\/2019\/wp-content\/uploads\/2020\/02\/cachorro2-2-662x420.jpg 662w\" sizes=\"auto, (max-width: 1081px) 100vw, 1081px\" \/><\/p>\n<p style=\"text-align: justify;\">A pessoa que est\u00e1 cuidando, disse n\u00e3o ter condi\u00e7\u00f5es, est\u00e1 tratando dele com sobras nas panelas. O animal pode ter sido abandonado, chegou bravo no s\u00edtio, agora dado as condi\u00e7\u00f5es recebidas est\u00e1 mais manso.<\/p>\n<p style=\"text-align: justify;\">Parece ser cego dos dois olhos, pois tem olhos brancos e possivelmente foi atacado por outro animal, pois est\u00e1 com uma das orelhas bem machucada. Ele andava pelo s\u00edtio, agora est\u00e1 preso.<\/p>\n<p style=\"text-align: justify;\">O Propriet\u00e1rio ou algu\u00e9m que possa cuidar ou adotar, favor entrar em contato atrav\u00e9s do Cel. 99652 9985.<\/p>\n<p style=\"text-align: justify;\">\n<p>&nbsp;<\/p>\n<p>&nbsp;<\/p>\n","protected":false},"excerpt":{"rendered":"<p>Desde a segunda-feira (20), portanto praticamente h\u00e1 duas semanas, este cachorro da foto est\u00e1 no s\u00edtio do sr. Pedro Sato, na entrada da fazenda S\u00e3o Paulo no bairro Java Paulista. A pessoa que est\u00e1 cuidando, disse n\u00e3o ter condi\u00e7\u00f5es, est\u00e1 tratando dele com sobras nas panelas. O animal pode ter sido abandonado, chegou bravo no [&hellip;]<\/p>\n","protected":false},"author":1,"featured_media":17794,"comment_status":"closed","ping_status":"open","sticky":false,"template":"","format":"standard","meta":{"footnotes":""},"categories":[182],"tags":[],"class_list":["post-17793","post","type-post","status-publish","format-standard","has-post-thumbnail","hentry","category-classificadosachadoseperdidos"],"_links":{"self":[{"href":"https:\/\/jorgezanoni.com.br\/2019\/wp-json\/wp\/v2\/posts\/17793","targetHints":{"allow":["GET"]}}],"collection":[{"href":"https:\/\/jorgezanoni.com.br\/2019\/wp-json\/wp\/v2\/posts"}],"about":[{"href":"https:\/\/jorgezanoni.com.br\/2019\/wp-json\/wp\/v2\/types\/post"}],"author":[{"embeddable":true,"href":"https:\/\/jorgezanoni.com.br\/2019\/wp-json\/wp\/v2\/users\/1"}],"replies":[{"embeddable":true,"href":"https:\/\/jorgezanoni.com.br\/2019\/wp-json\/wp\/v2\/comments?post=17793"}],"version-history":[{"count":0,"href":"https:\/\/jorgezanoni.com.br\/2019\/wp-json\/wp\/v2\/posts\/17793\/revisions"}],"wp:featuredmedia":[{"embeddable":true,"href":"https:\/\/jorgezanoni.com.br\/2019\/wp-json\/wp\/v2\/media\/17794"}],"wp:attachment":[{"href":"https:\/\/jorgezanoni.com.br\/2019\/wp-json\/wp\/v2\/media?parent=17793"}],"wp:term":[{"taxonomy":"category","embeddable":true,"href":"https:\/\/jorgezanoni.com.br\/2019\/wp-json\/wp\/v2\/categories?post=17793"},{"taxonomy":"post_tag","embeddable":true,"href":"https:\/\/jorgezanoni.com.br\/2019\/wp-json\/wp\/v2\/tags?post=17793"}],"curies":[{"name":"wp","href":"https:\/\/api.w.org\/{rel}","templated":true}]}}