{"id":1777,"date":"2019-07-22T23:59:24","date_gmt":"2019-07-22T23:59:24","guid":{"rendered":"http:\/\/jorgezanoni.com.br\/2019\/?p=1777"},"modified":"2019-07-23T00:01:31","modified_gmt":"2019-07-23T00:01:31","slug":"cachorro-comparece-a-julgamento-como-vitima-de-maus-tratos-na-costa-rica","status":"publish","type":"post","link":"https:\/\/jorgezanoni.com.br\/2019\/cachorro-comparece-a-julgamento-como-vitima-de-maus-tratos-na-costa-rica\/","title":{"rendered":"Cachorro comparece a julgamento como v\u00edtima de maus-tratos na Costa Rica"},"content":{"rendered":"<div class=\"row content-head non-featured \">\n<div class=\"medium-centered subtitle\">\n<h2 class=\"content-head__subtitle\"><strong>Quando ainda era filhote, &#8216;Campe\u00e3o&#8217; foi amarrado at\u00e9 que corda afundasse na carne de seu pesco\u00e7o e sofreu com desnutri\u00e7\u00e3o e pulgas. Ap\u00f3s resgate, ele passou por tratamento e foi adotado; antiga dona pode receber pena de tr\u00eas anos de pris\u00e3o.<\/strong><\/h2>\n<div class=\"mc-column content-text active-extra-styles \" data-block-type=\"unstyled\" data-block-weight=\"37\" data-block-id=\"2\">\n<p class=\"content-text__container \" data-track-category=\"Link no Texto\" data-track-links=\"\">&#8220;Campe\u00e3o&#8221;, um cachorro d\u00f3cil de dois anos e dois meses, se tornou nesta segunda-feira (22), na cidade costa-riquenha de Atenas, o primeiro animal na Am\u00e9rica Latina a assistir como v\u00edtima de maus-tratos ao julgamento de sua ex-dona.<\/p>\n<\/div>\n<div class=\"wall protected-content\">\n<div class=\"mc-column content-text active-extra-styles \" data-block-type=\"unstyled\" data-block-weight=\"50\" data-block-id=\"3\">\n<p class=\"content-text__container \" data-track-category=\"Link no Texto\" data-track-links=\"\">O presidente do tribunal dessa cidade, situada a 35 km de San Jos\u00e9, advertiu que n\u00e3o toleraria nenhum tipo de desordem. Campe\u00e3o seguiu as ordens: com exce\u00e7\u00e3o de um pequeno latido, se comportou muito bem na sala do tribunal, que estava cheia de pessoas que foram apoiar a v\u00edtima.<\/p>\n<p data-track-category=\"Link no Texto\" data-track-links=\"\"><img loading=\"lazy\" decoding=\"async\" class=\"alignnone size-full wp-image-1780\" src=\"http:\/\/jorgezanoni.com.br\/2019\/wp-content\/uploads\/2019\/07\/c\u00e3o1-1.jpg\" alt=\"\" width=\"1600\" height=\"1002\" srcset=\"https:\/\/jorgezanoni.com.br\/2019\/wp-content\/uploads\/2019\/07\/c\u00e3o1-1.jpg 1600w, https:\/\/jorgezanoni.com.br\/2019\/wp-content\/uploads\/2019\/07\/c\u00e3o1-1-300x188.jpg 300w, https:\/\/jorgezanoni.com.br\/2019\/wp-content\/uploads\/2019\/07\/c\u00e3o1-1-768x481.jpg 768w, https:\/\/jorgezanoni.com.br\/2019\/wp-content\/uploads\/2019\/07\/c\u00e3o1-1-1024x641.jpg 1024w, https:\/\/jorgezanoni.com.br\/2019\/wp-content\/uploads\/2019\/07\/c\u00e3o1-1-696x436.jpg 696w, https:\/\/jorgezanoni.com.br\/2019\/wp-content\/uploads\/2019\/07\/c\u00e3o1-1-1068x669.jpg 1068w, https:\/\/jorgezanoni.com.br\/2019\/wp-content\/uploads\/2019\/07\/c\u00e3o1-1-671x420.jpg 671w\" sizes=\"auto, (max-width: 1600px) 100vw, 1600px\" \/><\/p>\n<p data-track-category=\"Link no Texto\" data-track-links=\"\">Em novembro de 2017, o c\u00e3ozinho ainda n\u00e3o se chamava Campe\u00e3o. Tinha apenas seis meses e respondia pelo nome de Tyson quando foi amarrado com uma corda que afundou na carne de seu pesco\u00e7o. Tamb\u00e9m estava desnutrido, magro e coberto de pulgas.<\/p>\n<p data-track-category=\"Link no Texto\" data-track-links=\"\">A presidente da Funda\u00e7\u00e3o Ateniense de Ajuda a Animais Abandonados, Dora Castro, detalhou nesta segunda-feira ao tribunal que foi alertada por um dos irm\u00e3os da dona, que lhe enviou um v\u00eddeo que mostrava como o cachorro era tratado.<\/p>\n<p data-track-category=\"Link no Texto\" data-track-links=\"\"><img loading=\"lazy\" decoding=\"async\" class=\"alignnone size-full wp-image-1783\" src=\"http:\/\/jorgezanoni.com.br\/2019\/wp-content\/uploads\/2019\/07\/c\u00e3o2-1.jpg\" alt=\"\" width=\"1600\" height=\"1002\" srcset=\"https:\/\/jorgezanoni.com.br\/2019\/wp-content\/uploads\/2019\/07\/c\u00e3o2-1.jpg 1600w, https:\/\/jorgezanoni.com.br\/2019\/wp-content\/uploads\/2019\/07\/c\u00e3o2-1-300x188.jpg 300w, https:\/\/jorgezanoni.com.br\/2019\/wp-content\/uploads\/2019\/07\/c\u00e3o2-1-768x481.jpg 768w, https:\/\/jorgezanoni.com.br\/2019\/wp-content\/uploads\/2019\/07\/c\u00e3o2-1-1024x641.jpg 1024w, https:\/\/jorgezanoni.com.br\/2019\/wp-content\/uploads\/2019\/07\/c\u00e3o2-1-696x436.jpg 696w, https:\/\/jorgezanoni.com.br\/2019\/wp-content\/uploads\/2019\/07\/c\u00e3o2-1-1068x669.jpg 1068w, https:\/\/jorgezanoni.com.br\/2019\/wp-content\/uploads\/2019\/07\/c\u00e3o2-1-671x420.jpg 671w\" sizes=\"auto, (max-width: 1600px) 100vw, 1600px\" \/><\/p>\n<p data-track-category=\"Link no Texto\" data-track-links=\"\">Castro ent\u00e3o pegou o animal e o levou a um veterin\u00e1rio, onde teve que receber atendimento durante cerca de 20 dias.<img loading=\"lazy\" decoding=\"async\" class=\"alignnone size-full wp-image-1785\" src=\"http:\/\/jorgezanoni.com.br\/2019\/wp-content\/uploads\/2019\/07\/c\u00e3o3-1.jpg\" alt=\"\" width=\"1600\" height=\"1002\" srcset=\"https:\/\/jorgezanoni.com.br\/2019\/wp-content\/uploads\/2019\/07\/c\u00e3o3-1.jpg 1600w, https:\/\/jorgezanoni.com.br\/2019\/wp-content\/uploads\/2019\/07\/c\u00e3o3-1-300x188.jpg 300w, https:\/\/jorgezanoni.com.br\/2019\/wp-content\/uploads\/2019\/07\/c\u00e3o3-1-768x481.jpg 768w, https:\/\/jorgezanoni.com.br\/2019\/wp-content\/uploads\/2019\/07\/c\u00e3o3-1-1024x641.jpg 1024w, https:\/\/jorgezanoni.com.br\/2019\/wp-content\/uploads\/2019\/07\/c\u00e3o3-1-696x436.jpg 696w, https:\/\/jorgezanoni.com.br\/2019\/wp-content\/uploads\/2019\/07\/c\u00e3o3-1-1068x669.jpg 1068w, https:\/\/jorgezanoni.com.br\/2019\/wp-content\/uploads\/2019\/07\/c\u00e3o3-1-671x420.jpg 671w\" sizes=\"auto, (max-width: 1600px) 100vw, 1600px\" \/><\/p>\n<div class=\"mc-column content-text active-extra-styles \" data-block-type=\"unstyled\" data-block-weight=\"33\" data-block-id=\"11\">\n<p class=\"content-text__container \" data-track-category=\"Link no Texto\" data-track-links=\"\">A benfeitora do Campe\u00e3o apresentou uma queixa em janeiro de 2018, conforme a lei recentemente promulgada na Costa Rica que sanciona os maus-tratos contra animais com penas de at\u00e9 tr\u00eas anos de pris\u00e3o.<\/p>\n<\/div>\n<div class=\"mc-column content-text active-extra-styles \" data-block-type=\"unstyled\" data-block-weight=\"33\" data-block-id=\"12\">\n<p class=\"content-text__container \" data-track-category=\"Link no Texto\" data-track-links=\"\">O presidente do tribunal mencionou precedentes nos Estados Unidos e na Espanha para levar \u00e0 justi\u00e7a os donos de animais maltratados, mas o caso de Campe\u00e3o \u00e9 o primeiro na Am\u00e9rica Latina.<\/p>\n<p data-track-category=\"Link no Texto\" data-track-links=\"\">Fonte: G1<\/p>\n<\/div>\n<\/div>\n<\/div>\n<\/div>\n<\/div>\n<div class=\"content__signa-share\">\n<div class=\"content__signature\">\n<div class=\"content-publication-data\">\n<div class=\"content-publication-data__logo\"><\/div>\n<\/div>\n<\/div>\n<\/div>\n","protected":false},"excerpt":{"rendered":"<p>Quando ainda era filhote, &#8216;Campe\u00e3o&#8217; foi amarrado at\u00e9 que corda afundasse na carne de seu pesco\u00e7o e sofreu com desnutri\u00e7\u00e3o e pulgas. Ap\u00f3s resgate, ele passou por tratamento e foi adotado; antiga dona pode receber pena de tr\u00eas anos de pris\u00e3o. &#8220;Campe\u00e3o&#8221;, um cachorro d\u00f3cil de dois anos e dois meses, se tornou nesta segunda-feira [&hellip;]<\/p>\n","protected":false},"author":1,"featured_media":1787,"comment_status":"open","ping_status":"open","sticky":false,"template":"","format":"standard","meta":{"footnotes":""},"categories":[114],"tags":[],"class_list":["post-1777","post","type-post","status-publish","format-standard","has-post-thumbnail","hentry","category-geralecomercio"],"_links":{"self":[{"href":"https:\/\/jorgezanoni.com.br\/2019\/wp-json\/wp\/v2\/posts\/1777","targetHints":{"allow":["GET"]}}],"collection":[{"href":"https:\/\/jorgezanoni.com.br\/2019\/wp-json\/wp\/v2\/posts"}],"about":[{"href":"https:\/\/jorgezanoni.com.br\/2019\/wp-json\/wp\/v2\/types\/post"}],"author":[{"embeddable":true,"href":"https:\/\/jorgezanoni.com.br\/2019\/wp-json\/wp\/v2\/users\/1"}],"replies":[{"embeddable":true,"href":"https:\/\/jorgezanoni.com.br\/2019\/wp-json\/wp\/v2\/comments?post=1777"}],"version-history":[{"count":0,"href":"https:\/\/jorgezanoni.com.br\/2019\/wp-json\/wp\/v2\/posts\/1777\/revisions"}],"wp:featuredmedia":[{"embeddable":true,"href":"https:\/\/jorgezanoni.com.br\/2019\/wp-json\/wp\/v2\/media\/1787"}],"wp:attachment":[{"href":"https:\/\/jorgezanoni.com.br\/2019\/wp-json\/wp\/v2\/media?parent=1777"}],"wp:term":[{"taxonomy":"category","embeddable":true,"href":"https:\/\/jorgezanoni.com.br\/2019\/wp-json\/wp\/v2\/categories?post=1777"},{"taxonomy":"post_tag","embeddable":true,"href":"https:\/\/jorgezanoni.com.br\/2019\/wp-json\/wp\/v2\/tags?post=1777"}],"curies":[{"name":"wp","href":"https:\/\/api.w.org\/{rel}","templated":true}]}}