{"id":17759,"date":"2020-02-01T01:55:39","date_gmt":"2020-02-01T01:55:39","guid":{"rendered":"https:\/\/jorgezanoni.com.br\/2019\/?p=17759"},"modified":"2020-02-01T01:55:39","modified_gmt":"2020-02-01T01:55:39","slug":"medicina-da-unifadra-iniciara-atividades-ambulatoriais-na-policlinica-municipal","status":"publish","type":"post","link":"https:\/\/jorgezanoni.com.br\/2019\/medicina-da-unifadra-iniciara-atividades-ambulatoriais-na-policlinica-municipal\/","title":{"rendered":"Medicina da Unifadra iniciar\u00e1 atividades ambulatoriais na Policl\u00ednica Municipal"},"content":{"rendered":"<p style=\"font-weight: 400; text-align: justify;\"><strong><em>Os alunos ser\u00e3o supervisionados por m\u00e9dicos da rede municipal, agregando ainda mais qualidade aos atendimentos.<\/em><\/strong><\/p>\n<p style=\"font-weight: 400; text-align: justify;\">Os estudantes do curso de Medicina da Faculdade Unifadra\/Fundec de Dracena retornam \u00e0s aulas na pr\u00f3xima semana e j\u00e1 iniciar\u00e3o suas atividades na Policl\u00ednica Municipal. A coordenadora de Habilidades Ambulatoriais da Unifadra L\u00edgia Antunes Sinatura participou, nesta semana, de uma reuni\u00e3o com os preceptores que atuam na Policl\u00ednica e com a diretora de Aten\u00e7\u00e3o em Sa\u00fade de Dracena Meliane Ganzaroli, para alinhar as atividades conjuntas da Fundec com o munic\u00edpio. A Profa. Vanessa Andreto (Unifadra) tamb\u00e9m esteve presente.<\/p>\n<p style=\"font-weight: 400; text-align: justify;\">Agregando ainda mais qualidade aos atendimentos m\u00e9dicos da Policl\u00ednica, os alunos acompanhar\u00e3o as consultas m\u00e9dicas, desenvolvendo a atividade cl\u00ednica supervisionada, mantendo foco na coleta de dados (anamnese), no desenvolvimento de habilidades para a realiza\u00e7\u00e3o do exame f\u00edsico e nos cuidados com o registro. &#8220;Eles tamb\u00e9m participar\u00e3o da discuss\u00e3o de casos cl\u00ednicos, das atividades de estudo e do desenvolvimento de projetos. Essas atividades t\u00eam por objetivo possibilitar ao estudante de Medicina conduzir de forma adequada uma consulta m\u00e9dica&#8221;, explicou L\u00edgia Sinatura.<\/p>\n<p style=\"font-weight: 400; text-align: justify;\">Os alunos t\u00eam acesso, dentro da Policl\u00ednica, a diversas especialidades m\u00e9dicas, sendo elas Pediatria, Cl\u00ednica M\u00e9dica, Dermatologia, Psiquiatria, Pequena Cirurgia e Infectologia. &#8220;Isso trar\u00e1 benef\u00edcios m\u00fatuos, tanto para os alunos como para a comunidade atendida, que vai ter um atendimento m\u00e9dico mais qualitativo&#8221;, ressaltou L\u00edgia Sinatura.<\/p>\n<p style=\"font-weight: 400; text-align: justify;\">Carolina Colnago<\/p>\n<p style=\"font-weight: 400; text-align: justify;\">Assessora de Comunica\u00e7\u00e3o da Fundec &#8211; Jornalista<\/p>\n<p style=\"text-align: justify;\">Foto: Reuni\u00e3o\u00a0com profissionais da Policl\u00ednica e a coordena\u00e7\u00e3o de Habilidades Ambulatoriais da Unifadra.<\/p>\n","protected":false},"excerpt":{"rendered":"<p>Os alunos ser\u00e3o supervisionados por m\u00e9dicos da rede municipal, agregando ainda mais qualidade aos atendimentos. Os estudantes do curso de Medicina da Faculdade Unifadra\/Fundec de Dracena retornam \u00e0s aulas na pr\u00f3xima semana e j\u00e1 iniciar\u00e3o suas atividades na Policl\u00ednica Municipal. A coordenadora de Habilidades Ambulatoriais da Unifadra L\u00edgia Antunes Sinatura participou, nesta semana, de uma [&hellip;]<\/p>\n","protected":false},"author":1,"featured_media":17760,"comment_status":"closed","ping_status":"open","sticky":false,"template":"","format":"standard","meta":{"footnotes":""},"categories":[110,122],"tags":[],"class_list":["post-17759","post","type-post","status-publish","format-standard","has-post-thumbnail","hentry","category-noticiasdestaque","category-saudeeducacaoeconcurso"],"_links":{"self":[{"href":"https:\/\/jorgezanoni.com.br\/2019\/wp-json\/wp\/v2\/posts\/17759","targetHints":{"allow":["GET"]}}],"collection":[{"href":"https:\/\/jorgezanoni.com.br\/2019\/wp-json\/wp\/v2\/posts"}],"about":[{"href":"https:\/\/jorgezanoni.com.br\/2019\/wp-json\/wp\/v2\/types\/post"}],"author":[{"embeddable":true,"href":"https:\/\/jorgezanoni.com.br\/2019\/wp-json\/wp\/v2\/users\/1"}],"replies":[{"embeddable":true,"href":"https:\/\/jorgezanoni.com.br\/2019\/wp-json\/wp\/v2\/comments?post=17759"}],"version-history":[{"count":0,"href":"https:\/\/jorgezanoni.com.br\/2019\/wp-json\/wp\/v2\/posts\/17759\/revisions"}],"wp:featuredmedia":[{"embeddable":true,"href":"https:\/\/jorgezanoni.com.br\/2019\/wp-json\/wp\/v2\/media\/17760"}],"wp:attachment":[{"href":"https:\/\/jorgezanoni.com.br\/2019\/wp-json\/wp\/v2\/media?parent=17759"}],"wp:term":[{"taxonomy":"category","embeddable":true,"href":"https:\/\/jorgezanoni.com.br\/2019\/wp-json\/wp\/v2\/categories?post=17759"},{"taxonomy":"post_tag","embeddable":true,"href":"https:\/\/jorgezanoni.com.br\/2019\/wp-json\/wp\/v2\/tags?post=17759"}],"curies":[{"name":"wp","href":"https:\/\/api.w.org\/{rel}","templated":true}]}}