{"id":17756,"date":"2020-02-01T01:43:58","date_gmt":"2020-02-01T01:43:58","guid":{"rendered":"https:\/\/jorgezanoni.com.br\/2019\/?p=17756"},"modified":"2020-02-01T01:43:58","modified_gmt":"2020-02-01T01:43:58","slug":"fundec-realiza-treinamento-de-combate-a-incendio-com-funcionarios","status":"publish","type":"post","link":"https:\/\/jorgezanoni.com.br\/2019\/fundec-realiza-treinamento-de-combate-a-incendio-com-funcionarios\/","title":{"rendered":"Fundec realiza treinamento de combate a inc\u00eandio com funcion\u00e1rios"},"content":{"rendered":"<p style=\"font-weight: 400; text-align: justify;\">A Brigada de Inc\u00eandio da Fundec organizou um treinamento de combate a inc\u00eandio com seus funcion\u00e1rios no dia 22 de janeiro, no Audit\u00f3rio &#8220;Prof. Geraldo Mariano Alves&#8221;. A a\u00e7\u00e3o contou com a palestra do bombeiro reformado Augusto Cesar Sitta, que falou \u00e0 equipe da Fundec sobre tipos de extintores para cada situa\u00e7\u00e3o de inc\u00eandio. Os colaboradores Gustavo Marques e Sandra Rondina passaram informa\u00e7\u00f5es da Brigada de Inc\u00eandio da Fundec, bem como orienta\u00e7\u00f5es de evacua\u00e7\u00e3o e localiza\u00e7\u00e3o de extintores e alarmes. &#8220;\u00c9 de extrema import\u00e2ncia que n\u00e3o s\u00f3 os brigadistas, mas tamb\u00e9m todos os colaboradores, tenham conhecimento b\u00e1sico de como proceder em caso de risco de inc\u00eandio, pois desta forma ir\u00e3o saber como conduzir a situa\u00e7\u00e3o, oferecendo uma maior seguran\u00e7a a todos os presentes na institui\u00e7\u00e3o&#8221;, explicou o coordenador da Brigada de Inc\u00eandio da Fundec Gustavo Marques.<\/p>\n<p style=\"font-weight: 400; text-align: justify;\">O QUE \u00c9 UMA BRIGADA DE INC\u00caNDIO<\/p>\n<p style=\"font-weight: 400; text-align: justify;\">Formada por colaboradores da pr\u00f3pria empresa, a brigada de inc\u00eandio tem o objetivo de contribuir para a preven\u00e7\u00e3o e o combate de inc\u00eandios. Dessa forma, o grupo atua na identifica\u00e7\u00e3o de elementos que possam causar fogo e, caso ocorra alguma situa\u00e7\u00e3o, est\u00e1 preparado para lidar com o incidente.<\/p>\n<p style=\"font-weight: 400; text-align: justify;\">Carolina Colnago<\/p>\n<p style=\"font-weight: 400; text-align: justify;\">Assessora de Comunica\u00e7\u00e3o da Fundec &#8211; Jornalista<\/p>\n<p style=\"text-align: justify;\">Foto: Equipe da Brigada de Inc\u00eandio da Fundec<\/p>\n","protected":false},"excerpt":{"rendered":"<p>A Brigada de Inc\u00eandio da Fundec organizou um treinamento de combate a inc\u00eandio com seus funcion\u00e1rios no dia 22 de janeiro, no Audit\u00f3rio &#8220;Prof. Geraldo Mariano Alves&#8221;. A a\u00e7\u00e3o contou com a palestra do bombeiro reformado Augusto Cesar Sitta, que falou \u00e0 equipe da Fundec sobre tipos de extintores para cada situa\u00e7\u00e3o de inc\u00eandio. Os [&hellip;]<\/p>\n","protected":false},"author":1,"featured_media":17757,"comment_status":"closed","ping_status":"open","sticky":false,"template":"","format":"standard","meta":{"footnotes":""},"categories":[122],"tags":[],"class_list":["post-17756","post","type-post","status-publish","format-standard","has-post-thumbnail","hentry","category-saudeeducacaoeconcurso"],"_links":{"self":[{"href":"https:\/\/jorgezanoni.com.br\/2019\/wp-json\/wp\/v2\/posts\/17756","targetHints":{"allow":["GET"]}}],"collection":[{"href":"https:\/\/jorgezanoni.com.br\/2019\/wp-json\/wp\/v2\/posts"}],"about":[{"href":"https:\/\/jorgezanoni.com.br\/2019\/wp-json\/wp\/v2\/types\/post"}],"author":[{"embeddable":true,"href":"https:\/\/jorgezanoni.com.br\/2019\/wp-json\/wp\/v2\/users\/1"}],"replies":[{"embeddable":true,"href":"https:\/\/jorgezanoni.com.br\/2019\/wp-json\/wp\/v2\/comments?post=17756"}],"version-history":[{"count":0,"href":"https:\/\/jorgezanoni.com.br\/2019\/wp-json\/wp\/v2\/posts\/17756\/revisions"}],"wp:featuredmedia":[{"embeddable":true,"href":"https:\/\/jorgezanoni.com.br\/2019\/wp-json\/wp\/v2\/media\/17757"}],"wp:attachment":[{"href":"https:\/\/jorgezanoni.com.br\/2019\/wp-json\/wp\/v2\/media?parent=17756"}],"wp:term":[{"taxonomy":"category","embeddable":true,"href":"https:\/\/jorgezanoni.com.br\/2019\/wp-json\/wp\/v2\/categories?post=17756"},{"taxonomy":"post_tag","embeddable":true,"href":"https:\/\/jorgezanoni.com.br\/2019\/wp-json\/wp\/v2\/tags?post=17756"}],"curies":[{"name":"wp","href":"https:\/\/api.w.org\/{rel}","templated":true}]}}