{"id":17710,"date":"2020-01-31T22:12:09","date_gmt":"2020-01-31T22:12:09","guid":{"rendered":"https:\/\/jorgezanoni.com.br\/2019\/?p=17710"},"modified":"2020-01-31T22:12:09","modified_gmt":"2020-01-31T22:12:09","slug":"penitenciaria-feminina-de-tupi-paulista-realiza-o-dia-da-visibilidade-trans","status":"publish","type":"post","link":"https:\/\/jorgezanoni.com.br\/2019\/penitenciaria-feminina-de-tupi-paulista-realiza-o-dia-da-visibilidade-trans\/","title":{"rendered":"Penitenci\u00e1ria Feminina de Tupi Paulista realiza o &#8220;Dia da Visibilidade Trans&#8221;"},"content":{"rendered":"<p style=\"text-align: justify;\"><strong>No dia 29\/01, na Penitenci\u00e1ria Feminina de Tupi Paulista foi realizado evento em alus\u00e3o ao \u201cDia da Visibilidade Trans\u201d, tendo como p\u00fablico alvo reeducandas que se autodeclaram homem trans.<\/strong><\/p>\n<p><img loading=\"lazy\" decoding=\"async\" class=\"alignnone size-full wp-image-17712\" src=\"https:\/\/jorgezanoni.com.br\/2019\/wp-content\/uploads\/2020\/01\/peni.jpg\" alt=\"\" width=\"1280\" height=\"853\" srcset=\"https:\/\/jorgezanoni.com.br\/2019\/wp-content\/uploads\/2020\/01\/peni.jpg 1280w, https:\/\/jorgezanoni.com.br\/2019\/wp-content\/uploads\/2020\/01\/peni-300x200.jpg 300w, https:\/\/jorgezanoni.com.br\/2019\/wp-content\/uploads\/2020\/01\/peni-768x512.jpg 768w, https:\/\/jorgezanoni.com.br\/2019\/wp-content\/uploads\/2020\/01\/peni-1024x682.jpg 1024w, https:\/\/jorgezanoni.com.br\/2019\/wp-content\/uploads\/2020\/01\/peni-696x464.jpg 696w, https:\/\/jorgezanoni.com.br\/2019\/wp-content\/uploads\/2020\/01\/peni-1068x712.jpg 1068w, https:\/\/jorgezanoni.com.br\/2019\/wp-content\/uploads\/2020\/01\/peni-630x420.jpg 630w\" sizes=\"auto, (max-width: 1280px) 100vw, 1280px\" \/><\/p>\n<p style=\"text-align: justify;\">No evento foi exibido um curta-metragem que aborda a busca da visibilidade das pessoas transg\u00eaneros, com foco nos homens trans, baseado em depoimentos e quest\u00f5es, como a reflex\u00e3o da conjuntura espacial dos personagens seus dilemas, rela\u00e7\u00f5es com a fam\u00edlia, trabalho e as experi\u00eancias que formam suas identidades, seus processos transit\u00f3rios e de autoconhecimento.<\/p>\n<p style=\"text-align: justify;\">Na oportunidade foi realizado ainda, roda de conversa em que os participantes puderam apresentar suas viv\u00eancias, desafios, conquistas, empoderamento e resist\u00eancia como pessoa transg\u00eanero, bem como os preconceitos enfrentados.<\/p>\n<p style=\"text-align: justify;\">Por fim, a Unidade Prisional contemplou os participantes com caf\u00e9 da tarde, lanches, sucos e refrigerantes.<\/p>\n<p style=\"text-align: justify;\">Durante o encerramento, os participantes ressaltaram a import\u00e2ncia do evento realizado pela Penitenci\u00e1ria, visto que se sentiram reconhecidos e valorizados pela Dire\u00e7\u00e3o desta Unidade Prisional.<\/p>\n<p style=\"text-align: justify;\">O evento foi idealizado pelo Centro de Reintegra\u00e7\u00e3o de Assist\u00eancia \u00e0 Sa\u00fade, contando com a participa\u00e7\u00e3o dos servidores Eduardo Morello Ferreira, Supervisor T\u00e9cnico III e Rosana Eredia Dias Vedoveto, Diretora Substituta do Centro de Trabalho e Educa\u00e7\u00e3o.<\/p>\n<p>Fonte: Assessoria de Imprensa<\/p>\n","protected":false},"excerpt":{"rendered":"<p>No dia 29\/01, na Penitenci\u00e1ria Feminina de Tupi Paulista foi realizado evento em alus\u00e3o ao \u201cDia da Visibilidade Trans\u201d, tendo como p\u00fablico alvo reeducandas que se autodeclaram homem trans. No evento foi exibido um curta-metragem que aborda a busca da visibilidade das pessoas transg\u00eaneros, com foco nos homens trans, baseado em depoimentos e quest\u00f5es, como [&hellip;]<\/p>\n","protected":false},"author":1,"featured_media":17713,"comment_status":"closed","ping_status":"open","sticky":false,"template":"","format":"standard","meta":{"footnotes":""},"categories":[114,110],"tags":[],"class_list":["post-17710","post","type-post","status-publish","format-standard","has-post-thumbnail","hentry","category-geralecomercio","category-noticiasdestaque"],"_links":{"self":[{"href":"https:\/\/jorgezanoni.com.br\/2019\/wp-json\/wp\/v2\/posts\/17710","targetHints":{"allow":["GET"]}}],"collection":[{"href":"https:\/\/jorgezanoni.com.br\/2019\/wp-json\/wp\/v2\/posts"}],"about":[{"href":"https:\/\/jorgezanoni.com.br\/2019\/wp-json\/wp\/v2\/types\/post"}],"author":[{"embeddable":true,"href":"https:\/\/jorgezanoni.com.br\/2019\/wp-json\/wp\/v2\/users\/1"}],"replies":[{"embeddable":true,"href":"https:\/\/jorgezanoni.com.br\/2019\/wp-json\/wp\/v2\/comments?post=17710"}],"version-history":[{"count":0,"href":"https:\/\/jorgezanoni.com.br\/2019\/wp-json\/wp\/v2\/posts\/17710\/revisions"}],"wp:featuredmedia":[{"embeddable":true,"href":"https:\/\/jorgezanoni.com.br\/2019\/wp-json\/wp\/v2\/media\/17713"}],"wp:attachment":[{"href":"https:\/\/jorgezanoni.com.br\/2019\/wp-json\/wp\/v2\/media?parent=17710"}],"wp:term":[{"taxonomy":"category","embeddable":true,"href":"https:\/\/jorgezanoni.com.br\/2019\/wp-json\/wp\/v2\/categories?post=17710"},{"taxonomy":"post_tag","embeddable":true,"href":"https:\/\/jorgezanoni.com.br\/2019\/wp-json\/wp\/v2\/tags?post=17710"}],"curies":[{"name":"wp","href":"https:\/\/api.w.org\/{rel}","templated":true}]}}