{"id":17703,"date":"2020-01-31T21:45:33","date_gmt":"2020-01-31T21:45:33","guid":{"rendered":"https:\/\/jorgezanoni.com.br\/2019\/?p=17703"},"modified":"2020-01-31T21:45:33","modified_gmt":"2020-01-31T21:45:33","slug":"advogada-dracenense-morre-em-brasilia","status":"publish","type":"post","link":"https:\/\/jorgezanoni.com.br\/2019\/advogada-dracenense-morre-em-brasilia\/","title":{"rendered":"Advogada dracenense morre em Bras\u00edlia"},"content":{"rendered":"<h2 class=\"jeg_post_subtitle\" style=\"text-align: justify;\">Priscila Daniel \u00e9 de fam\u00edlia conhecida em Dracena e havia sofrido HVC hemorr\u00e1gico neste m\u00eas de janeiro.<\/h2>\n<p style=\"text-align: justify;\">A advogada Priscila Daniel, que reside em Bras\u00edlia, mas tem fam\u00edlia em Dracena faleceu na capital federal hoje, 31. Ela \u00e9 filha dos professores C\u00e9lia Zanatta e J\u00falio Lino Daniel, falecido no ano passado.<\/p>\n<p style=\"text-align: justify;\">Priscila estava hospitalizada h\u00e1 alguns dias, ap\u00f3s ter sofrido um AVC hemorr\u00e1gico.<\/p>\n<p style=\"text-align: justify;\">A fam\u00edlia procedeu \u00e0 doa\u00e7\u00e3o de \u00f3rg\u00e3os e aguarda a libera\u00e7\u00e3o do corpo que ser\u00e1 transladado para Dracena, onde ser\u00e1 velado e sepultado provavelmente na pr\u00f3xima semana.<\/p>\n<p style=\"text-align: justify;\">Priscila era casada, m\u00e3e de um filho, tamb\u00e9m deixa os irm\u00e3os Renan e Tarcila.<\/p>\n<p>Fonte: Portal Regional<\/p>\n","protected":false},"excerpt":{"rendered":"<p>Priscila Daniel \u00e9 de fam\u00edlia conhecida em Dracena e havia sofrido HVC hemorr\u00e1gico neste m\u00eas de janeiro. A advogada Priscila Daniel, que reside em Bras\u00edlia, mas tem fam\u00edlia em Dracena faleceu na capital federal hoje, 31. Ela \u00e9 filha dos professores C\u00e9lia Zanatta e J\u00falio Lino Daniel, falecido no ano passado. Priscila estava hospitalizada h\u00e1 [&hellip;]<\/p>\n","protected":false},"author":1,"featured_media":17704,"comment_status":"closed","ping_status":"open","sticky":false,"template":"","format":"standard","meta":{"footnotes":""},"categories":[178,110],"tags":[],"class_list":["post-17703","post","type-post","status-publish","format-standard","has-post-thumbnail","hentry","category-notadefalecimento","category-noticiasdestaque"],"_links":{"self":[{"href":"https:\/\/jorgezanoni.com.br\/2019\/wp-json\/wp\/v2\/posts\/17703","targetHints":{"allow":["GET"]}}],"collection":[{"href":"https:\/\/jorgezanoni.com.br\/2019\/wp-json\/wp\/v2\/posts"}],"about":[{"href":"https:\/\/jorgezanoni.com.br\/2019\/wp-json\/wp\/v2\/types\/post"}],"author":[{"embeddable":true,"href":"https:\/\/jorgezanoni.com.br\/2019\/wp-json\/wp\/v2\/users\/1"}],"replies":[{"embeddable":true,"href":"https:\/\/jorgezanoni.com.br\/2019\/wp-json\/wp\/v2\/comments?post=17703"}],"version-history":[{"count":0,"href":"https:\/\/jorgezanoni.com.br\/2019\/wp-json\/wp\/v2\/posts\/17703\/revisions"}],"wp:featuredmedia":[{"embeddable":true,"href":"https:\/\/jorgezanoni.com.br\/2019\/wp-json\/wp\/v2\/media\/17704"}],"wp:attachment":[{"href":"https:\/\/jorgezanoni.com.br\/2019\/wp-json\/wp\/v2\/media?parent=17703"}],"wp:term":[{"taxonomy":"category","embeddable":true,"href":"https:\/\/jorgezanoni.com.br\/2019\/wp-json\/wp\/v2\/categories?post=17703"},{"taxonomy":"post_tag","embeddable":true,"href":"https:\/\/jorgezanoni.com.br\/2019\/wp-json\/wp\/v2\/tags?post=17703"}],"curies":[{"name":"wp","href":"https:\/\/api.w.org\/{rel}","templated":true}]}}