{"id":17700,"date":"2020-01-31T16:42:20","date_gmt":"2020-01-31T16:42:20","guid":{"rendered":"https:\/\/jorgezanoni.com.br\/2019\/?p=17700"},"modified":"2020-01-31T16:42:20","modified_gmt":"2020-01-31T16:42:20","slug":"processo-seletivo-da-prefeitura-de-dracena-e-alvo-de-questionamentos-do-tce","status":"publish","type":"post","link":"https:\/\/jorgezanoni.com.br\/2019\/processo-seletivo-da-prefeitura-de-dracena-e-alvo-de-questionamentos-do-tce\/","title":{"rendered":"Processo seletivo da Prefeitura de Dracena \u00e9 alvo de questionamentos do TCE"},"content":{"rendered":"<p style=\"text-align: justify;\">Foi publicado ontem (30) no Di\u00e1rio Oficial do Estado, despacho do Tribunal de Contas solicitando que o Prefeito Juliano Bertolini e a Secret\u00e1ria de Educa\u00e7\u00e3o Vanessa Castilho prestem esclarecimentos sobre o Processo Seletivo n\u00ba 07\/2017.<\/p>\n<p style=\"text-align: justify;\">O processo seletivo em quest\u00e3o objetivou a contrata\u00e7\u00e3o tempor\u00e1ria de professor coordenador pedag\u00f3gico nas EMEFI(S) e Escola T\u00e9cnica Municipal Prof\u00aa Izaura Sampaio para o ano de 2018.<\/p>\n<p style=\"text-align: justify;\">O primeiro questionamento indaga porque a Prefeitura tem optado sistematicamente por processo seletivo para suprir necessidade permanente de coordenador pedag\u00f3gico, contrariando a pr\u00f3pria Constitui\u00e7\u00e3o Federal que determina a necessidade de contrata\u00e7\u00e3o de cargos desta natureza por meio de concurso p\u00fablico, provendo de forma efetiva.<\/p>\n<p style=\"text-align: justify;\">Outro ponto abordado \u00e9 que o sistema de convoca\u00e7\u00e3o realizado pela Prefeitura de Dracena n\u00e3o permite constatar se a ordem de classifica\u00e7\u00e3o foi cumprida. Aos respons\u00e1veis, o TCE concedeu o prazo de 30 (trinta) dias para esclarecimentos.<\/p>\n<p style=\"text-align: justify;\"><img loading=\"lazy\" decoding=\"async\" class=\"alignnone size-full wp-image-32281 td-animation-stack-type0-2\" src=\"https:\/\/jornalinterativo.net\/2016\/wp-content\/uploads\/2020\/01\/WhatsApp-Image-2020-01-31-at-08.37.43.jpeg\" sizes=\"auto, (max-width: 989px) 100vw, 989px\" srcset=\"https:\/\/jornalinterativo.net\/2016\/wp-content\/uploads\/2020\/01\/WhatsApp-Image-2020-01-31-at-08.37.43.jpeg 989w, https:\/\/jornalinterativo.net\/2016\/wp-content\/uploads\/2020\/01\/WhatsApp-Image-2020-01-31-at-08.37.43-232x300.jpeg 232w, https:\/\/jornalinterativo.net\/2016\/wp-content\/uploads\/2020\/01\/WhatsApp-Image-2020-01-31-at-08.37.43-768x994.jpeg 768w, https:\/\/jornalinterativo.net\/2016\/wp-content\/uploads\/2020\/01\/WhatsApp-Image-2020-01-31-at-08.37.43-791x1024.jpeg 791w, https:\/\/jornalinterativo.net\/2016\/wp-content\/uploads\/2020\/01\/WhatsApp-Image-2020-01-31-at-08.37.43-696x901.jpeg 696w, https:\/\/jornalinterativo.net\/2016\/wp-content\/uploads\/2020\/01\/WhatsApp-Image-2020-01-31-at-08.37.43-325x420.jpeg 325w\" alt=\"\" width=\"989\" height=\"1280\" \/><\/p>\n<p style=\"text-align: justify;\"><img loading=\"lazy\" decoding=\"async\" class=\"alignnone size-full wp-image-32282 td-animation-stack-type0-2\" src=\"https:\/\/jornalinterativo.net\/2016\/wp-content\/uploads\/2020\/01\/WhatsApp-Image-2020-01-31-at-08.37.43-1.jpeg\" sizes=\"auto, (max-width: 989px) 100vw, 989px\" srcset=\"https:\/\/jornalinterativo.net\/2016\/wp-content\/uploads\/2020\/01\/WhatsApp-Image-2020-01-31-at-08.37.43-1.jpeg 989w, https:\/\/jornalinterativo.net\/2016\/wp-content\/uploads\/2020\/01\/WhatsApp-Image-2020-01-31-at-08.37.43-1-232x300.jpeg 232w, https:\/\/jornalinterativo.net\/2016\/wp-content\/uploads\/2020\/01\/WhatsApp-Image-2020-01-31-at-08.37.43-1-768x994.jpeg 768w, https:\/\/jornalinterativo.net\/2016\/wp-content\/uploads\/2020\/01\/WhatsApp-Image-2020-01-31-at-08.37.43-1-791x1024.jpeg 791w, https:\/\/jornalinterativo.net\/2016\/wp-content\/uploads\/2020\/01\/WhatsApp-Image-2020-01-31-at-08.37.43-1-696x901.jpeg 696w, https:\/\/jornalinterativo.net\/2016\/wp-content\/uploads\/2020\/01\/WhatsApp-Image-2020-01-31-at-08.37.43-1-325x420.jpeg 325w\" alt=\"\" width=\"989\" height=\"1280\" \/><\/p>\n<p style=\"text-align: justify;\">Por Bruno Brandino<\/p>\n<p style=\"text-align: justify;\">Fonte: https:\/\/jornalinterativo.net\/2016\/processo-seletivo-da-prefeitura-de-dracena-e-alvo-de-questionamentos-do-tce\/<\/p>\n","protected":false},"excerpt":{"rendered":"<p>Foi publicado ontem (30) no Di\u00e1rio Oficial do Estado, despacho do Tribunal de Contas solicitando que o Prefeito Juliano Bertolini e a Secret\u00e1ria de Educa\u00e7\u00e3o Vanessa Castilho prestem esclarecimentos sobre o Processo Seletivo n\u00ba 07\/2017. O processo seletivo em quest\u00e3o objetivou a contrata\u00e7\u00e3o tempor\u00e1ria de professor coordenador pedag\u00f3gico nas EMEFI(S) e Escola T\u00e9cnica Municipal Prof\u00aa [&hellip;]<\/p>\n","protected":false},"author":1,"featured_media":17701,"comment_status":"closed","ping_status":"open","sticky":false,"template":"","format":"standard","meta":{"footnotes":""},"categories":[179,184,110],"tags":[],"class_list":["post-17700","post","type-post","status-publish","format-standard","has-post-thumbnail","hentry","category-cidadeseregiao","category-dracena","category-noticiasdestaque"],"_links":{"self":[{"href":"https:\/\/jorgezanoni.com.br\/2019\/wp-json\/wp\/v2\/posts\/17700","targetHints":{"allow":["GET"]}}],"collection":[{"href":"https:\/\/jorgezanoni.com.br\/2019\/wp-json\/wp\/v2\/posts"}],"about":[{"href":"https:\/\/jorgezanoni.com.br\/2019\/wp-json\/wp\/v2\/types\/post"}],"author":[{"embeddable":true,"href":"https:\/\/jorgezanoni.com.br\/2019\/wp-json\/wp\/v2\/users\/1"}],"replies":[{"embeddable":true,"href":"https:\/\/jorgezanoni.com.br\/2019\/wp-json\/wp\/v2\/comments?post=17700"}],"version-history":[{"count":0,"href":"https:\/\/jorgezanoni.com.br\/2019\/wp-json\/wp\/v2\/posts\/17700\/revisions"}],"wp:featuredmedia":[{"embeddable":true,"href":"https:\/\/jorgezanoni.com.br\/2019\/wp-json\/wp\/v2\/media\/17701"}],"wp:attachment":[{"href":"https:\/\/jorgezanoni.com.br\/2019\/wp-json\/wp\/v2\/media?parent=17700"}],"wp:term":[{"taxonomy":"category","embeddable":true,"href":"https:\/\/jorgezanoni.com.br\/2019\/wp-json\/wp\/v2\/categories?post=17700"},{"taxonomy":"post_tag","embeddable":true,"href":"https:\/\/jorgezanoni.com.br\/2019\/wp-json\/wp\/v2\/tags?post=17700"}],"curies":[{"name":"wp","href":"https:\/\/api.w.org\/{rel}","templated":true}]}}