{"id":17670,"date":"2020-01-31T15:34:36","date_gmt":"2020-01-31T15:34:36","guid":{"rendered":"https:\/\/jorgezanoni.com.br\/2019\/?p=17670"},"modified":"2020-01-31T15:56:41","modified_gmt":"2020-01-31T15:56:41","slug":"reclamacao-da-populacao-arvores-de-area-verde-estao-caindo-prefeitura-ja-foi-avisada-mas-nao-toma-providencias","status":"publish","type":"post","link":"https:\/\/jorgezanoni.com.br\/2019\/reclamacao-da-populacao-arvores-de-area-verde-estao-caindo-prefeitura-ja-foi-avisada-mas-nao-toma-providencias\/","title":{"rendered":"Reclama\u00e7\u00e3o da Popula\u00e7\u00e3o: \u00c1rvores de \u00c1rea Verde est\u00e3o caindo, Prefeitura j\u00e1 foi avisada mas n\u00e3o toma provid\u00eancias"},"content":{"rendered":"<p style=\"text-align: justify;\">Morador da rua Bol\u00edvia altura do numeral 877 disse que j\u00e1 entrou em contato com a Prefeitura por diversas vezes e at\u00e9 agora nenhuma provid\u00eancia foi tomada. \u00c1rvores est\u00e3o caindo na rua, pode cair em cima de um carro ou pedestre que esteja passando. A \u00e1rvore foi retirada na tarde de ontem, por\u00e9m a riscos de outras ca\u00edrem.<\/p>\n<div style=\"width: 640px;\" class=\"wp-video\"><video class=\"wp-video-shortcode\" id=\"video-17670-1\" width=\"640\" height=\"360\" preload=\"metadata\" controls=\"controls\"><source type=\"video\/mp4\" src=\"https:\/\/jorgezanoni.com.br\/2019\/wp-content\/uploads\/2020\/01\/WhatsApp-Video-2020-01-30-at-09.46.30.mp4?_=1\" \/><a href=\"https:\/\/jorgezanoni.com.br\/2019\/wp-content\/uploads\/2020\/01\/WhatsApp-Video-2020-01-30-at-09.46.30.mp4\">https:\/\/jorgezanoni.com.br\/2019\/wp-content\/uploads\/2020\/01\/WhatsApp-Video-2020-01-30-at-09.46.30.mp4<\/a><\/video><\/div>\n<p>V\u00eddeo de Internauta<\/p>\n<p>&nbsp;<\/p>\n","protected":false},"excerpt":{"rendered":"<p>Morador da rua Bol\u00edvia altura do numeral 877 disse que j\u00e1 entrou em contato com a Prefeitura por diversas vezes e at\u00e9 agora nenhuma provid\u00eancia foi tomada. \u00c1rvores est\u00e3o caindo na rua, pode cair em cima de um carro ou pedestre que esteja passando. A \u00e1rvore foi retirada na tarde de ontem, por\u00e9m a riscos [&hellip;]<\/p>\n","protected":false},"author":1,"featured_media":17673,"comment_status":"closed","ping_status":"open","sticky":false,"template":"","format":"video","meta":{"footnotes":""},"categories":[179,184,110,169],"tags":[],"class_list":["post-17670","post","type-post","status-publish","format-video","has-post-thumbnail","hentry","category-cidadeseregiao","category-dracena","category-noticiasdestaque","category-videos","post_format-post-format-video"],"_links":{"self":[{"href":"https:\/\/jorgezanoni.com.br\/2019\/wp-json\/wp\/v2\/posts\/17670","targetHints":{"allow":["GET"]}}],"collection":[{"href":"https:\/\/jorgezanoni.com.br\/2019\/wp-json\/wp\/v2\/posts"}],"about":[{"href":"https:\/\/jorgezanoni.com.br\/2019\/wp-json\/wp\/v2\/types\/post"}],"author":[{"embeddable":true,"href":"https:\/\/jorgezanoni.com.br\/2019\/wp-json\/wp\/v2\/users\/1"}],"replies":[{"embeddable":true,"href":"https:\/\/jorgezanoni.com.br\/2019\/wp-json\/wp\/v2\/comments?post=17670"}],"version-history":[{"count":0,"href":"https:\/\/jorgezanoni.com.br\/2019\/wp-json\/wp\/v2\/posts\/17670\/revisions"}],"wp:featuredmedia":[{"embeddable":true,"href":"https:\/\/jorgezanoni.com.br\/2019\/wp-json\/wp\/v2\/media\/17673"}],"wp:attachment":[{"href":"https:\/\/jorgezanoni.com.br\/2019\/wp-json\/wp\/v2\/media?parent=17670"}],"wp:term":[{"taxonomy":"category","embeddable":true,"href":"https:\/\/jorgezanoni.com.br\/2019\/wp-json\/wp\/v2\/categories?post=17670"},{"taxonomy":"post_tag","embeddable":true,"href":"https:\/\/jorgezanoni.com.br\/2019\/wp-json\/wp\/v2\/tags?post=17670"}],"curies":[{"name":"wp","href":"https:\/\/api.w.org\/{rel}","templated":true}]}}