{"id":1766,"date":"2019-07-22T23:46:00","date_gmt":"2019-07-22T23:46:00","guid":{"rendered":"http:\/\/jorgezanoni.com.br\/2019\/?p=1766"},"modified":"2019-07-22T23:52:32","modified_gmt":"2019-07-22T23:52:32","slug":"vacina-contra-o-sarampo-deve-ser-tomada-por-criancas-e-adultos-que-nao-foram-totalmente-imunizados-na-infancia","status":"publish","type":"post","link":"https:\/\/jorgezanoni.com.br\/2019\/vacina-contra-o-sarampo-deve-ser-tomada-por-criancas-e-adultos-que-nao-foram-totalmente-imunizados-na-infancia\/","title":{"rendered":"Vacina contra o sarampo deve ser tomada por crian\u00e7as e adultos que n\u00e3o foram totalmente imunizados na inf\u00e2ncia"},"content":{"rendered":"<h2 class=\"content-head__subtitle\"><strong>Doen\u00e7a \u00e9 altamente contagiosa e vacina \u00e9 dada em duas doses; em S\u00e3o Paulo, a prefeitura orienta que todas as pessoas entre 15 e 29 anos tomem a vacina, mesmo que j\u00e1 recebido a dupla imuniza\u00e7\u00e3o.<\/strong><\/h2>\n<div class=\"mc-column content-text active-extra-styles \" data-block-type=\"unstyled\" data-block-weight=\"52\" data-block-id=\"2\">\n<p class=\"content-text__container \" data-track-category=\"Link no Texto\" data-track-links=\"\">Doen\u00e7a considerada erradicada no Brasil at\u00e9 o ano passado, o sarampo j\u00e1 teve mais de 420 casos registrados no pa\u00eds e o n\u00famero de novos pacientes infectados disparou em S\u00e3o Paulo. A situa\u00e7\u00e3o soou o alerta das autoridades, que t\u00eam intensificado as campanhas de vacina\u00e7\u00e3o, a melhor forma de impedir o cont\u00e1gio.<\/p>\n<\/div>\n<div class=\"wall protected-content\">\n<div class=\"mc-column content-text active-extra-styles \" data-block-type=\"unstyled\" data-block-weight=\"56\" data-block-id=\"3\">\n<p class=\"content-text__container \" data-track-category=\"Link no Texto\" data-track-links=\"\">Segundo o Minist\u00e9rio da Sa\u00fade, a doen\u00e7a tem surto ativo em tr\u00eas estados: S\u00e3o Paulo, Rio de Janeiro e Par\u00e1. S\u00e3o Paulo lidera o ranking com o maior n\u00famero de infec\u00e7\u00f5es e 82% de todos os registros. Nesta segunda-feira (23),\u00a0<a href=\"https:\/\/g1.globo.com\/sp\/sao-paulo\/noticia\/2019\/07\/22\/postos-de-saude-de-sp-tem-filas-para-vacina-contra-o-sarampo.ghtml\">postos de vacina\u00e7\u00e3o na Capital registraram filas<\/a>, e a prefeitura anunciou far\u00e1 vacina\u00e7\u00e3o\u00a0<a href=\"https:\/\/g1.globo.com\/sp\/sao-paulo\/noticia\/2019\/07\/22\/com-explosao-de-casos-de-sarampo-em-sp-prefeitura-anuncia-vacinacao-tambem-em-escolas.ghtml\">tamb\u00e9m nas escolas<\/a>.<\/p>\n<\/div>\n<div class=\"mc-column content-text active-extra-styles\" data-block-type=\"raw\" data-block-weight=\"8\" data-block-id=\"4\">\n<div class=\"content-intertitle\">\n<h2><strong>Quem deve tomar a vacina contra o sarampo?<\/strong><\/h2>\n<\/div>\n<\/div>\n<div class=\"mc-column content-text active-extra-styles\" data-block-type=\"raw\" data-block-weight=\"29\" data-block-id=\"5\">\n<ul class=\"content-unordered-list\">\n<li>Quem ainda n\u00e3o tomou as duas doses da vacina na inf\u00e2ncia e na adolesc\u00eancia<\/li>\n<li>Quem n\u00e3o tem certeza se j\u00e1 tomou as duas doses deve tomar uma dose extra<\/li>\n<\/ul>\n<\/div>\n<div class=\"mc-column content-text active-extra-styles \" data-block-type=\"unstyled\" data-block-weight=\"82\" data-block-id=\"6\">\n<p class=\"content-text__container \" data-track-category=\"Link no Texto\" data-track-links=\"\">Em S\u00e3o Paulo, a prefeitura orienta que todas as pessoas entre 15 e 29 anos tomem a vacina, mesmo que j\u00e1 tenham recebido as duas doses. A vacina\u00e7\u00e3o tem ocorrido a partir das 7h ou 8h e se estende at\u00e9 as 18h ou 19h, dependendo da unidade. A\u00a0<a href=\"http:\/\/buscasaude.prefeitura.sp.gov.br\/\" target=\"_blank\" rel=\"noopener noreferrer\">lista de postos de sa\u00fade est\u00e1 no site da prefeitura<\/a> \u2013 basta escolher se a busca \u00e9 pelo endere\u00e7o onde mora ou pelo nome da unidade, e digitar no campo em branco \u00e0 esquerda.<\/p>\n<\/div>\n<div class=\"mc-column content-text active-extra-styles\" data-block-type=\"raw\" data-block-weight=\"6\" data-block-id=\"8\">\n<div class=\"content-intertitle\">\n<h2>Para quem a vacina \u00e9 contraindicada?<\/h2>\n<\/div>\n<\/div>\n<div class=\"mc-column content-text active-extra-styles \" data-block-type=\"unstyled\" data-block-weight=\"19\" data-block-id=\"9\">\n<p class=\"content-text__container \" data-track-category=\"Link no Texto\" data-track-links=\"\">As pessoas que se encaixem em um dos perfis abaixo devem consultar seu m\u00e9dico antes de tomar a vacina:<\/p>\n<\/div>\n<div class=\"mc-column content-text active-extra-styles\" data-block-type=\"raw\" data-block-weight=\"25\" data-block-id=\"10\">\n<ul class=\"content-unordered-list\">\n<li>Gestantes<\/li>\n<li>Pessoas com baixa imunidade ou gripadas<\/li>\n<li>Pacientes em tratamento contra o c\u00e2ncer<\/li>\n<li>Pacientes portadores de doen\u00e7as que derrubam o sistema imunol\u00f3gico, como a Aids<\/li>\n<\/ul>\n<\/div>\n<div class=\"mc-column content-text active-extra-styles\" data-block-type=\"raw\" data-block-weight=\"6\" data-block-id=\"11\">\n<div class=\"content-intertitle\">\n<h2>Crian\u00e7as com menos de um ano<\/h2>\n<\/div>\n<\/div>\n<div class=\"mc-column content-text active-extra-styles \" data-block-type=\"unstyled\" data-block-weight=\"57\" data-block-id=\"12\">\n<p class=\"content-text__container \" data-track-category=\"Link no Texto\" data-track-links=\"\">O calend\u00e1rio da vacina\u00e7\u00e3o indica que o per\u00edodo ideal para aplicar a primeira dose \u00e9 aos 12 meses de idade. A vacina tem menor efic\u00e1cia antes dessa idade, mas os pais beb\u00eas com menos de 12 meses que far\u00e3o viagens a locais considerados de risco devem procurar um pediatra para avaliar se \u00e9 indicado fazer a imuniza\u00e7\u00e3o.<\/p>\n<\/div>\n<div class=\"mc-column content-text active-extra-styles\" data-block-type=\"raw\" data-block-weight=\"6\" data-block-id=\"13\">\n<div class=\"content-intertitle\">\n<h2>Jovens de 15 a 29 anos<\/h2>\n<\/div>\n<\/div>\n<div class=\"mc-column content-text active-extra-styles \" data-block-type=\"unstyled\" data-block-weight=\"49\" data-block-id=\"14\">\n<p class=\"content-text__container \" data-track-category=\"Link no Texto\" data-track-links=\"\">Segundo os especialistas e as autoridades, pessoas de todas as faixas et\u00e1rias precisam ter as duas doses da vacina, mas o foco das campanhas atuais s\u00e3o os jovens de 15 a 29 anos porque s\u00e3o o grupo populacional com maior probabilidade de n\u00e3o terem recebido uma das duas doses.<\/p>\n<\/div>\n<div class=\"mc-column content-text active-extra-styles\" data-block-type=\"raw\" data-block-weight=\"8\" data-block-id=\"15\">\n<ul class=\"content-unordered-list\">\n<li><a href=\"https:\/\/g1.globo.com\/fantastico\/noticia\/2019\/07\/21\/mais-de-67-mil-pessoas-sao-imunizadas-no-dia-d-de-vacinacao-contra-o-sarampo-em-sp.ghtml\">Brasil n\u00e3o registrava mortes por sarampo desde 1999<\/a><\/li>\n<\/ul>\n<\/div>\n<div class=\"mc-column content-text active-extra-styles\" data-block-type=\"raw\" data-block-weight=\"3\" data-block-id=\"16\">\n<div class=\"content-intertitle\">\n<h2>Doen\u00e7a altamente contagiosa<\/h2>\n<\/div>\n<\/div>\n<div class=\"mc-column content-text active-extra-styles\" data-block-type=\"raw\" data-block-weight=\"54\" data-block-id=\"17\">\n<ul class=\"content-unordered-list\">\n<li>O sarampo \u00e9 uma\u00a0<strong>doen\u00e7a altamente contagiosa<\/strong>\u00a0que pode evoluir para complica\u00e7\u00f5es e levar \u00e0 morte;<\/li>\n<li>Os principais sintomas s\u00e3o\u00a0<strong>febre<\/strong>,\u00a0<strong>manchas<\/strong>\u00a0avermelhadas na pele do rosto e\u00a0<strong>tosse<\/strong>\u00a0persistente;<\/li>\n<li><strong>A preven\u00e7\u00e3o da doen\u00e7a \u00e9 feita por meio da vacina\u00e7\u00e3o<\/strong>, e os especialistas refor\u00e7am que n\u00e3o h\u00e1 rela\u00e7\u00e3o entre a vacina e o autismo.<\/li>\n<\/ul>\n<\/div>\n<div class=\"mc-column content-text active-extra-styles\" data-block-type=\"raw\" data-block-weight=\"4\" data-block-id=\"18\">\n<div class=\"content-intertitle\">\n<h2>Vacina em duas doses<\/h2>\n<\/div>\n<\/div>\n<div class=\"mc-column content-text active-extra-styles \" data-block-type=\"unstyled\" data-block-weight=\"26\" data-block-id=\"19\">\n<p class=\"content-text__container \" data-track-category=\"Link no Texto\" data-track-links=\"\">Para ter prote\u00e7\u00e3o contra o sarampo, \u00e9 necess\u00e1rio ter tomado duas doses da vacina a partir do primeiro ano de vida, alerta a infectologista Suzi Berbert.<\/p>\n<\/div>\n<div class=\"mc-column content-text active-extra-styles \" data-block-type=\"unstyled\" data-block-weight=\"50\" data-block-id=\"20\">\n<p class=\"content-text__container \" data-track-category=\"Link no Texto\" data-track-links=\"\">A pr\u00e1tica mais comum hoje \u00e9 vacinar as crian\u00e7as pela primeira vez aos 12 meses e voltar para a segunda dose j\u00e1 aos 15 meses. A vacina tr\u00edplice viral, que protege contra sarampo, caxumba e rub\u00e9ola, \u00e9 oferecida gratuitamente durante todo o ano pelo Sistema \u00danico de Sa\u00fade (SUS).<\/p>\n<p class=\"content-text__container \" data-track-category=\"Link no Texto\" data-track-links=\"\">No passado recente, por\u00e9m, a pr\u00e1tica era que a primeira dose fosse aplicada aos 12 meses e a segunda s\u00f3 depois dos 15 anos de idade.<\/p>\n<\/div>\n<div class=\"mc-column content-text active-extra-styles\" data-block-type=\"raw\" data-block-weight=\"48\" data-block-id=\"23\">\n<blockquote class=\"content-blockquote theme-border-color-primary-before\"><p>&#8220;Era dada apenas uma dose na inf\u00e2ncia porque se acreditava ser suficiente, mas depois de 10, 15 anos o sistema imunol\u00f3gico &#8216;desaprendia&#8217; e precisava ser refor\u00e7ado. Tem muito adolescente e jovem que ainda era daquela \u00e9poca, que tem que receber a segunda dose&#8221;, disse e m\u00e9dica Suzi Berbert.<\/p><\/blockquote>\n<\/div>\n<div class=\"mc-column content-text active-extra-styles \" data-block-type=\"unstyled\" data-block-weight=\"24\" data-block-id=\"24\">\n<p class=\"content-text__container \" data-track-category=\"Link no Texto\" data-track-links=\"\">Por isso, segundo ela, \u00e9 importante que as pessoas sempre confiram a carteira de vacina\u00e7\u00e3o para saber se est\u00e3o com a imuniza\u00e7\u00e3o em dia.<\/p>\n<\/div>\n<div class=\"mc-column content-text active-extra-styles\" data-block-type=\"raw\" data-block-weight=\"7\" data-block-id=\"25\">\n<div class=\"content-intertitle\">\n<h2>E quem perdeu a carteira de vacina\u00e7\u00e3o?<\/h2>\n<\/div>\n<\/div>\n<div class=\"mc-column content-text active-extra-styles \" data-block-type=\"unstyled\" data-block-weight=\"40\" data-block-id=\"26\">\n<p class=\"content-text__container \" data-track-category=\"Link no Texto\" data-track-links=\"\">Para as pessoas que n\u00e3o t\u00eam certeza se j\u00e1 receberam a segunda dose da vacina contra o sarampo, Suzi Berbert recomenda tomar mais uma dose no posto de sa\u00fade. Segundo ela, n\u00e3o existe problema em tomar mais de duas doses.<\/p>\n<\/div>\n<div class=\"mc-column content-text active-extra-styles \" data-block-type=\"unstyled\" data-block-weight=\"48\" data-block-id=\"27\">\n<p class=\"content-text__container \" data-track-category=\"Link no Texto\" data-track-links=\"\">A vacina s\u00f3 \u00e9 contraindicada para gestantes e pessoas com baixa imunidade, como pacientes em tratamento contra o c\u00e2ncer ou portadores de doen\u00e7as que derrubam o sistema imunol\u00f3gico, como a gripe, porque a vacina \u00e9 feita com v\u00edrus vivo e atenuado, o que pode causar alguns efeitos colaterais.<\/p>\n<div class=\"mc-column content-text active-extra-styles\" data-block-type=\"raw\" data-block-weight=\"3\" data-block-id=\"29\">\n<div class=\"content-intertitle\">\n<h2>Campanha de imuniza\u00e7\u00e3o<\/h2>\n<\/div>\n<\/div>\n<div class=\"mc-column content-text active-extra-styles \" data-block-type=\"unstyled\" data-block-weight=\"87\" data-block-id=\"30\">\n<p class=\"content-text__container \" data-track-category=\"Link no Texto\" data-track-links=\"\">A especialista explica que cada regi\u00e3o tem uma estrat\u00e9gia de combate \u00e0 doen\u00e7a e, nas \u00e1reas em que se identifica um surto, h\u00e1 uma articula\u00e7\u00e3o para controlar e evitar que mais pessoas entrem em contato com o v\u00edrus. &#8220;A ideia \u00e9 impedir a circula\u00e7\u00e3o do v\u00edrus. Se vacina o maior n\u00famero de pessoas no menor espa\u00e7o de tempo nestas campanhas. Em regi\u00f5es onde n\u00e3o h\u00e1 uma campanha, porque n\u00e3o est\u00e3o com surto da doen\u00e7a, falamos de &#8216;intensifica\u00e7\u00e3o&#8217;, que \u00e9 como se fosse um sinal amarelo.&#8221;<\/p>\n<\/div>\n<div class=\"mc-column content-text active-extra-styles \" data-block-type=\"unstyled\" data-block-weight=\"18\" data-block-id=\"32\">\n<p class=\"content-text__container \" data-track-category=\"Link no Texto\" data-track-links=\"\"><a href=\"https:\/\/g1.globo.com\/bemestar\/sarampo\/noticia\/2019\/07\/17\/brasil-confirma-426-casos-de-sarampo-em-2019-numeros-disparam-em-sp.ghtml\">O surto atual acomete principalmente jovens adultos, na faixa de 20 anos<\/a>, foco principal das campanhas de imuniza\u00e7\u00e3o.<\/p>\n<\/div>\n<div class=\"mc-column content-text active-extra-styles \" data-block-type=\"unstyled\" data-block-weight=\"35\" data-block-id=\"33\">\n<p class=\"content-text__container \" data-track-category=\"Link no Texto\" data-track-links=\"\">J\u00e1 as crian\u00e7as com menos de um ano que se vacinarem agora por op\u00e7\u00e3o do pediatra e devido ao surto atual, dever\u00e3o tomar uma nova dose aos 12 meses, quando a vacina ganha maior efic\u00e1cia.<\/p>\n<\/div>\n<div class=\"mc-column content-text active-extra-styles\" data-block-type=\"raw\" data-block-weight=\"3\" data-block-id=\"34\">\n<div class=\"content-intertitle\">\n<h2>Surtos no pa\u00eds<\/h2>\n<\/div>\n<\/div>\n<div class=\"mc-column content-text active-extra-styles \" data-block-type=\"unstyled\" data-block-weight=\"46\" data-block-id=\"35\">\n<p class=\"content-text__container \" data-track-category=\"Link no Texto\" data-track-links=\"\">Antes considerado um pa\u00eds livre do sarampo, o Brasil perdeu o certificado de elimina\u00e7\u00e3o da doen\u00e7a concedido pela Organiza\u00e7\u00e3o Pan-Americana da Sa\u00fade (OPAS) em fevereiro deste ano, ap\u00f3s registrar mais de 10 mil casos em 2018. O surto aconteceu principalmente nos estados de Amazonas e Roraima.<\/p>\n<\/div>\n<div class=\"mc-column content-text active-extra-styles \" data-block-type=\"unstyled\" data-block-weight=\"24\" data-block-id=\"36\">\n<p class=\"content-text__container \" data-track-category=\"Link no Texto\" data-track-links=\"\">Em 2019, o \u00faltimo balan\u00e7o epidemiol\u00f3gico do Minist\u00e9rio da Sa\u00fade, divulgado no dia 17 de julho, apontava\u00a0<a href=\"https:\/\/g1.globo.com\/bemestar\/sarampo\/noticia\/2019\/07\/17\/brasil-confirma-426-casos-de-sarampo-em-2019-numeros-disparam-em-sp.ghtml\">426 casos em sete estados do pa\u00eds<\/a>.<\/p>\n<p data-track-category=\"Link no Texto\" data-track-links=\"\"><img loading=\"lazy\" decoding=\"async\" class=\"alignnone size-full wp-image-1770\" src=\"http:\/\/jorgezanoni.com.br\/2019\/wp-content\/uploads\/2019\/07\/sarampo-1.jpg\" alt=\"\" width=\"1000\" height=\"1824\" srcset=\"https:\/\/jorgezanoni.com.br\/2019\/wp-content\/uploads\/2019\/07\/sarampo-1.jpg 1000w, https:\/\/jorgezanoni.com.br\/2019\/wp-content\/uploads\/2019\/07\/sarampo-1-164x300.jpg 164w, https:\/\/jorgezanoni.com.br\/2019\/wp-content\/uploads\/2019\/07\/sarampo-1-768x1401.jpg 768w, https:\/\/jorgezanoni.com.br\/2019\/wp-content\/uploads\/2019\/07\/sarampo-1-561x1024.jpg 561w, https:\/\/jorgezanoni.com.br\/2019\/wp-content\/uploads\/2019\/07\/sarampo-1-696x1270.jpg 696w, https:\/\/jorgezanoni.com.br\/2019\/wp-content\/uploads\/2019\/07\/sarampo-1-230x420.jpg 230w\" sizes=\"auto, (max-width: 1000px) 100vw, 1000px\" \/><\/p>\n<p data-track-category=\"Link no Texto\" data-track-links=\"\">Fonte: G1<\/p>\n<\/div>\n<\/div>\n<\/div>\n","protected":false},"excerpt":{"rendered":"<p>Doen\u00e7a \u00e9 altamente contagiosa e vacina \u00e9 dada em duas doses; em S\u00e3o Paulo, a prefeitura orienta que todas as pessoas entre 15 e 29 anos tomem a vacina, mesmo que j\u00e1 recebido a dupla imuniza\u00e7\u00e3o. Doen\u00e7a considerada erradicada no Brasil at\u00e9 o ano passado, o sarampo j\u00e1 teve mais de 420 casos registrados no [&hellip;]<\/p>\n","protected":false},"author":1,"featured_media":1774,"comment_status":"open","ping_status":"open","sticky":false,"template":"","format":"standard","meta":{"footnotes":""},"categories":[122],"tags":[],"class_list":["post-1766","post","type-post","status-publish","format-standard","has-post-thumbnail","hentry","category-saudeeducacaoeconcurso"],"_links":{"self":[{"href":"https:\/\/jorgezanoni.com.br\/2019\/wp-json\/wp\/v2\/posts\/1766","targetHints":{"allow":["GET"]}}],"collection":[{"href":"https:\/\/jorgezanoni.com.br\/2019\/wp-json\/wp\/v2\/posts"}],"about":[{"href":"https:\/\/jorgezanoni.com.br\/2019\/wp-json\/wp\/v2\/types\/post"}],"author":[{"embeddable":true,"href":"https:\/\/jorgezanoni.com.br\/2019\/wp-json\/wp\/v2\/users\/1"}],"replies":[{"embeddable":true,"href":"https:\/\/jorgezanoni.com.br\/2019\/wp-json\/wp\/v2\/comments?post=1766"}],"version-history":[{"count":0,"href":"https:\/\/jorgezanoni.com.br\/2019\/wp-json\/wp\/v2\/posts\/1766\/revisions"}],"wp:featuredmedia":[{"embeddable":true,"href":"https:\/\/jorgezanoni.com.br\/2019\/wp-json\/wp\/v2\/media\/1774"}],"wp:attachment":[{"href":"https:\/\/jorgezanoni.com.br\/2019\/wp-json\/wp\/v2\/media?parent=1766"}],"wp:term":[{"taxonomy":"category","embeddable":true,"href":"https:\/\/jorgezanoni.com.br\/2019\/wp-json\/wp\/v2\/categories?post=1766"},{"taxonomy":"post_tag","embeddable":true,"href":"https:\/\/jorgezanoni.com.br\/2019\/wp-json\/wp\/v2\/tags?post=1766"}],"curies":[{"name":"wp","href":"https:\/\/api.w.org\/{rel}","templated":true}]}}