{"id":17617,"date":"2020-01-31T00:00:57","date_gmt":"2020-01-31T00:00:57","guid":{"rendered":"https:\/\/jorgezanoni.com.br\/2019\/?p=17617"},"modified":"2020-01-31T00:00:57","modified_gmt":"2020-01-31T00:00:57","slug":"garoto-morador-do-jardim-brasilandia-em-dracena-esta-desaparecido","status":"publish","type":"post","link":"https:\/\/jorgezanoni.com.br\/2019\/garoto-morador-do-jardim-brasilandia-em-dracena-esta-desaparecido\/","title":{"rendered":"Garoto morador do jardim Brasil\u00e2ndia em Dracena est\u00e1 desaparecido"},"content":{"rendered":"<p style=\"text-align: justify;\">HEITOR AUGUSTO GOMES MACEDO de 11 anos de idade, saiu de sua resid\u00eancia as 14:00 Horas de hoje (30) e n\u00e3o deu mais not\u00edcias.<\/p>\n<p style=\"text-align: justify;\">Estava trajando Short Vermelho com o s\u00edmbolo de Mar\u00edlia, Camisa Laranja e Bon\u00e9 Preto.<\/p>\n<p style=\"text-align: justify;\">Qualquer informa\u00e7\u00e3o pode ser passada para a Pol\u00edcia Militar ou no Cel. (18) 99736-6744<\/p>\n<p style=\"text-align: justify;\">\n<p>&nbsp;<\/p>\n","protected":false},"excerpt":{"rendered":"<p>HEITOR AUGUSTO GOMES MACEDO de 11 anos de idade, saiu de sua resid\u00eancia as 14:00 Horas de hoje (30) e n\u00e3o deu mais not\u00edcias. Estava trajando Short Vermelho com o s\u00edmbolo de Mar\u00edlia, Camisa Laranja e Bon\u00e9 Preto. Qualquer informa\u00e7\u00e3o pode ser passada para a Pol\u00edcia Militar ou no Cel. (18) 99736-6744 &nbsp;<\/p>\n","protected":false},"author":1,"featured_media":17618,"comment_status":"closed","ping_status":"open","sticky":false,"template":"","format":"standard","meta":{"footnotes":""},"categories":[110,2],"tags":[],"class_list":["post-17617","post","type-post","status-publish","format-standard","has-post-thumbnail","hentry","category-noticiasdestaque","category-policial"],"_links":{"self":[{"href":"https:\/\/jorgezanoni.com.br\/2019\/wp-json\/wp\/v2\/posts\/17617","targetHints":{"allow":["GET"]}}],"collection":[{"href":"https:\/\/jorgezanoni.com.br\/2019\/wp-json\/wp\/v2\/posts"}],"about":[{"href":"https:\/\/jorgezanoni.com.br\/2019\/wp-json\/wp\/v2\/types\/post"}],"author":[{"embeddable":true,"href":"https:\/\/jorgezanoni.com.br\/2019\/wp-json\/wp\/v2\/users\/1"}],"replies":[{"embeddable":true,"href":"https:\/\/jorgezanoni.com.br\/2019\/wp-json\/wp\/v2\/comments?post=17617"}],"version-history":[{"count":0,"href":"https:\/\/jorgezanoni.com.br\/2019\/wp-json\/wp\/v2\/posts\/17617\/revisions"}],"wp:featuredmedia":[{"embeddable":true,"href":"https:\/\/jorgezanoni.com.br\/2019\/wp-json\/wp\/v2\/media\/17618"}],"wp:attachment":[{"href":"https:\/\/jorgezanoni.com.br\/2019\/wp-json\/wp\/v2\/media?parent=17617"}],"wp:term":[{"taxonomy":"category","embeddable":true,"href":"https:\/\/jorgezanoni.com.br\/2019\/wp-json\/wp\/v2\/categories?post=17617"},{"taxonomy":"post_tag","embeddable":true,"href":"https:\/\/jorgezanoni.com.br\/2019\/wp-json\/wp\/v2\/tags?post=17617"}],"curies":[{"name":"wp","href":"https:\/\/api.w.org\/{rel}","templated":true}]}}