{"id":17590,"date":"2020-01-30T21:19:37","date_gmt":"2020-01-30T21:19:37","guid":{"rendered":"https:\/\/jorgezanoni.com.br\/2019\/?p=17590"},"modified":"2020-01-30T21:19:37","modified_gmt":"2020-01-30T21:19:37","slug":"exemplo-apos-mobilizacao-de-morador-cachoeira-paulista-reduz-salario-de-vereadores","status":"publish","type":"post","link":"https:\/\/jorgezanoni.com.br\/2019\/exemplo-apos-mobilizacao-de-morador-cachoeira-paulista-reduz-salario-de-vereadores\/","title":{"rendered":"EXEMPLO: Ap\u00f3s mobiliza\u00e7\u00e3o de morador, Cachoeira Paulista reduz sal\u00e1rio de vereadores"},"content":{"rendered":"<h2 style=\"text-align: justify;\"><strong>Cada ocupante do cargo tem direito a um assessor comissionado, que ter\u00e1 sal\u00e1rio maior que de vereadores.<\/strong><\/h2>\n<p class=\"text\" style=\"text-align: justify;\">CACHOEIRA PAULISTA &#8211; A C\u00e2mara Municipal de Cachoeira Paulista, no Vale do Para\u00edba, a 210 km da capital paulista, aprovou na \u00faltima ter\u00e7a-feira, 28, um projeto de lei que reduz os sal\u00e1rios dos vereadores da pr\u00f3xima legislatura (2021 a 2024), que ser\u00e3o eleitos em outubro. Atualmente, eles recebem R$ 4,2 mil e os futuros vereadores passar\u00e3o a receber R$ 1,3 mil.<\/p>\n<p style=\"text-align: justify;\">Cada vereador tem direito a um assessor, cujo sal\u00e1rio \u00e9 maior: R$ 1,6 mil.<\/p>\n<p style=\"text-align: justify;\">Segundo o vereador Dimas Estevan Barbosa (PTB), um dos autores da proposta, a movimenta\u00e7\u00e3o teria surgido em 2019, quando um morador da cidade se prop\u00f4s a apresentar um projeto de lei de iniciativa popular para reduzir em 20% o sal\u00e1rio dos vereadores e do prefeito, mas n\u00e3o conseguiu o n\u00famero necess\u00e1rio de assinaturas.<\/p>\n<p style=\"text-align: justify;\">&#8220;Comecei a postar no meu perfil e compartilhar em outros grupos da cidade. A repercuss\u00e3o foi boa, mas n\u00e3o consegui meu objetivo. Estou me sentindo realizado como cidad\u00e3o&#8221;, disse o morador Luan Amorim.<\/p>\n<p class=\"text\" style=\"text-align: justify;\">O munic\u00edpio tem 25.386 eleitores, segundo o Tribunal Regional Eleitoral (TRE) e, para ser apresentado o projeto, teria que ter o apoio de 1% desse total, ou seja, 254 eleitores. \u00c0 reportagem, Amorim afirmou que apesar de ter ido \u00e0s ruas e de ter usado intensamente as redes sociais para mobilizar a popula\u00e7\u00e3o, conseguiu apenas 180 assinaturas.<\/p>\n<p class=\"text\" style=\"text-align: justify;\">&#8220;As pessoas tinham medo de se expor, porque precisavam colocar nome completo e t\u00edtulo de eleitor. Como nenhum vereador tinha aderido ainda \u00e0 ideia, elas ficavam receosas de repres\u00e1lias&#8221;, afirmou Amorim.<\/p>\n<p class=\"text\" style=\"text-align: justify;\">O vereador Dimas Barbosa, al\u00e9m de co-autor do projeto, encabe\u00e7ado pelo vereador Ilwanderson de Oliveira (PSB), o Nen\u00ea do S\u00e3o Jo\u00e3o, tamb\u00e9m foi um dos sete votos favor\u00e1veis ao projeto, que teve cinco votos contr\u00e1rios. Barbosa argumenta que pautou seu posicionamento por duas raz\u00f5es: a situa\u00e7\u00e3o do munic\u00edpio, que passa por dificuldades financeiras, e o &#8220;clamor popular&#8221;.<\/p>\n<p class=\"text\" style=\"text-align: justify;\">Segundo ele, numa enquete realizada na cidade, a medida teve aprova\u00e7\u00e3o de 60% dos moradores. &#8220;N\u00e3o \u00e9 demagogia, \u00e9 uma forma de contribuir&#8221;, disse ele, que \u00e9 candidato a reelei\u00e7\u00e3o, assim como outros cinco dos vereadores que votaram a favor.<\/p>\n<p class=\"text\" style=\"text-align: justify;\">J\u00e1 o vereador Thales Satim (PSC), um dos votos contr\u00e1rios, disse que n\u00e3o acha justo que haja redu\u00e7\u00e3o dos subs\u00eddios porque, al\u00e9m da dedica\u00e7\u00e3o que o vereador tem que ter para exercer plenamente seu mandato, isso tamb\u00e9m significa que os ocupantes do cargo v\u00e3o ganhar menos que seus assessores. Cada ocupante do cargo tem direito a um assessor comissionado, com sal\u00e1rio de R$ 1,6 mil mais vale refei\u00e7\u00e3o de R$ 300.<\/p>\n<p class=\"text\" style=\"text-align: justify;\">&#8220;Desde o in\u00edcio, me manifestei contr\u00e1rio. Acredito que todos que trabalham de verdade merecem receber. Para exercer o mandato adequadamente, temos que ir \u00e0 C\u00e2mara para atender os mun\u00edcipes, participar da comiss\u00f5es, ler e estudar os projetos de lei e outras exig\u00eancias. Pautei-me na forma como eu trabalho&#8221;, afirmou. Advogado, ele disse que j\u00e1 pensava em n\u00e3o ser candidato \u00e0 reelei\u00e7\u00e3o, pois o exerc\u00edcio do mandato cerceia muitas de suas atribui\u00e7\u00f5es como profissional. &#8220;Com essa redu\u00e7\u00e3o, vou estudar se continuo ou n\u00e3o&#8221;, disse.<\/p>\n<p style=\"text-align: justify;\">Fonte: Terra.com.br<\/p>\n<div class=\"related-news-shell\">\n<div class=\"related-news anchor-right border-news \">\n<h2 style=\"text-align: justify;\"><\/h2>\n<\/div>\n<\/div>\n","protected":false},"excerpt":{"rendered":"<p>Cada ocupante do cargo tem direito a um assessor comissionado, que ter\u00e1 sal\u00e1rio maior que de vereadores. CACHOEIRA PAULISTA &#8211; A C\u00e2mara Municipal de Cachoeira Paulista, no Vale do Para\u00edba, a 210 km da capital paulista, aprovou na \u00faltima ter\u00e7a-feira, 28, um projeto de lei que reduz os sal\u00e1rios dos vereadores da pr\u00f3xima legislatura (2021 [&hellip;]<\/p>\n","protected":false},"author":1,"featured_media":17591,"comment_status":"closed","ping_status":"open","sticky":false,"template":"","format":"standard","meta":{"footnotes":""},"categories":[110,116],"tags":[],"class_list":["post-17590","post","type-post","status-publish","format-standard","has-post-thumbnail","hentry","category-noticiasdestaque","category-politicaeeconomia"],"_links":{"self":[{"href":"https:\/\/jorgezanoni.com.br\/2019\/wp-json\/wp\/v2\/posts\/17590","targetHints":{"allow":["GET"]}}],"collection":[{"href":"https:\/\/jorgezanoni.com.br\/2019\/wp-json\/wp\/v2\/posts"}],"about":[{"href":"https:\/\/jorgezanoni.com.br\/2019\/wp-json\/wp\/v2\/types\/post"}],"author":[{"embeddable":true,"href":"https:\/\/jorgezanoni.com.br\/2019\/wp-json\/wp\/v2\/users\/1"}],"replies":[{"embeddable":true,"href":"https:\/\/jorgezanoni.com.br\/2019\/wp-json\/wp\/v2\/comments?post=17590"}],"version-history":[{"count":0,"href":"https:\/\/jorgezanoni.com.br\/2019\/wp-json\/wp\/v2\/posts\/17590\/revisions"}],"wp:featuredmedia":[{"embeddable":true,"href":"https:\/\/jorgezanoni.com.br\/2019\/wp-json\/wp\/v2\/media\/17591"}],"wp:attachment":[{"href":"https:\/\/jorgezanoni.com.br\/2019\/wp-json\/wp\/v2\/media?parent=17590"}],"wp:term":[{"taxonomy":"category","embeddable":true,"href":"https:\/\/jorgezanoni.com.br\/2019\/wp-json\/wp\/v2\/categories?post=17590"},{"taxonomy":"post_tag","embeddable":true,"href":"https:\/\/jorgezanoni.com.br\/2019\/wp-json\/wp\/v2\/tags?post=17590"}],"curies":[{"name":"wp","href":"https:\/\/api.w.org\/{rel}","templated":true}]}}