{"id":1756,"date":"2019-07-22T23:24:38","date_gmt":"2019-07-22T23:24:38","guid":{"rendered":"http:\/\/jorgezanoni.com.br\/2019\/?p=1756"},"modified":"2019-07-22T23:24:38","modified_gmt":"2019-07-22T23:24:38","slug":"caminhoneiros-da-regiao-podem-parar-na-proxima-sexta-feira","status":"publish","type":"post","link":"https:\/\/jorgezanoni.com.br\/2019\/caminhoneiros-da-regiao-podem-parar-na-proxima-sexta-feira\/","title":{"rendered":"Caminhoneiros da regi\u00e3o podem parar na pr\u00f3xima sexta-feira"},"content":{"rendered":"<p>Caminhoneiros de todo o pa\u00eds podem parar esta semana, devido a nova tabela de frete da categoria que entrou em vigor nesta sexta-feira, 19 de julho.<\/p>\n<p>De acordo com Cristiano Obreli, propriet\u00e1rio de uma transportadora e integrante da diretoria do SindiCam de Ourinhos, est\u00e3o sendo feita pesquisas entre os caminhoneiros para verificar o interesse e ades\u00e3o a uma poss\u00edvel paralisa\u00e7\u00e3o no estado de S\u00e3o Paulo.<\/p>\n<p>A mobiliza\u00e7\u00e3o nacional est\u00e1 sendo organizada atrav\u00e9s de grupos no aplicativo de mensagens Whatsapp.<\/p>\n<p>Obreli considera que a nova tabela de frete, divulgada na quinta-feira, 18 e julho pela ANTT (Ag\u00eancia Nacional de Transportes Terrestres) favorece apenas o setor de agroneg\u00f3cio.<\/p>\n<p>\u201cOs valores desta nova tabela, n\u00e3o pagam nem os gastos que temos com a viagem, sendo assim fica insustent\u00e1vel a manuten\u00e7\u00e3o do trabalho\u201d, lembra.<\/p>\n<p>\u201cSabemos que em outras regi\u00f5es como no Nordeste a maioria j\u00e1 concordou com a paralisa\u00e7\u00e3o, e no Rio de Janeiro ela deve ocorrer j\u00e1 nesta segunda-feira (22 de julho), no estado de S\u00e3o Paulo ainda s\u00e3o feitas pesquisas e em nossa regi\u00e3o teremos uma assembleia na quinta-feira para definir a poss\u00edvel paralisa\u00e7\u00e3o, se aprovada ela deve ocorrer na sexta-feira (26 de julho)\u201d, explica.<\/p>\n<p>Fonte: Portal Regional<\/p>\n","protected":false},"excerpt":{"rendered":"<p>Caminhoneiros de todo o pa\u00eds podem parar esta semana, devido a nova tabela de frete da categoria que entrou em vigor nesta sexta-feira, 19 de julho. De acordo com Cristiano Obreli, propriet\u00e1rio de uma transportadora e integrante da diretoria do SindiCam de Ourinhos, est\u00e3o sendo feita pesquisas entre os caminhoneiros para verificar o interesse e [&hellip;]<\/p>\n","protected":false},"author":1,"featured_media":1758,"comment_status":"open","ping_status":"open","sticky":false,"template":"","format":"standard","meta":{"footnotes":""},"categories":[114,110],"tags":[],"class_list":["post-1756","post","type-post","status-publish","format-standard","has-post-thumbnail","hentry","category-geralecomercio","category-noticiasdestaque"],"_links":{"self":[{"href":"https:\/\/jorgezanoni.com.br\/2019\/wp-json\/wp\/v2\/posts\/1756","targetHints":{"allow":["GET"]}}],"collection":[{"href":"https:\/\/jorgezanoni.com.br\/2019\/wp-json\/wp\/v2\/posts"}],"about":[{"href":"https:\/\/jorgezanoni.com.br\/2019\/wp-json\/wp\/v2\/types\/post"}],"author":[{"embeddable":true,"href":"https:\/\/jorgezanoni.com.br\/2019\/wp-json\/wp\/v2\/users\/1"}],"replies":[{"embeddable":true,"href":"https:\/\/jorgezanoni.com.br\/2019\/wp-json\/wp\/v2\/comments?post=1756"}],"version-history":[{"count":0,"href":"https:\/\/jorgezanoni.com.br\/2019\/wp-json\/wp\/v2\/posts\/1756\/revisions"}],"wp:featuredmedia":[{"embeddable":true,"href":"https:\/\/jorgezanoni.com.br\/2019\/wp-json\/wp\/v2\/media\/1758"}],"wp:attachment":[{"href":"https:\/\/jorgezanoni.com.br\/2019\/wp-json\/wp\/v2\/media?parent=1756"}],"wp:term":[{"taxonomy":"category","embeddable":true,"href":"https:\/\/jorgezanoni.com.br\/2019\/wp-json\/wp\/v2\/categories?post=1756"},{"taxonomy":"post_tag","embeddable":true,"href":"https:\/\/jorgezanoni.com.br\/2019\/wp-json\/wp\/v2\/tags?post=1756"}],"curies":[{"name":"wp","href":"https:\/\/api.w.org\/{rel}","templated":true}]}}