{"id":17539,"date":"2020-01-30T12:05:25","date_gmt":"2020-01-30T12:05:25","guid":{"rendered":"https:\/\/jorgezanoni.com.br\/2019\/?p=17539"},"modified":"2020-01-30T12:06:50","modified_gmt":"2020-01-30T12:06:50","slug":"escola-rei-davi-firma-convenio-com-a-ace-de-dracena","status":"publish","type":"post","link":"https:\/\/jorgezanoni.com.br\/2019\/escola-rei-davi-firma-convenio-com-a-ace-de-dracena\/","title":{"rendered":"Escola Rei Davi firma conv\u00eanio com a ACE de Dracena"},"content":{"rendered":"<p style=\"text-align: justify;\">Escola Rei Davi firma conv\u00eanio com a ACE \u2013 Associa\u00e7\u00e3o Comercial e Empresarial de Dracena \ud83d\udc51<\/p>\n<p style=\"text-align: justify;\">Esta semana foi firmado o conv\u00eanio entre a Associa\u00e7\u00e3o Comercial e Empresarial de Dracena e a Escola de Ensino Infantil Rei Davi. Com isso, os empres\u00e1rios, funcion\u00e1rios e seus dependentes \u2013 associados \u00e0 ACE \u2013 ter\u00e3o descontos nas mensalidades. O valor do desconto \u00e9 muito expressivo e ir\u00e1 beneficiar os associados que possuem filhos desde o ber\u00e7\u00e1rio at\u00e9 o Jardim II. Tamb\u00e9m, existem as op\u00e7\u00f5es de per\u00edodo integral, meio per\u00edodo e contra turno.<\/p>\n<p style=\"text-align: justify;\">Escola Infantil \u2b50 Rei Davi \u2b50<br \/>\nA Rei Davi e formada por uma equipe pedag\u00f3gica capacitada, competente e experiente em todas as fases evolutivas das crian\u00e7as. Adotamos o Sistema de Ensino Mackenzie, com materiais pedag\u00f3gicos continuamente atualizados e considerado um dos melhores sistemas de ensino do Brasil.<\/p>\n<p style=\"text-align: justify;\">Para mais informa\u00e7\u00f5es, entre em contato com a secretaria da escola:<\/p>\n<p style=\"text-align: justify;\">\u260eTelefone: (18) 3822-1427<br \/>\n\ud83d\udcf1WhatsApp: (18) 9 9771-8516<br \/>\n\ud83d\udc49Ou clique aqui: https:\/\/tinyurl.com\/whatsreidavi<br \/>\nEscola Infantil \u2b50 Rei Davi \u2b50 \u2013 \u201cEduca\u00e7\u00e3o por Princ\u00edpios\u201d<br \/>\nRua Ant\u00f4nio Martins, 91 \u2013 Dracena-SP<\/p>\n","protected":false},"excerpt":{"rendered":"<p>Escola Rei Davi firma conv\u00eanio com a ACE \u2013 Associa\u00e7\u00e3o Comercial e Empresarial de Dracena \ud83d\udc51 Esta semana foi firmado o conv\u00eanio entre a Associa\u00e7\u00e3o Comercial e Empresarial de Dracena e a Escola de Ensino Infantil Rei Davi. Com isso, os empres\u00e1rios, funcion\u00e1rios e seus dependentes \u2013 associados \u00e0 ACE \u2013 ter\u00e3o descontos nas mensalidades. [&hellip;]<\/p>\n","protected":false},"author":1,"featured_media":17542,"comment_status":"closed","ping_status":"open","sticky":false,"template":"","format":"standard","meta":{"footnotes":""},"categories":[110,122],"tags":[],"class_list":["post-17539","post","type-post","status-publish","format-standard","has-post-thumbnail","hentry","category-noticiasdestaque","category-saudeeducacaoeconcurso"],"_links":{"self":[{"href":"https:\/\/jorgezanoni.com.br\/2019\/wp-json\/wp\/v2\/posts\/17539","targetHints":{"allow":["GET"]}}],"collection":[{"href":"https:\/\/jorgezanoni.com.br\/2019\/wp-json\/wp\/v2\/posts"}],"about":[{"href":"https:\/\/jorgezanoni.com.br\/2019\/wp-json\/wp\/v2\/types\/post"}],"author":[{"embeddable":true,"href":"https:\/\/jorgezanoni.com.br\/2019\/wp-json\/wp\/v2\/users\/1"}],"replies":[{"embeddable":true,"href":"https:\/\/jorgezanoni.com.br\/2019\/wp-json\/wp\/v2\/comments?post=17539"}],"version-history":[{"count":0,"href":"https:\/\/jorgezanoni.com.br\/2019\/wp-json\/wp\/v2\/posts\/17539\/revisions"}],"wp:featuredmedia":[{"embeddable":true,"href":"https:\/\/jorgezanoni.com.br\/2019\/wp-json\/wp\/v2\/media\/17542"}],"wp:attachment":[{"href":"https:\/\/jorgezanoni.com.br\/2019\/wp-json\/wp\/v2\/media?parent=17539"}],"wp:term":[{"taxonomy":"category","embeddable":true,"href":"https:\/\/jorgezanoni.com.br\/2019\/wp-json\/wp\/v2\/categories?post=17539"},{"taxonomy":"post_tag","embeddable":true,"href":"https:\/\/jorgezanoni.com.br\/2019\/wp-json\/wp\/v2\/tags?post=17539"}],"curies":[{"name":"wp","href":"https:\/\/api.w.org\/{rel}","templated":true}]}}