{"id":17535,"date":"2020-01-30T11:14:00","date_gmt":"2020-01-30T11:14:00","guid":{"rendered":"https:\/\/jorgezanoni.com.br\/2019\/?p=17535"},"modified":"2020-01-30T11:15:55","modified_gmt":"2020-01-30T11:15:55","slug":"acidente-mata-duas-pessoas-em-lucelia-na-sp-294","status":"publish","type":"post","link":"https:\/\/jorgezanoni.com.br\/2019\/acidente-mata-duas-pessoas-em-lucelia-na-sp-294\/","title":{"rendered":"Acidente mata duas pessoas em Luc\u00e9lia na SP-294"},"content":{"rendered":"<h2 class=\"subtitulo\" style=\"text-align: justify;\"><strong>Ocupantes de moto s\u00e3o v\u00edtimas fatais, ap\u00f3s batida de frente com autom\u00f3vel.<\/strong><\/h2>\n<p style=\"text-align: justify;\">Dois ocupantes de uma moto morreram, ap\u00f3s batida de frente contra um autom\u00f3vel no munic\u00edpio de Luc\u00e9lia nesta quarta-feira, 29, na Rodovia Comandante Jo\u00e3o Ribeiro de Barros (SP-294).<\/p>\n<p>De acordo com a Pol\u00edcia Rodovi\u00e1ria de Adamantina, a moto Honda CG com placa de Adamantina trafegava no sentido de In\u00fabia Paulista a Adamantina e o carro Fiat Siena com placas de Marialva-PR em sentido contr\u00e1rio. Por motivos a serem apurados, quando se cruzaram houve o choque.<\/p>\n<p>Motorista do Fiat Siena teve ferimentos leves. As tr\u00eas v\u00edtimas chegaram a ser socorridas at\u00e9 um hospital de Luc\u00e9lia, mas devido \u00e0 gravidade da ocorr\u00eancia os ocupantes da moto n\u00e3o suportaram os ferimentos e morreram.<\/p>\n<p>A per\u00edcia esteve no local para coleta de provas. O Corpo de Bombeiros de Adamantina e o DER deram apoio ao atendimento do caso registrado pela Pol\u00edcia Rodovi\u00e1ria de Adamantina.<\/p>\n<p style=\"text-align: justify;\">Fonte: Ocnet.com.br<\/p>\n","protected":false},"excerpt":{"rendered":"<p>Ocupantes de moto s\u00e3o v\u00edtimas fatais, ap\u00f3s batida de frente com autom\u00f3vel. Dois ocupantes de uma moto morreram, ap\u00f3s batida de frente contra um autom\u00f3vel no munic\u00edpio de Luc\u00e9lia nesta quarta-feira, 29, na Rodovia Comandante Jo\u00e3o Ribeiro de Barros (SP-294). De acordo com a Pol\u00edcia Rodovi\u00e1ria de Adamantina, a moto Honda CG com placa de [&hellip;]<\/p>\n","protected":false},"author":1,"featured_media":17536,"comment_status":"closed","ping_status":"open","sticky":false,"template":"","format":"standard","meta":{"footnotes":""},"categories":[170,110],"tags":[],"class_list":["post-17535","post","type-post","status-publish","format-standard","has-post-thumbnail","hentry","category-acidentes","category-noticiasdestaque"],"_links":{"self":[{"href":"https:\/\/jorgezanoni.com.br\/2019\/wp-json\/wp\/v2\/posts\/17535","targetHints":{"allow":["GET"]}}],"collection":[{"href":"https:\/\/jorgezanoni.com.br\/2019\/wp-json\/wp\/v2\/posts"}],"about":[{"href":"https:\/\/jorgezanoni.com.br\/2019\/wp-json\/wp\/v2\/types\/post"}],"author":[{"embeddable":true,"href":"https:\/\/jorgezanoni.com.br\/2019\/wp-json\/wp\/v2\/users\/1"}],"replies":[{"embeddable":true,"href":"https:\/\/jorgezanoni.com.br\/2019\/wp-json\/wp\/v2\/comments?post=17535"}],"version-history":[{"count":0,"href":"https:\/\/jorgezanoni.com.br\/2019\/wp-json\/wp\/v2\/posts\/17535\/revisions"}],"wp:featuredmedia":[{"embeddable":true,"href":"https:\/\/jorgezanoni.com.br\/2019\/wp-json\/wp\/v2\/media\/17536"}],"wp:attachment":[{"href":"https:\/\/jorgezanoni.com.br\/2019\/wp-json\/wp\/v2\/media?parent=17535"}],"wp:term":[{"taxonomy":"category","embeddable":true,"href":"https:\/\/jorgezanoni.com.br\/2019\/wp-json\/wp\/v2\/categories?post=17535"},{"taxonomy":"post_tag","embeddable":true,"href":"https:\/\/jorgezanoni.com.br\/2019\/wp-json\/wp\/v2\/tags?post=17535"}],"curies":[{"name":"wp","href":"https:\/\/api.w.org\/{rel}","templated":true}]}}