{"id":17522,"date":"2020-01-29T23:53:26","date_gmt":"2020-01-29T23:53:26","guid":{"rendered":"https:\/\/jorgezanoni.com.br\/2019\/?p=17522"},"modified":"2020-01-29T23:53:26","modified_gmt":"2020-01-29T23:53:26","slug":"rede-municipal-de-educacao-de-dracena-iniciara-ano-letivo-no-dia-3-de-fevereiro","status":"publish","type":"post","link":"https:\/\/jorgezanoni.com.br\/2019\/rede-municipal-de-educacao-de-dracena-iniciara-ano-letivo-no-dia-3-de-fevereiro\/","title":{"rendered":"Rede Municipal de Educa\u00e7\u00e3o de Dracena iniciar\u00e1 ano letivo no dia 3 de fevereiro"},"content":{"rendered":"<p style=\"text-align: justify;\">Na pr\u00f3xima segunda-feira (3) as unidades escolares da Rede Municipal de Dracena iniciar\u00e3o o ano letivo de 2020. Estar\u00e3o de volta aos estudos aproximadamente 4.300 alunos (as).<\/p>\n<p style=\"text-align: justify;\">Para dar in\u00edcio ao ano letivo, a Secretaria de Educa\u00e7\u00e3o do munic\u00edpio est\u00e1 promovendo uma semana de planejamento pedag\u00f3gico voltado aos docentes, gestores e quadro da equipe t\u00e9cnica da rede, a fim de que sejam realizados momentos de reflex\u00f5es e estudos para contribui\u00e7\u00e3o ao aprimoramento do trabalho na escola.<\/p>\n<p style=\"text-align: justify;\">Para esse momento, a Secret\u00e1ria de Educa\u00e7\u00e3o de Dracena Prof\u00aa Ms. Vanessa Red\u00edgolo Castilho destacou que \u201cas palestras agregam aos conhecimentos dos profissionais com temas pertinentes abordados pelos especialistas\u201d. Destaca ainda que \u201cque existe todo um preparo para que os alunos sejam muito bem recebidos nesse retorno\u201d.<\/p>\n<p style=\"text-align: justify;\">Os hor\u00e1rios de funcionamento de aulas nas Escolas Municipais de Ensino Fundamental e Infantil (EMEFI) s\u00e3o:<\/p>\n<ul style=\"text-align: justify;\">\n<li>Ensino Fundamental I: matutino das 7h \u00e0s 12h15 e vespertino das 12h40 \u00e0s 17h55<\/li>\n<li>Educa\u00e7\u00e3o Infantil (Pr\u00e9-Escola): matutino das 7h \u00e0s 11h25 e vespertino das 12h40 \u00e0s 17h05<\/li>\n<li>Escolas de Educa\u00e7\u00e3o Infantil (EMEI): das 7h \u00e0s 18h00<\/li>\n<li>Projeto Crian\u00e7a Feliz\/MUDARTE: matutino das 7h30 \u00e0s 11h30 e vespertino das 13h30 \u00e0s 16h30<\/li>\n<\/ul>\n<p><img loading=\"lazy\" decoding=\"async\" class=\"alignnone size-full wp-image-17524\" src=\"https:\/\/jorgezanoni.com.br\/2019\/wp-content\/uploads\/2020\/01\/volta1.jpg\" alt=\"\" width=\"134\" height=\"240\" \/><\/p>\n<p style=\"text-align: justify;\">A equipe da Secretaria de Educa\u00e7\u00e3o tomou todo o cuidado de prepara\u00e7\u00e3o das escolas para receber os alunos (as), uma empresa foi contratada para dedetiza\u00e7\u00e3o de todas as depend\u00eancias das escolas municipais.<\/p>\n<p style=\"text-align: justify;\">A Secretaria de Educa\u00e7\u00e3o est\u00e1 \u00e0 disposi\u00e7\u00e3o para informa\u00e7\u00f5es, telefone 3821-6383.<\/p>\n<p>Fonte: Diretoria de Comunica\u00e7\u00e3o<\/p>\n","protected":false},"excerpt":{"rendered":"<p>Na pr\u00f3xima segunda-feira (3) as unidades escolares da Rede Municipal de Dracena iniciar\u00e3o o ano letivo de 2020. Estar\u00e3o de volta aos estudos aproximadamente 4.300 alunos (as). Para dar in\u00edcio ao ano letivo, a Secretaria de Educa\u00e7\u00e3o do munic\u00edpio est\u00e1 promovendo uma semana de planejamento pedag\u00f3gico voltado aos docentes, gestores e quadro da equipe t\u00e9cnica [&hellip;]<\/p>\n","protected":false},"author":1,"featured_media":17523,"comment_status":"closed","ping_status":"open","sticky":false,"template":"","format":"standard","meta":{"footnotes":""},"categories":[122],"tags":[],"class_list":["post-17522","post","type-post","status-publish","format-standard","has-post-thumbnail","hentry","category-saudeeducacaoeconcurso"],"_links":{"self":[{"href":"https:\/\/jorgezanoni.com.br\/2019\/wp-json\/wp\/v2\/posts\/17522","targetHints":{"allow":["GET"]}}],"collection":[{"href":"https:\/\/jorgezanoni.com.br\/2019\/wp-json\/wp\/v2\/posts"}],"about":[{"href":"https:\/\/jorgezanoni.com.br\/2019\/wp-json\/wp\/v2\/types\/post"}],"author":[{"embeddable":true,"href":"https:\/\/jorgezanoni.com.br\/2019\/wp-json\/wp\/v2\/users\/1"}],"replies":[{"embeddable":true,"href":"https:\/\/jorgezanoni.com.br\/2019\/wp-json\/wp\/v2\/comments?post=17522"}],"version-history":[{"count":0,"href":"https:\/\/jorgezanoni.com.br\/2019\/wp-json\/wp\/v2\/posts\/17522\/revisions"}],"wp:featuredmedia":[{"embeddable":true,"href":"https:\/\/jorgezanoni.com.br\/2019\/wp-json\/wp\/v2\/media\/17523"}],"wp:attachment":[{"href":"https:\/\/jorgezanoni.com.br\/2019\/wp-json\/wp\/v2\/media?parent=17522"}],"wp:term":[{"taxonomy":"category","embeddable":true,"href":"https:\/\/jorgezanoni.com.br\/2019\/wp-json\/wp\/v2\/categories?post=17522"},{"taxonomy":"post_tag","embeddable":true,"href":"https:\/\/jorgezanoni.com.br\/2019\/wp-json\/wp\/v2\/tags?post=17522"}],"curies":[{"name":"wp","href":"https:\/\/api.w.org\/{rel}","templated":true}]}}