{"id":17509,"date":"2020-01-29T22:23:28","date_gmt":"2020-01-29T22:23:28","guid":{"rendered":"https:\/\/jorgezanoni.com.br\/2019\/?p=17509"},"modified":"2020-01-29T22:30:41","modified_gmt":"2020-01-29T22:30:41","slug":"neste-sabado-o-programa-caldeirao-do-huck-tera-participacao-de-dracenense-no-quadro-encontrando-familias","status":"publish","type":"post","link":"https:\/\/jorgezanoni.com.br\/2019\/neste-sabado-o-programa-caldeirao-do-huck-tera-participacao-de-dracenense-no-quadro-encontrando-familias\/","title":{"rendered":"Neste s\u00e1bado, o Programa Caldeir\u00e3o do Huck ter\u00e1 participa\u00e7\u00e3o de dracenense no quadro \u201cEncontrando Fam\u00edlias\u201d"},"content":{"rendered":"<p style=\"text-align: justify;\"><strong>Dracenense participar\u00e1 do quadro \u201cEncontrando Fam\u00edlias\u201d do dia 1\u00ba de fevereiro de 2020, no Caldeir\u00e3o, com apresenta\u00e7\u00e3o de Luciano Huck.<\/strong><\/p>\n<div style=\"width: 696px;\" class=\"wp-video\"><video class=\"wp-video-shortcode\" id=\"video-17509-1\" width=\"696\" height=\"394\" preload=\"metadata\" controls=\"controls\"><source type=\"video\/mp4\" src=\"https:\/\/jorgezanoni.com.br\/2019\/wp-content\/uploads\/2020\/01\/WhatsApp-Video-2020-01-28-at-15.14.54.mp4?_=1\" \/><a href=\"https:\/\/jorgezanoni.com.br\/2019\/wp-content\/uploads\/2020\/01\/WhatsApp-Video-2020-01-28-at-15.14.54.mp4\">https:\/\/jorgezanoni.com.br\/2019\/wp-content\/uploads\/2020\/01\/WhatsApp-Video-2020-01-28-at-15.14.54.mp4<\/a><\/video><\/div>\n<p style=\"text-align: justify;\">Veja a hist\u00f3ria completa na mat\u00e9ria publicada pelo Site JZ dia 7 de dezembro de 2019 no link: https:\/\/jorgezanoni.com.br\/2019\/2019\/12\/07\/programa-caldeirao-do-huck-tera-participacao-de-dracenense-no-quadro-encontrando-familias\/<\/p>\n<p style=\"text-align: justify;\">Jorge Zanoni<\/p>\n","protected":false},"excerpt":{"rendered":"<p>Dracenense participar\u00e1 do quadro \u201cEncontrando Fam\u00edlias\u201d do dia 1\u00ba de fevereiro de 2020, no Caldeir\u00e3o, com apresenta\u00e7\u00e3o de Luciano Huck. Veja a hist\u00f3ria completa na mat\u00e9ria publicada pelo Site JZ dia 7 de dezembro de 2019 no link: https:\/\/jorgezanoni.com.br\/2019\/2019\/12\/07\/programa-caldeirao-do-huck-tera-participacao-de-dracenense-no-quadro-encontrando-familias\/ Jorge Zanoni<\/p>\n","protected":false},"author":1,"featured_media":17511,"comment_status":"closed","ping_status":"open","sticky":false,"template":"","format":"video","meta":{"footnotes":""},"categories":[110,169],"tags":[],"class_list":["post-17509","post","type-post","status-publish","format-video","has-post-thumbnail","hentry","category-noticiasdestaque","category-videos","post_format-post-format-video"],"_links":{"self":[{"href":"https:\/\/jorgezanoni.com.br\/2019\/wp-json\/wp\/v2\/posts\/17509","targetHints":{"allow":["GET"]}}],"collection":[{"href":"https:\/\/jorgezanoni.com.br\/2019\/wp-json\/wp\/v2\/posts"}],"about":[{"href":"https:\/\/jorgezanoni.com.br\/2019\/wp-json\/wp\/v2\/types\/post"}],"author":[{"embeddable":true,"href":"https:\/\/jorgezanoni.com.br\/2019\/wp-json\/wp\/v2\/users\/1"}],"replies":[{"embeddable":true,"href":"https:\/\/jorgezanoni.com.br\/2019\/wp-json\/wp\/v2\/comments?post=17509"}],"version-history":[{"count":0,"href":"https:\/\/jorgezanoni.com.br\/2019\/wp-json\/wp\/v2\/posts\/17509\/revisions"}],"wp:featuredmedia":[{"embeddable":true,"href":"https:\/\/jorgezanoni.com.br\/2019\/wp-json\/wp\/v2\/media\/17511"}],"wp:attachment":[{"href":"https:\/\/jorgezanoni.com.br\/2019\/wp-json\/wp\/v2\/media?parent=17509"}],"wp:term":[{"taxonomy":"category","embeddable":true,"href":"https:\/\/jorgezanoni.com.br\/2019\/wp-json\/wp\/v2\/categories?post=17509"},{"taxonomy":"post_tag","embeddable":true,"href":"https:\/\/jorgezanoni.com.br\/2019\/wp-json\/wp\/v2\/tags?post=17509"}],"curies":[{"name":"wp","href":"https:\/\/api.w.org\/{rel}","templated":true}]}}