{"id":17501,"date":"2020-01-29T21:26:40","date_gmt":"2020-01-29T21:26:40","guid":{"rendered":"https:\/\/jorgezanoni.com.br\/2019\/?p=17501"},"modified":"2020-01-29T21:27:22","modified_gmt":"2020-01-29T21:27:22","slug":"gestao-em-comunicacao-organizacional","status":"publish","type":"post","link":"https:\/\/jorgezanoni.com.br\/2019\/gestao-em-comunicacao-organizacional\/","title":{"rendered":"Gest\u00e3o em Comunica\u00e7\u00e3o Organizacional &#8211; Parte 1."},"content":{"rendered":"<p style=\"text-align: justify;\"><strong>GEST\u00c3O EM<\/strong> <strong>COMUNICA\u00c7\u00c3O ORGANIZACIONAL \u2013 Parte 1.<\/strong><\/p>\n<p style=\"text-align: justify;\"><em>\u201cPara que todos os colaboradores estejam cientes das diretrizes da empresa, falando a mesma linguagem, com foco na comunica\u00e7\u00e3o do que a empresa faz, dos diferenciais dos produtos\/servi\u00e7os perante o mercado, planejaremos a comunica\u00e7\u00e3o interna e treinamentos correspondentes.\u201d (<\/em><a href=\"https:\/\/www.pensador.com\/autor\/zuleica_klauck\/\"><em>Zuleica Klauck<\/em><\/a><em>)<\/em><\/p>\n<p style=\"text-align: justify;\"><strong><em>S\u00e9rgio Barbosa (*)<\/em><\/strong><\/p>\n<p style=\"text-align: justify;\">Ap\u00f3s a d\u00e9cada de setenta do s\u00e9culo XX iniciou-se um processo sem precedentes de difus\u00e3o da comunica\u00e7\u00e3o em escala global. Novas maneiras de pensar e conv\u00edvio despontam no mundo das telecomunica\u00e7\u00f5es e inform\u00e1tica, a Internet torna-se, parafraseando Castells (2005), o tecido de nossas vidas.<\/p>\n<p style=\"text-align: justify;\">Briggs &amp; Burke (2002) em sua obra \u201cUma Hist\u00f3ria Social da M\u00eddia \u2013 De Gutemberg a Internet<a href=\"#_ftn1\" name=\"_ftnref1\">[1]<\/a>\u201d dimensiona os impactos que os computadores tiveram na vida das pessoas a partir dos anos setenta, quando deixaram de serem simples m\u00e1quinas de calcular, para fazer todos os tipos de servi\u00e7os.<\/p>\n<p style=\"text-align: justify;\">Vivemos na era da converg\u00eancia da comunica\u00e7\u00e3o por meio das Organiza\u00e7\u00f5es, conceito que para Dizard Jr. (2000) \u00e9 a condi\u00e7\u00e3o de um estado unido de m\u00eddia no qual todas as formas e instrumentos dos meios de comunica\u00e7\u00e3o se re\u00fanem por efeitos dos computadores e da digitaliza\u00e7\u00e3o, \u201co elemento comum \u00e9 a computadoriza\u00e7\u00e3o, uma tecnologia que vem apagando todas as antigas diferen\u00e7as que separam os servi\u00e7os da m\u00eddia do passado\u201d <a href=\"#_ftn2\" name=\"_ftnref2\">[2]<\/a>.<\/p>\n<p style=\"text-align: justify;\">Os impactos e consequ\u00eancias provocados pela converg\u00eancia da m\u00eddia revolucionaram as dimens\u00f5es da vida social contempor\u00e2nea, o mercado, a educa\u00e7\u00e3o, as rela\u00e7\u00f5es sociais, o jornalismo, a publicidade, as esferas institucionais e a cultura de um modo geral.<\/p>\n<p style=\"text-align: justify;\">Ali\u00e1s, como o processo de converg\u00eancia continua acontecendo, n\u00e3o sabemos avaliar ao certo seus impactos presentes e futuros, o que gera uma incerteza quanto a proje\u00e7\u00f5es da caracteriza\u00e7\u00e3o da m\u00eddia ainda para este mil\u00eanio.<\/p>\n<p style=\"text-align: justify;\">[1] BRIGGS, Asa e BURKE, Peter. Uma Hist\u00f3ria Social da M\u00eddia \u2013 De Gutemberg \u00e0<\/p>\n<p style=\"text-align: justify;\">\u00a0 Internet. Rio de Janeiro: Jorge Zahar, 2002.<\/p>\n<p style=\"text-align: justify;\">[1] DIZARD JR., W. A Nova M\u00eddia &#8211; Comunica\u00e7\u00e3o de Massa na Era da Informa\u00e7\u00e3o. RJ:<\/p>\n<p style=\"text-align: justify;\">\u00a0 Jorge Zahar, 2000, p.6.<\/p>\n<p style=\"text-align: justify;\">A converg\u00eancia inaugurou rela\u00e7\u00f5es espec\u00edficas das novas m\u00eddias, distanciando bastante dos meios de comunica\u00e7\u00e3o tradicionais.<\/p>\n<p style=\"text-align: justify;\">Acerca desta quest\u00e3o, Pinho (2003<a href=\"#_ftn3\" name=\"_ftnref3\">[3]<\/a> e 2004<a href=\"#_ftn4\" name=\"_ftnref4\">[4]<\/a>) aponta as principais transforma\u00e7\u00f5es ocorridas nos jornais e na comunica\u00e7\u00e3o mercadol\u00f3gica.<\/p>\n<p style=\"text-align: justify;\">As vantagens da Internet em rela\u00e7\u00e3o \u00e0s velhas m\u00eddias s\u00e3o diversas, menor custo de produ\u00e7\u00e3o e veicula\u00e7\u00e3o, pessoalidade e interatividade com o consumidor no caso da publicidade \u2013 e do leitor, do jornalismo \u2013 acessibilidade, flexibilidade e dirigibilidade s\u00e3o algumas vantagens que podem ser citadas como produto da converg\u00eancia da m\u00eddia.<\/p>\n<p style=\"text-align: justify;\">As mudan\u00e7as dos padr\u00f5es da m\u00eddia como resultado da converg\u00eancia de for\u00e7as tecnol\u00f3gicas operaram a modifica\u00e7\u00e3o da informa\u00e7\u00e3o num cen\u00e1rio p\u00f3s-industrial.<\/p>\n<p style=\"text-align: justify;\">Os impactos dessa transforma\u00e7\u00e3o da comunica\u00e7\u00e3o organizacional dissiparam-se em uma multiplicidade de campos, a saber: pol\u00edtica, economia, sociedade, educa\u00e7\u00e3o, sa\u00fade e outras.<\/p>\n<p style=\"text-align: justify;\">No sentido mais geral, pode-se afirmar que a \u00e9poca atual encontra-se comandada pela tecnologia organizacional\/corporativa por meio do sistema computacional que atua como um agente codificador da comunica\u00e7\u00e3o organizacional.<\/p>\n<p style=\"text-align: justify;\"><em>____________________________<\/em><\/p>\n<p style=\"text-align: justify;\"><em>(*) Jornalista Diplomado, professor universit\u00e1rio e Consultor na \u00c1rea da Comunica\u00e7\u00e3o Organizacional. Desenvolveu atividades acad\u00eamicas como Pesquisador-colaborador da C\u00e1tedra UNESCO\/METODISTA de Comunica\u00e7\u00e3o para o Desenvolvimento Regional (1998-2018).<\/em><\/p>\n<p style=\"text-align: justify;\"><a href=\"#_ftnref1\" name=\"_ftn1\">[1]<\/a> BRIGGS, Asa e BURKE, Peter. Uma Hist\u00f3ria Social da M\u00eddia \u2013 De Gutemberg \u00e0<\/p>\n<p style=\"text-align: justify;\">\u00a0 Internet. Rio de Janeiro: Jorge Zahar, 2002.<\/p>\n<p style=\"text-align: justify;\"><a href=\"#_ftnref2\" name=\"_ftn2\">[2]<\/a> DIZARD JR., W. A Nova M\u00eddia &#8211; Comunica\u00e7\u00e3o de Massa na Era da Informa\u00e7\u00e3o. RJ:<\/p>\n<p style=\"text-align: justify;\">\u00a0 Jorge Zahar, 2000, p.6.<\/p>\n<p style=\"text-align: justify;\"><a href=\"#_ftnref3\" name=\"_ftn3\">[3]<\/a> PINHO, J. B. Jornalismo na Internet \u2013 Planejamento da Informa\u00e7\u00e3o On-Line. 2 ed. S\u00e3o Paulo:\u00a0\u00a0 Summus, 2003.<\/p>\n<p style=\"text-align: justify;\"><a href=\"#_ftnref4\" name=\"_ftn4\">[4]<\/a> PIINHO, J. B. Comunica\u00e7\u00e3o em Marketing: Princ\u00edpios da Comunica\u00e7\u00e3o Mercadol\u00f3gica. 7<\/p>\n<ol start=\"2004\">\n<li style=\"text-align: justify;\">Campinas: Papirus, 2004.<\/li>\n<\/ol>\n","protected":false},"excerpt":{"rendered":"<p>GEST\u00c3O EM COMUNICA\u00c7\u00c3O ORGANIZACIONAL \u2013 Parte 1. \u201cPara que todos os colaboradores estejam cientes das diretrizes da empresa, falando a mesma linguagem, com foco na comunica\u00e7\u00e3o do que a empresa faz, dos diferenciais dos produtos\/servi\u00e7os perante o mercado, planejaremos a comunica\u00e7\u00e3o interna e treinamentos correspondentes.\u201d (Zuleica Klauck) S\u00e9rgio Barbosa (*) Ap\u00f3s a d\u00e9cada de setenta [&hellip;]<\/p>\n","protected":false},"author":1,"featured_media":17502,"comment_status":"closed","ping_status":"open","sticky":false,"template":"","format":"standard","meta":{"footnotes":""},"categories":[175],"tags":[],"class_list":["post-17501","post","type-post","status-publish","format-standard","has-post-thumbnail","hentry","category-artigos"],"_links":{"self":[{"href":"https:\/\/jorgezanoni.com.br\/2019\/wp-json\/wp\/v2\/posts\/17501","targetHints":{"allow":["GET"]}}],"collection":[{"href":"https:\/\/jorgezanoni.com.br\/2019\/wp-json\/wp\/v2\/posts"}],"about":[{"href":"https:\/\/jorgezanoni.com.br\/2019\/wp-json\/wp\/v2\/types\/post"}],"author":[{"embeddable":true,"href":"https:\/\/jorgezanoni.com.br\/2019\/wp-json\/wp\/v2\/users\/1"}],"replies":[{"embeddable":true,"href":"https:\/\/jorgezanoni.com.br\/2019\/wp-json\/wp\/v2\/comments?post=17501"}],"version-history":[{"count":0,"href":"https:\/\/jorgezanoni.com.br\/2019\/wp-json\/wp\/v2\/posts\/17501\/revisions"}],"wp:featuredmedia":[{"embeddable":true,"href":"https:\/\/jorgezanoni.com.br\/2019\/wp-json\/wp\/v2\/media\/17502"}],"wp:attachment":[{"href":"https:\/\/jorgezanoni.com.br\/2019\/wp-json\/wp\/v2\/media?parent=17501"}],"wp:term":[{"taxonomy":"category","embeddable":true,"href":"https:\/\/jorgezanoni.com.br\/2019\/wp-json\/wp\/v2\/categories?post=17501"},{"taxonomy":"post_tag","embeddable":true,"href":"https:\/\/jorgezanoni.com.br\/2019\/wp-json\/wp\/v2\/tags?post=17501"}],"curies":[{"name":"wp","href":"https:\/\/api.w.org\/{rel}","templated":true}]}}