{"id":17483,"date":"2020-01-29T19:40:42","date_gmt":"2020-01-29T19:40:42","guid":{"rendered":"https:\/\/jorgezanoni.com.br\/2019\/?p=17483"},"modified":"2020-01-29T19:41:03","modified_gmt":"2020-01-29T19:41:03","slug":"capotamento-entre-dracena-e-junqueiropolis","status":"publish","type":"post","link":"https:\/\/jorgezanoni.com.br\/2019\/capotamento-entre-dracena-e-junqueiropolis\/","title":{"rendered":"Capotamento entre Dracena e Junqueir\u00f3polis pr\u00f3ximo da Balan\u00e7a"},"content":{"rendered":"<div id=\"fb-root\"><\/div>\n<p><script async=\"1\" defer=\"1\" crossorigin=\"anonymous\" src=\"https:\/\/connect.facebook.net\/en_US\/sdk.js#xfbml=1&amp;version=v5.0\"><\/script><\/p>\n<div class=\"fb-video\" data-href=\"https:\/\/www.facebook.com\/jornalinterativodracena\/videos\/167169564615601\/\" data-width=\"696\">\n<blockquote cite=\"https:\/\/www.facebook.com\/jornalinterativodracena\/videos\/167169564615601\/\" class=\"fb-xfbml-parse-ignore\"><p><a href=\"https:\/\/www.facebook.com\/jornalinterativodracena\/videos\/167169564615601\/\">Capotamento de Ve\u00edculo perto da balanca em Dracena deixa 4 feridos<\/a><\/p>\n<p>Capotamento de Ve\u00edculo perto da balanca em Dracena deixa 4 feridos<\/p>\n<p>Posted by <a href=\"https:\/\/www.facebook.com\/jornalinterativodracena\/\">Jornal Interativo<\/a> on Wednesday, January 29, 2020<\/p><\/blockquote>\n<\/div>\n<p>V\u00eddeo Davi Silva\/Jornal Interativo<\/p>\n","protected":false},"excerpt":{"rendered":"<p>Capotamento de Ve\u00edculo perto da balanca em Dracena deixa 4 feridos Capotamento de Ve\u00edculo perto da balanca em Dracena deixa 4 feridos Posted by Jornal Interativo on Wednesday, January 29, 2020 V\u00eddeo Davi Silva\/Jornal Interativo<\/p>\n","protected":false},"author":1,"featured_media":17484,"comment_status":"closed","ping_status":"open","sticky":false,"template":"","format":"standard","meta":{"footnotes":""},"categories":[169],"tags":[],"class_list":["post-17483","post","type-post","status-publish","format-standard","has-post-thumbnail","hentry","category-videos"],"_links":{"self":[{"href":"https:\/\/jorgezanoni.com.br\/2019\/wp-json\/wp\/v2\/posts\/17483","targetHints":{"allow":["GET"]}}],"collection":[{"href":"https:\/\/jorgezanoni.com.br\/2019\/wp-json\/wp\/v2\/posts"}],"about":[{"href":"https:\/\/jorgezanoni.com.br\/2019\/wp-json\/wp\/v2\/types\/post"}],"author":[{"embeddable":true,"href":"https:\/\/jorgezanoni.com.br\/2019\/wp-json\/wp\/v2\/users\/1"}],"replies":[{"embeddable":true,"href":"https:\/\/jorgezanoni.com.br\/2019\/wp-json\/wp\/v2\/comments?post=17483"}],"version-history":[{"count":0,"href":"https:\/\/jorgezanoni.com.br\/2019\/wp-json\/wp\/v2\/posts\/17483\/revisions"}],"wp:featuredmedia":[{"embeddable":true,"href":"https:\/\/jorgezanoni.com.br\/2019\/wp-json\/wp\/v2\/media\/17484"}],"wp:attachment":[{"href":"https:\/\/jorgezanoni.com.br\/2019\/wp-json\/wp\/v2\/media?parent=17483"}],"wp:term":[{"taxonomy":"category","embeddable":true,"href":"https:\/\/jorgezanoni.com.br\/2019\/wp-json\/wp\/v2\/categories?post=17483"},{"taxonomy":"post_tag","embeddable":true,"href":"https:\/\/jorgezanoni.com.br\/2019\/wp-json\/wp\/v2\/tags?post=17483"}],"curies":[{"name":"wp","href":"https:\/\/api.w.org\/{rel}","templated":true}]}}