{"id":1747,"date":"2019-07-22T23:05:46","date_gmt":"2019-07-22T23:05:46","guid":{"rendered":"http:\/\/jorgezanoni.com.br\/2019\/?p=1747"},"modified":"2019-07-22T23:05:46","modified_gmt":"2019-07-22T23:05:46","slug":"mulher-fica-ferida-em-acidente-entre-carro-e-moto-motorista-nao-prestou-socorro","status":"publish","type":"post","link":"https:\/\/jorgezanoni.com.br\/2019\/mulher-fica-ferida-em-acidente-entre-carro-e-moto-motorista-nao-prestou-socorro\/","title":{"rendered":"Mulher fica ferida em acidente entre carro e moto, motorista n\u00e3o prestou socorro"},"content":{"rendered":"<p>Por volta de 15:20 Horas desta segunda-feira (22), foi registrado um acidente de tr\u00e2nsito com vitima.<img loading=\"lazy\" decoding=\"async\" class=\"alignnone size-full wp-image-1748\" src=\"http:\/\/jorgezanoni.com.br\/2019\/wp-content\/uploads\/2019\/07\/IMG_6997.jpg\" alt=\"\" width=\"900\" height=\"522\" srcset=\"https:\/\/jorgezanoni.com.br\/2019\/wp-content\/uploads\/2019\/07\/IMG_6997.jpg 900w, https:\/\/jorgezanoni.com.br\/2019\/wp-content\/uploads\/2019\/07\/IMG_6997-300x174.jpg 300w, https:\/\/jorgezanoni.com.br\/2019\/wp-content\/uploads\/2019\/07\/IMG_6997-768x445.jpg 768w, https:\/\/jorgezanoni.com.br\/2019\/wp-content\/uploads\/2019\/07\/IMG_6997-696x404.jpg 696w, https:\/\/jorgezanoni.com.br\/2019\/wp-content\/uploads\/2019\/07\/IMG_6997-724x420.jpg 724w\" sizes=\"auto, (max-width: 900px) 100vw, 900px\" \/><\/p>\n<p>Segundo informa\u00e7\u00f5es obtidas no local pela reportagem do Site JZ, uma mulher fazia o sentido centro-bairro pela rua S\u00e3o Paulo (via preferencial), com sua moto placas de Dracena, quando foi atingida por um ve\u00edculo Peugeot, placas de Paranava\u00ed que fazia o sentido centro-bairro pela Fid\u00e9lis Paulino de Arruda e n\u00e3o respeitou o sinal de Pare.<\/p>\n<p><img loading=\"lazy\" decoding=\"async\" class=\"alignnone size-full wp-image-1749\" src=\"http:\/\/jorgezanoni.com.br\/2019\/wp-content\/uploads\/2019\/07\/IMG_7002.jpg\" alt=\"\" width=\"900\" height=\"675\" srcset=\"https:\/\/jorgezanoni.com.br\/2019\/wp-content\/uploads\/2019\/07\/IMG_7002.jpg 900w, https:\/\/jorgezanoni.com.br\/2019\/wp-content\/uploads\/2019\/07\/IMG_7002-300x225.jpg 300w, https:\/\/jorgezanoni.com.br\/2019\/wp-content\/uploads\/2019\/07\/IMG_7002-768x576.jpg 768w, https:\/\/jorgezanoni.com.br\/2019\/wp-content\/uploads\/2019\/07\/IMG_7002-80x60.jpg 80w, https:\/\/jorgezanoni.com.br\/2019\/wp-content\/uploads\/2019\/07\/IMG_7002-265x198.jpg 265w, https:\/\/jorgezanoni.com.br\/2019\/wp-content\/uploads\/2019\/07\/IMG_7002-696x522.jpg 696w, https:\/\/jorgezanoni.com.br\/2019\/wp-content\/uploads\/2019\/07\/IMG_7002-560x420.jpg 560w\" sizes=\"auto, (max-width: 900px) 100vw, 900px\" \/><\/p>\n<p>O condutor do ve\u00edculo deixou o local com seu ve\u00edculo, sem prestar socorro \u00e0 vitima. Uma Equipe de Resgaste do Corpo de Bombeiros esteve no local e encaminhou a mulher que teve ferimentos at\u00e9 ao Pronto Atendimento Municipal. A Pol\u00edcia Militar e T\u00e9cnica compareceram ao local.<\/p>\n<p><img loading=\"lazy\" decoding=\"async\" class=\"alignnone size-full wp-image-1750\" src=\"http:\/\/jorgezanoni.com.br\/2019\/wp-content\/uploads\/2019\/07\/IMG_7001.jpg\" alt=\"\" width=\"900\" height=\"859\" srcset=\"https:\/\/jorgezanoni.com.br\/2019\/wp-content\/uploads\/2019\/07\/IMG_7001.jpg 900w, https:\/\/jorgezanoni.com.br\/2019\/wp-content\/uploads\/2019\/07\/IMG_7001-300x286.jpg 300w, https:\/\/jorgezanoni.com.br\/2019\/wp-content\/uploads\/2019\/07\/IMG_7001-768x733.jpg 768w, https:\/\/jorgezanoni.com.br\/2019\/wp-content\/uploads\/2019\/07\/IMG_7001-696x664.jpg 696w, https:\/\/jorgezanoni.com.br\/2019\/wp-content\/uploads\/2019\/07\/IMG_7001-440x420.jpg 440w\" sizes=\"auto, (max-width: 900px) 100vw, 900px\" \/><\/p>\n<p>Jorge Zanoni<\/p>\n","protected":false},"excerpt":{"rendered":"<p>Por volta de 15:20 Horas desta segunda-feira (22), foi registrado um acidente de tr\u00e2nsito com vitima. Segundo informa\u00e7\u00f5es obtidas no local pela reportagem do Site JZ, uma mulher fazia o sentido centro-bairro pela rua S\u00e3o Paulo (via preferencial), com sua moto placas de Dracena, quando foi atingida por um ve\u00edculo Peugeot, placas de Paranava\u00ed que [&hellip;]<\/p>\n","protected":false},"author":1,"featured_media":1751,"comment_status":"open","ping_status":"open","sticky":false,"template":"","format":"standard","meta":{"footnotes":""},"categories":[170,110],"tags":[],"class_list":["post-1747","post","type-post","status-publish","format-standard","has-post-thumbnail","hentry","category-acidentes","category-noticiasdestaque"],"_links":{"self":[{"href":"https:\/\/jorgezanoni.com.br\/2019\/wp-json\/wp\/v2\/posts\/1747","targetHints":{"allow":["GET"]}}],"collection":[{"href":"https:\/\/jorgezanoni.com.br\/2019\/wp-json\/wp\/v2\/posts"}],"about":[{"href":"https:\/\/jorgezanoni.com.br\/2019\/wp-json\/wp\/v2\/types\/post"}],"author":[{"embeddable":true,"href":"https:\/\/jorgezanoni.com.br\/2019\/wp-json\/wp\/v2\/users\/1"}],"replies":[{"embeddable":true,"href":"https:\/\/jorgezanoni.com.br\/2019\/wp-json\/wp\/v2\/comments?post=1747"}],"version-history":[{"count":0,"href":"https:\/\/jorgezanoni.com.br\/2019\/wp-json\/wp\/v2\/posts\/1747\/revisions"}],"wp:featuredmedia":[{"embeddable":true,"href":"https:\/\/jorgezanoni.com.br\/2019\/wp-json\/wp\/v2\/media\/1751"}],"wp:attachment":[{"href":"https:\/\/jorgezanoni.com.br\/2019\/wp-json\/wp\/v2\/media?parent=1747"}],"wp:term":[{"taxonomy":"category","embeddable":true,"href":"https:\/\/jorgezanoni.com.br\/2019\/wp-json\/wp\/v2\/categories?post=1747"},{"taxonomy":"post_tag","embeddable":true,"href":"https:\/\/jorgezanoni.com.br\/2019\/wp-json\/wp\/v2\/tags?post=1747"}],"curies":[{"name":"wp","href":"https:\/\/api.w.org\/{rel}","templated":true}]}}