{"id":17461,"date":"2020-01-29T01:06:48","date_gmt":"2020-01-29T01:06:48","guid":{"rendered":"https:\/\/jorgezanoni.com.br\/2019\/?p=17461"},"modified":"2020-01-29T01:06:48","modified_gmt":"2020-01-29T01:06:48","slug":"policia-civil-ouve-testemunhas-de-atropelamento-que-deixou-15-pessoas-feridas-e-duas-mortas-em-bar","status":"publish","type":"post","link":"https:\/\/jorgezanoni.com.br\/2019\/policia-civil-ouve-testemunhas-de-atropelamento-que-deixou-15-pessoas-feridas-e-duas-mortas-em-bar\/","title":{"rendered":"Pol\u00edcia Civil ouve testemunhas de atropelamento que deixou 15 pessoas feridas e duas mortas em bar"},"content":{"rendered":"<h2 class=\"content-head__subtitle\" style=\"text-align: justify;\"><strong>Caso foi registrado na noite de domingo na frente de um bar, em Nova Independ\u00eancia (SP). Motorista permanece preso preventivamente no Centro de Deten\u00e7\u00e3o Provis\u00f3ria do munic\u00edpio; duas v\u00edtimas continuam internadas.<\/strong><\/h2>\n<p style=\"text-align: justify;\"><img loading=\"lazy\" decoding=\"async\" class=\"alignnone size-full wp-image-17462\" src=\"https:\/\/jorgezanoni.com.br\/2019\/wp-content\/uploads\/2020\/01\/caminonete.jpg\" alt=\"\" width=\"640\" height=\"560\" srcset=\"https:\/\/jorgezanoni.com.br\/2019\/wp-content\/uploads\/2020\/01\/caminonete.jpg 640w, https:\/\/jorgezanoni.com.br\/2019\/wp-content\/uploads\/2020\/01\/caminonete-300x263.jpg 300w, https:\/\/jorgezanoni.com.br\/2019\/wp-content\/uploads\/2020\/01\/caminonete-480x420.jpg 480w\" sizes=\"auto, (max-width: 640px) 100vw, 640px\" \/>Caminhonete usada para atropelar as pessoas em Nova Independ\u00eancia \u2014 Foto: Arquivo Pessoal<\/p>\n<div class=\"mc-column content-text active-extra-styles \" style=\"text-align: justify;\" data-block-type=\"unstyled\" data-block-weight=\"28\" data-block-id=\"2\">\n<p class=\"content-text__container \" data-track-category=\"Link no Texto\" data-track-links=\"\">A Pol\u00edcia Civil de Nova Independ\u00eancia (SP) come\u00e7ou a ouvir nesta ter\u00e7a-feira (27) as testemunhas do\u00a0<a href=\"https:\/\/g1.globo.com\/sp\/sao-jose-do-rio-preto-aracatuba\/noticia\/2020\/01\/27\/justica-decreta-prisao-preventiva-de-mecanico-que-atropelou-17-pessoas-e-matou-duas-em-bar.ghtml\">atropelamento que deixou duas pessoas mortas e outras 15 feridas.<\/a><\/p>\n<\/div>\n<div class=\"wall protected-content\">\n<div class=\"mc-column content-text active-extra-styles \" data-block-type=\"unstyled\" data-block-weight=\"31\" data-block-id=\"3\">\n<p class=\"content-text__container \" style=\"text-align: justify;\" data-track-category=\"Link no Texto\" data-track-links=\"\"><a href=\"https:\/\/g1.globo.com\/sp\/sao-jose-do-rio-preto-aracatuba\/noticia\/2020\/01\/27\/justica-decreta-prisao-preventiva-de-mecanico-que-atropelou-17-pessoas-e-matou-duas-em-bar.ghtml\">O caso foi registrado\u00a0<\/a>na noite de domingo (26), na frente de um bar que fica na regi\u00e3o central do munic\u00edpio, onde ocorria uma festa organizada pelo dono do estabelecimento.<\/p>\n<div class=\"mc-column content-text active-extra-styles \" style=\"text-align: justify;\" data-block-type=\"unstyled\" data-block-weight=\"48\" data-block-id=\"5\">\n<p class=\"content-text__container \" data-track-category=\"Link no Texto\" data-track-links=\"\">O mec\u00e2nico Paulo Alves da Silva, de 48 anos, identificado como motorista da caminhonete,\u00a0<a href=\"https:\/\/g1.globo.com\/sp\/sao-jose-do-rio-preto-aracatuba\/noticia\/2020\/01\/27\/justica-decreta-prisao-preventiva-de-mecanico-que-atropelou-17-pessoas-e-matou-duas-em-bar.ghtml\">teve a pris\u00e3o preventiva decretada<\/a>\u00a0na tarde de segunda-feira (27). O depoimento dele ser\u00e1 colhido na quinta-feira (30) no Centro de Deten\u00e7\u00e3o Provis\u00f3ria de Nova Independ\u00eancia, onde ele segue \u00e0 disposi\u00e7\u00e3o da Justi\u00e7a.<\/p>\n<\/div>\n<div class=\"tag-manager-publicidade-container mc-has-reveal mc-has-ad-lazyload tag-manager-publicidade-banner_materia2 tag-manager-publicidade-container--carregado tag-manager-publicidade-container--visivel\" data-id=\"banner_materia2\" data-google-query-id=\"CMGmg5TNp-cCFQx0wQodHoIAjA\" data-cid=\"138301508519\" data-lid=\"5280408870\">\n<div class=\"mc-column content-text active-extra-styles \" style=\"text-align: justify;\" data-block-type=\"unstyled\" data-block-weight=\"42\" data-block-id=\"7\">\n<p class=\"content-text__container \" data-track-category=\"Link no Texto\" data-track-links=\"\">Os investigadores t\u00eam 30 dias para concluir o inqu\u00e9rito que, por enquanto, acusa o motorista de duplo homic\u00eddio qualificado, 14 tentativas de homic\u00eddio qualificado, contraven\u00e7\u00e3o penal de vias de fato, crime de embriaguez ao volante e porte de muni\u00e7\u00e3o de uso permitido.<\/p>\n<\/div>\n<div class=\"mc-column content-text active-extra-styles\" style=\"text-align: justify;\" data-block-type=\"raw\" data-block-weight=\"1\" data-block-id=\"8\">\n<div class=\"content-intertitle\">\n<h2>Confus\u00e3o<\/h2>\n<\/div>\n<\/div>\n<div class=\"mc-column content-text active-extra-styles \" style=\"text-align: justify;\" data-block-type=\"unstyled\" data-block-weight=\"47\" data-block-id=\"9\">\n<p class=\"content-text__container \" data-track-category=\"Link no Texto\" data-track-links=\"\">De acordo com o comandante da Pol\u00edcia Militar de Andradina, Valdomiro Garcia Rafael J\u00fanior, o mec\u00e2nico estava na festa, que tinha alvar\u00e1 da prefeitura para reunir 300 pessoas, quando jogou uma cadeira para cima e acertou as costas de uma mulher com uma crian\u00e7a no colo.<\/p>\n<\/div>\n<div class=\"mc-column content-text active-extra-styles \" data-block-type=\"unstyled\" data-block-weight=\"28\" data-block-id=\"10\">\n<p class=\"content-text__container \" style=\"text-align: justify;\" data-track-category=\"Link no Texto\" data-track-links=\"\">Ela foi question\u00e1-lo sobre o motivo, mas foi empurrada e caiu no ch\u00e3o. Outras pessoas viram a cena, foram para cima de Paulo e come\u00e7aram a agredi-lo.<\/p>\n<p style=\"text-align: justify;\" data-track-category=\"Link no Texto\" data-track-links=\"\">Equipes da Pol\u00edcia Militar foram chamadas e flagraram Paulo sendo novamente agredido pelas pessoas que n\u00e3o tinham sido atropeladas pelo ve\u00edculo.<\/p>\n<div class=\"mc-column content-text active-extra-styles \" style=\"text-align: justify;\" data-block-type=\"unstyled\" data-block-weight=\"18\" data-block-id=\"16\">\n<p class=\"content-text__container \" data-track-category=\"Link no Texto\" data-track-links=\"\">Ambul\u00e2ncias compareceram ao local do crime e prestaram socorro \u00e0s v\u00edtimas, inclusive ao motorista, que ficou ferido.<\/p>\n<\/div>\n<div class=\"mc-column content-text active-extra-styles \" style=\"text-align: justify;\" data-block-type=\"unstyled\" data-block-weight=\"25\" data-block-id=\"17\">\n<p class=\"content-text__container \" data-track-category=\"Link no Texto\" data-track-links=\"\">Ao todo, 17 pessoas foram atropeladas, precisaram ser socorridas e levadas para a Unidade de Pronto Atendimento (UPA) e \u00e0 Santa Casa de Andradina.<\/p>\n<\/div>\n<div class=\"mc-column content-text active-extra-styles \" style=\"text-align: justify;\" data-block-type=\"unstyled\" data-block-weight=\"42\" data-block-id=\"18\">\n<p class=\"content-text__container \" data-track-category=\"Link no Texto\" data-track-links=\"\">Duas dessas v\u00edtimas, identificadas como Jo\u00e3o Bringel, de 56 anos, e Jhonatan Coelho Rocha, de 26, n\u00e3o resistiram aos ferimentos e morreram. O corpo delas foi velado e enterrado no Cemit\u00e9rio Municipal de Nova Independ\u00eancia no come\u00e7o da noite de segunda-feira.<\/p>\n<\/div>\n<div class=\"mc-column content-text active-extra-styles\" style=\"text-align: justify;\" data-block-type=\"raw\" data-block-weight=\"1\" data-block-id=\"19\">\n<div class=\"content-intertitle\">\n<h2>Internados<\/h2>\n<\/div>\n<\/div>\n<div class=\"mc-column content-text active-extra-styles \" style=\"text-align: justify;\" data-block-type=\"unstyled\" data-block-weight=\"20\" data-block-id=\"20\">\n<p class=\"content-text__container \" data-track-category=\"Link no Texto\" data-track-links=\"\">Um jovem de 18 anos e uma adolescente de 16 anos ainda\u00a0<a href=\"https:\/\/admin.backstage.globoi.com\/apps\/multi-content\/g1\/multi-content\/edit\/c775bce4-3a29-4385-be90-c5004db925f6\/\" target=\"_blank\" rel=\"noopener noreferrer\">continuam internados na Santa Casa de Andradina.<\/a><\/p>\n<\/div>\n<div class=\"mc-column content-text active-extra-styles \" style=\"text-align: justify;\" data-block-type=\"unstyled\" data-block-weight=\"31\" data-block-id=\"21\">\n<p class=\"content-text__container \" data-track-category=\"Link no Texto\" data-track-links=\"\">De acordo com a Santa Casa, o jovem de 18 anos deu entrada no hospital, por volta das 23h06, com fratura facial, escoria\u00e7\u00f5es leves e les\u00f5es na nunca e superc\u00edlio.<\/p>\n<\/div>\n<div class=\"mc-column content-text active-extra-styles \" style=\"text-align: justify;\" data-block-type=\"unstyled\" data-block-weight=\"24\" data-block-id=\"22\">\n<p class=\"content-text__container \" data-track-category=\"Link no Texto\" data-track-links=\"\">Ele foi submetido a procedimentos m\u00e9dicos, saiu da Unidade de Tratamento Intensivo (UTI) na tarde de segunda-feira (27) e permanece em estado est\u00e1vel.<\/p>\n<\/div>\n<div class=\"row medium-uncollapsed content-media content-photo\" style=\"text-align: justify;\" data-block-type=\"backstage-photo\" data-block-id=\"23\">\n<div class=\"mc-column content-media__container\">\n<div class=\"progressive-img can-open-lightbox\" data-min-size=\"1008x567\" data-min-size-url=\"https:\/\/s2.glbimg.com\/zItnr5our6mmYXMSN_wydWVyt1M=\/0x0:1032x581\/1008x0\/smart\/filters:strip_icc()\/i.s3.glbimg.com\/v1\/AUTH_59edd422c0c84a879bd37670ae4f538a\/internal_photos\/bs\/2020\/n\/B\/fzlMqoT3OWpmBFy5KBzg\/90fc0cfc-3478-48fd-86e3-184c1ff689cd.jpg\" data-max-size=\"1600x900\" data-max-size-url=\"https:\/\/s2.glbimg.com\/vOO0jjlzNYSR-NpjwrK8ss9WhtI=\/0x0:1032x581\/1600x0\/smart\/filters:strip_icc()\/i.s3.glbimg.com\/v1\/AUTH_59edd422c0c84a879bd37670ae4f538a\/internal_photos\/bs\/2020\/n\/B\/fzlMqoT3OWpmBFy5KBzg\/90fc0cfc-3478-48fd-86e3-184c1ff689cd.jpg\" data-media-index=\"2\"><img loading=\"lazy\" decoding=\"async\" class=\"alignnone size-full wp-image-17465\" src=\"https:\/\/jorgezanoni.com.br\/2019\/wp-content\/uploads\/2020\/01\/nova1-2.jpg\" alt=\"\" width=\"640\" height=\"360\" srcset=\"https:\/\/jorgezanoni.com.br\/2019\/wp-content\/uploads\/2020\/01\/nova1-2.jpg 640w, https:\/\/jorgezanoni.com.br\/2019\/wp-content\/uploads\/2020\/01\/nova1-2-300x169.jpg 300w\" sizes=\"auto, (max-width: 640px) 100vw, 640px\" \/>Motorista atropela 17 pessoas em bar em Nova Independ\u00eancia; duas morreram \u2014 Foto: Arquivo Pessoal<\/div>\n<div data-min-size=\"1008x567\" data-min-size-url=\"https:\/\/s2.glbimg.com\/zItnr5our6mmYXMSN_wydWVyt1M=\/0x0:1032x581\/1008x0\/smart\/filters:strip_icc()\/i.s3.glbimg.com\/v1\/AUTH_59edd422c0c84a879bd37670ae4f538a\/internal_photos\/bs\/2020\/n\/B\/fzlMqoT3OWpmBFy5KBzg\/90fc0cfc-3478-48fd-86e3-184c1ff689cd.jpg\" data-max-size=\"1600x900\" data-max-size-url=\"https:\/\/s2.glbimg.com\/vOO0jjlzNYSR-NpjwrK8ss9WhtI=\/0x0:1032x581\/1600x0\/smart\/filters:strip_icc()\/i.s3.glbimg.com\/v1\/AUTH_59edd422c0c84a879bd37670ae4f538a\/internal_photos\/bs\/2020\/n\/B\/fzlMqoT3OWpmBFy5KBzg\/90fc0cfc-3478-48fd-86e3-184c1ff689cd.jpg\" data-media-index=\"2\"><\/div>\n<\/div>\n<\/div>\n<div data-min-size=\"1008x567\" data-min-size-url=\"https:\/\/s2.glbimg.com\/zItnr5our6mmYXMSN_wydWVyt1M=\/0x0:1032x581\/1008x0\/smart\/filters:strip_icc()\/i.s3.glbimg.com\/v1\/AUTH_59edd422c0c84a879bd37670ae4f538a\/internal_photos\/bs\/2020\/n\/B\/fzlMqoT3OWpmBFy5KBzg\/90fc0cfc-3478-48fd-86e3-184c1ff689cd.jpg\" data-max-size=\"1600x900\" data-max-size-url=\"https:\/\/s2.glbimg.com\/vOO0jjlzNYSR-NpjwrK8ss9WhtI=\/0x0:1032x581\/1600x0\/smart\/filters:strip_icc()\/i.s3.glbimg.com\/v1\/AUTH_59edd422c0c84a879bd37670ae4f538a\/internal_photos\/bs\/2020\/n\/B\/fzlMqoT3OWpmBFy5KBzg\/90fc0cfc-3478-48fd-86e3-184c1ff689cd.jpg\" data-media-index=\"2\">\n<div class=\"mc-column content-text active-extra-styles \" style=\"text-align: justify;\" data-block-type=\"unstyled\" data-block-weight=\"20\" data-block-id=\"24\">\n<p class=\"content-text__container \" data-track-category=\"Link no Texto\" data-track-links=\"\">A adolescente de 16 anos deu entrada na unidade hospitalar, por volta das 23h21, com fratura exposta na clav\u00edcula.<\/p>\n<\/div>\n<div class=\"mc-column content-text active-extra-styles \" data-block-type=\"unstyled\" data-block-weight=\"23\" data-block-id=\"25\">\n<p class=\"content-text__container \" style=\"text-align: justify;\" data-track-category=\"Link no Texto\" data-track-links=\"\">Ela segue internada no quarto aguardando para ser submetida a uma cirurgia. A data para a interven\u00e7\u00e3o ser realizada n\u00e3o foi divulgada.<\/p>\n<p style=\"text-align: justify;\" data-track-category=\"Link no Texto\" data-track-links=\"\">Fonte: G1<\/p>\n<\/div>\n<\/div>\n<div class=\"row medium-uncollapsed content-media content-photo\" data-block-type=\"backstage-photo\" data-block-id=\"23\">\n<div data-min-size=\"1008x567\" data-min-size-url=\"https:\/\/s2.glbimg.com\/zItnr5our6mmYXMSN_wydWVyt1M=\/0x0:1032x581\/1008x0\/smart\/filters:strip_icc()\/i.s3.glbimg.com\/v1\/AUTH_59edd422c0c84a879bd37670ae4f538a\/internal_photos\/bs\/2020\/n\/B\/fzlMqoT3OWpmBFy5KBzg\/90fc0cfc-3478-48fd-86e3-184c1ff689cd.jpg\" data-max-size=\"1600x900\" data-max-size-url=\"https:\/\/s2.glbimg.com\/vOO0jjlzNYSR-NpjwrK8ss9WhtI=\/0x0:1032x581\/1600x0\/smart\/filters:strip_icc()\/i.s3.glbimg.com\/v1\/AUTH_59edd422c0c84a879bd37670ae4f538a\/internal_photos\/bs\/2020\/n\/B\/fzlMqoT3OWpmBFy5KBzg\/90fc0cfc-3478-48fd-86e3-184c1ff689cd.jpg\" data-media-index=\"2\"><\/div>\n<\/div>\n<\/div>\n<\/div>\n<\/div>\n<\/div>\n","protected":false},"excerpt":{"rendered":"<p>Caso foi registrado na noite de domingo na frente de um bar, em Nova Independ\u00eancia (SP). Motorista permanece preso preventivamente no Centro de Deten\u00e7\u00e3o Provis\u00f3ria do munic\u00edpio; duas v\u00edtimas continuam internadas. Caminhonete usada para atropelar as pessoas em Nova Independ\u00eancia \u2014 Foto: Arquivo Pessoal A Pol\u00edcia Civil de Nova Independ\u00eancia (SP) come\u00e7ou a ouvir nesta [&hellip;]<\/p>\n","protected":false},"author":1,"featured_media":17464,"comment_status":"closed","ping_status":"open","sticky":false,"template":"","format":"standard","meta":{"footnotes":""},"categories":[170,110,2],"tags":[],"class_list":["post-17461","post","type-post","status-publish","format-standard","has-post-thumbnail","hentry","category-acidentes","category-noticiasdestaque","category-policial"],"_links":{"self":[{"href":"https:\/\/jorgezanoni.com.br\/2019\/wp-json\/wp\/v2\/posts\/17461","targetHints":{"allow":["GET"]}}],"collection":[{"href":"https:\/\/jorgezanoni.com.br\/2019\/wp-json\/wp\/v2\/posts"}],"about":[{"href":"https:\/\/jorgezanoni.com.br\/2019\/wp-json\/wp\/v2\/types\/post"}],"author":[{"embeddable":true,"href":"https:\/\/jorgezanoni.com.br\/2019\/wp-json\/wp\/v2\/users\/1"}],"replies":[{"embeddable":true,"href":"https:\/\/jorgezanoni.com.br\/2019\/wp-json\/wp\/v2\/comments?post=17461"}],"version-history":[{"count":0,"href":"https:\/\/jorgezanoni.com.br\/2019\/wp-json\/wp\/v2\/posts\/17461\/revisions"}],"wp:featuredmedia":[{"embeddable":true,"href":"https:\/\/jorgezanoni.com.br\/2019\/wp-json\/wp\/v2\/media\/17464"}],"wp:attachment":[{"href":"https:\/\/jorgezanoni.com.br\/2019\/wp-json\/wp\/v2\/media?parent=17461"}],"wp:term":[{"taxonomy":"category","embeddable":true,"href":"https:\/\/jorgezanoni.com.br\/2019\/wp-json\/wp\/v2\/categories?post=17461"},{"taxonomy":"post_tag","embeddable":true,"href":"https:\/\/jorgezanoni.com.br\/2019\/wp-json\/wp\/v2\/tags?post=17461"}],"curies":[{"name":"wp","href":"https:\/\/api.w.org\/{rel}","templated":true}]}}