{"id":17453,"date":"2020-01-29T00:16:24","date_gmt":"2020-01-29T00:16:24","guid":{"rendered":"https:\/\/jorgezanoni.com.br\/2019\/?p=17453"},"modified":"2020-01-29T00:16:24","modified_gmt":"2020-01-29T00:16:24","slug":"governo-de-sp-inaugura-laboratorio-de-identificacao-biometrica-facial-e-digital-da-policia-civil","status":"publish","type":"post","link":"https:\/\/jorgezanoni.com.br\/2019\/governo-de-sp-inaugura-laboratorio-de-identificacao-biometrica-facial-e-digital-da-policia-civil\/","title":{"rendered":"Governo de SP inaugura Laborat\u00f3rio de Identifica\u00e7\u00e3o Biom\u00e9trica \u2013 Facial e Digital da Pol\u00edcia Civil"},"content":{"rendered":"<h2 class=\"jeg_post_subtitle\" style=\"text-align: justify;\"><strong>Tamb\u00e9m foram entregues 376 viaturas para refor\u00e7ar a frota da institui\u00e7\u00e3o em todo o Estado.<\/strong><\/h2>\n<p><img loading=\"lazy\" decoding=\"async\" class=\"alignnone size-full wp-image-17456\" src=\"https:\/\/jorgezanoni.com.br\/2019\/wp-content\/uploads\/2020\/01\/Doria2.jpg\" alt=\"\" width=\"799\" height=\"533\" srcset=\"https:\/\/jorgezanoni.com.br\/2019\/wp-content\/uploads\/2020\/01\/Doria2.jpg 799w, https:\/\/jorgezanoni.com.br\/2019\/wp-content\/uploads\/2020\/01\/Doria2-300x200.jpg 300w, https:\/\/jorgezanoni.com.br\/2019\/wp-content\/uploads\/2020\/01\/Doria2-768x512.jpg 768w, https:\/\/jorgezanoni.com.br\/2019\/wp-content\/uploads\/2020\/01\/Doria2-696x464.jpg 696w, https:\/\/jorgezanoni.com.br\/2019\/wp-content\/uploads\/2020\/01\/Doria2-630x420.jpg 630w\" sizes=\"auto, (max-width: 799px) 100vw, 799px\" \/><\/p>\n<p style=\"text-align: justify;\">O Governador Jo\u00e3o Doria e o Secret\u00e1rio da Seguran\u00e7a P\u00fablica General Jo\u00e3o Camilo Pires de Campos inauguraram nesta ter\u00e7a-feira (28) o Laborat\u00f3rio de Identifica\u00e7\u00e3o Biom\u00e9trica \u2013 Facial e Digital, na sede do IIRGD (Instituto de Identifica\u00e7\u00e3o Ricardo Gumbleton Daunt). Tamb\u00e9m foram entregues 376 viaturas para refor\u00e7ar a frota da institui\u00e7\u00e3o, por meio de um investimento de R$ 24 milh\u00f5es.<\/p>\n<p style=\"text-align: justify;\">Desde 2014, o Sistema de Identifica\u00e7\u00e3o Automatizada de Impress\u00f5es Digitais \u2013 Automated Fingerprint Identification System (Afis, na sigla em ingl\u00eas) \u2013 localiza e cruza dados de impress\u00f5es digitais. Agora, tamb\u00e9m passa a contar com reconhecimento facial.<\/p>\n<p style=\"text-align: justify;\">\u201c\u00c9 a mais moderna plataforma digital do pa\u00eds nos estados. \u00c9 tecnologia a servi\u00e7o da seguran\u00e7a p\u00fablica e que melhora a efici\u00eancia investigativa. E, ao analisar casos j\u00e1 ocorridos, permite que se tenha um hist\u00f3rico para evitar novos crimes ou como combater crimes dessa natureza\u201d, disse Doria.<\/p>\n<p style=\"text-align: justify;\">O laborat\u00f3rio permite maior celeridade, confiabilidade e capacidade de processamento na produ\u00e7\u00e3o de provas t\u00e9cnicas, dando mais agilidade a diversas investiga\u00e7\u00f5es conduzidas pela Pol\u00edcia Civil.<\/p>\n<p style=\"text-align: justify;\">O sistema j\u00e1 possui um banco de dados com cerca de 30 milh\u00f5es de registros biom\u00e9tricos. A plataforma est\u00e1 interligada a outras do mesmo g\u00eanero, portanto \u00e9 poss\u00edvel a intera\u00e7\u00e3o com bancos de dados de todos os estados brasileiros por meio de parceiras.<\/p>\n<p style=\"text-align: justify;\">\u201cO reconhecimento facial n\u00e3o vai ser utilizado isoladamente como meio de prova. N\u00f3s vamos \u2018linkar\u2019 a outros procedimentos da Pol\u00edcia Civil e formar um conjunto que vai determinar se um sujeito, que \u00e9 o suspeito, praticou um delito ou n\u00e3o\u201d, afirmou o Delegado-Geral da Pol\u00edcia Civil Ruy Ferraz Fontes.<\/p>\n<p style=\"text-align: justify;\">O contrato que implantou o sistema na institui\u00e7\u00e3o venceu e, a partir de um novo acordo, firmado por meio de licita\u00e7\u00e3o em agosto de 2019, foi poss\u00edvel a expans\u00e3o do programa. A empresa vencedora do certame foi a Gemalto do Brasil, que investir\u00e1 R$ 5,1 milh\u00f5es no contrato, com vig\u00eancia de um ano.<\/p>\n<p style=\"text-align: justify;\"><strong>Funcionalidades<\/strong><\/p>\n<p style=\"text-align: justify;\">Os dados biom\u00e9tricos coletados durante a emiss\u00e3o de um RG (Registro Geral) ser\u00e3o submetidos ao sistema para confirma\u00e7\u00e3o da identidade do requerente. O mesmo ocorrer\u00e1 com imagens captadas em locais de crime e fragmentos de impress\u00f5es digitais. Assim, por meio de algoritmo de busca, obt\u00e9m-se poss\u00edveis candidatos cujos dados ser\u00e3o analisados por um papiloscopista policial.<\/p>\n<p style=\"text-align: justify;\">A forma\u00e7\u00e3o dos profissionais que atuam com a plataforma ocorre em cursos ministrados pela Academia de Pol\u00edcia \u201cDr. Coriolano Nogueira Cobra\u201d e complementados com o uso in loco do sistema no IIRGD. Os cursos duram em m\u00e9dia seis meses e todos os servidores que atuam na \u00e1rea foram capacitados. O delegado Paulo Cesar Costa Silva \u00e9 o respons\u00e1vel pela unidade.<\/p>\n<p style=\"text-align: justify;\"><strong>Estrutura<\/strong><\/p>\n<p style=\"text-align: justify;\">A partir do novo contrato, a empresa vencedora da licita\u00e7\u00e3o ficou respons\u00e1vel pela constru\u00e7\u00e3o de um mezanino e do Laborat\u00f3rio Biom\u00e9trico, na sede do IIRGD, al\u00e9m da readequa\u00e7\u00e3o da f\u00e1brica onde seriam emitidos os RGs de S\u00e3o Paulo e aquisi\u00e7\u00e3o dos equipamentos destinados ao novo espa\u00e7o.<\/p>\n<p style=\"text-align: justify;\">Em raz\u00e3o do acesso ao laborat\u00f3rio no andar t\u00e9rreo, houve a necessidade de readequa\u00e7\u00e3o da entrada do pr\u00e9dio. As obras come\u00e7aram em setembro do ano passado e a nova unidade foi entregue totalmente conclu\u00edda na \u00faltima segunda-feira (27).<\/p>\n<p style=\"text-align: justify;\">O laborat\u00f3rio conta com uma grande estrutura de atendimento. H\u00e1 sala de pesquisas com 102 esta\u00e7\u00f5es, sendo 100 de pesquisas de fragmentos\/decadactilar e duas para pesquisas de palmares, al\u00e9m de sala de cust\u00f3dia para guarda de objetos\/documentos de provas.<\/p>\n<p style=\"text-align: justify;\">O espa\u00e7o ainda possui laborat\u00f3rio fotogr\u00e1fico com tratamento de imagens de latentes e fragmentos colhidos em local de crime e laborat\u00f3rio de latentes para revela\u00e7\u00e3o de impress\u00f5es em objetos colhidos nos locais. A unidade j\u00e1 est\u00e1 em funcionamento com toda a infraestrutura, mobili\u00e1rio e equipamentos.<\/p>\n<p style=\"text-align: justify;\"><strong>Prontu\u00e1rios digitais<\/strong><\/p>\n<p style=\"text-align: justify;\">Est\u00e1 prevista, ainda para o primeiro semestre deste ano, uma licita\u00e7\u00e3o para contratar a empresa que ser\u00e1 respons\u00e1vel pela digitaliza\u00e7\u00e3o de cerca de 30 milh\u00f5es de prontu\u00e1rios de cidad\u00e3os do Estado de S\u00e3o Paulo \u2013 correspondente a 40% do total de prontu\u00e1rios existentes do IIRDG.<\/p>\n<p style=\"text-align: justify;\">O certame ser\u00e1 realizado a partir de conv\u00eanio firmado em 2018 entre a Secretaria da Seguran\u00e7a P\u00fablica e a Imprensa Oficial do Estado de S\u00e3o Paulo. A medida permite que os registros sejam integrados \u00e0 base biom\u00e9trica do banco de dados do sistema biom\u00e9trico automatizado, que poder\u00e1 ser disponibilizado para outros \u00f3rg\u00e3os p\u00fablicos.<\/p>\n<p style=\"text-align: justify;\"><strong>Frota refor\u00e7ada<\/strong><\/p>\n<p><img loading=\"lazy\" decoding=\"async\" class=\"alignnone size-full wp-image-17455\" src=\"https:\/\/jorgezanoni.com.br\/2019\/wp-content\/uploads\/2020\/01\/Doria1.jpg\" alt=\"\" width=\"799\" height=\"533\" srcset=\"https:\/\/jorgezanoni.com.br\/2019\/wp-content\/uploads\/2020\/01\/Doria1.jpg 799w, https:\/\/jorgezanoni.com.br\/2019\/wp-content\/uploads\/2020\/01\/Doria1-300x200.jpg 300w, https:\/\/jorgezanoni.com.br\/2019\/wp-content\/uploads\/2020\/01\/Doria1-768x512.jpg 768w, https:\/\/jorgezanoni.com.br\/2019\/wp-content\/uploads\/2020\/01\/Doria1-696x464.jpg 696w, https:\/\/jorgezanoni.com.br\/2019\/wp-content\/uploads\/2020\/01\/Doria1-630x420.jpg 630w\" sizes=\"auto, (max-width: 799px) 100vw, 799px\" \/>O Governador tamb\u00e9m entregou 376 viaturas para refor\u00e7o da frota da Pol\u00edcia Civil. Durante o evento, foram expostos 39 ve\u00edculos caracterizados.<\/p>\n<p style=\"text-align: justify;\">Os autom\u00f3veis foram comprados em licita\u00e7\u00e3o e somam um investimento de R$ 24,6 milh\u00f5es. Do total, 112 s\u00e3o Renault Hatch Sandero, 110 Renault Sedan Logan, 100 GM Spin, 39 GM Traill Blazer e 15 Jeep Renegade.<\/p>\n<p style=\"text-align: justify;\">Todas as viaturas v\u00eam equipadas com sinalizadores externos de som e luz de emerg\u00eancia, al\u00e9m de r\u00e1dio de comunica\u00e7\u00e3o digital criptografada de \u00faltima gera\u00e7\u00e3o. Ap\u00f3s a entrega, elas ser\u00e3o distribu\u00eddas para todas as regi\u00f5es do estado.<\/p>\n<p style=\"text-align: justify;\">Fonte: <a href=\"https:\/\/portalregional.net.br\/author\/governo-do-estado-de-sp\/\">Assessoria de Imprensa &#8211; Governo do Estado de S\u00e3o Paulo<\/a><\/p>\n","protected":false},"excerpt":{"rendered":"<p>Tamb\u00e9m foram entregues 376 viaturas para refor\u00e7ar a frota da institui\u00e7\u00e3o em todo o Estado. O Governador Jo\u00e3o Doria e o Secret\u00e1rio da Seguran\u00e7a P\u00fablica General Jo\u00e3o Camilo Pires de Campos inauguraram nesta ter\u00e7a-feira (28) o Laborat\u00f3rio de Identifica\u00e7\u00e3o Biom\u00e9trica \u2013 Facial e Digital, na sede do IIRGD (Instituto de Identifica\u00e7\u00e3o Ricardo Gumbleton Daunt). Tamb\u00e9m [&hellip;]<\/p>\n","protected":false},"author":1,"featured_media":17454,"comment_status":"closed","ping_status":"open","sticky":false,"template":"","format":"standard","meta":{"footnotes":""},"categories":[110,116],"tags":[],"class_list":["post-17453","post","type-post","status-publish","format-standard","has-post-thumbnail","hentry","category-noticiasdestaque","category-politicaeeconomia"],"_links":{"self":[{"href":"https:\/\/jorgezanoni.com.br\/2019\/wp-json\/wp\/v2\/posts\/17453","targetHints":{"allow":["GET"]}}],"collection":[{"href":"https:\/\/jorgezanoni.com.br\/2019\/wp-json\/wp\/v2\/posts"}],"about":[{"href":"https:\/\/jorgezanoni.com.br\/2019\/wp-json\/wp\/v2\/types\/post"}],"author":[{"embeddable":true,"href":"https:\/\/jorgezanoni.com.br\/2019\/wp-json\/wp\/v2\/users\/1"}],"replies":[{"embeddable":true,"href":"https:\/\/jorgezanoni.com.br\/2019\/wp-json\/wp\/v2\/comments?post=17453"}],"version-history":[{"count":0,"href":"https:\/\/jorgezanoni.com.br\/2019\/wp-json\/wp\/v2\/posts\/17453\/revisions"}],"wp:featuredmedia":[{"embeddable":true,"href":"https:\/\/jorgezanoni.com.br\/2019\/wp-json\/wp\/v2\/media\/17454"}],"wp:attachment":[{"href":"https:\/\/jorgezanoni.com.br\/2019\/wp-json\/wp\/v2\/media?parent=17453"}],"wp:term":[{"taxonomy":"category","embeddable":true,"href":"https:\/\/jorgezanoni.com.br\/2019\/wp-json\/wp\/v2\/categories?post=17453"},{"taxonomy":"post_tag","embeddable":true,"href":"https:\/\/jorgezanoni.com.br\/2019\/wp-json\/wp\/v2\/tags?post=17453"}],"curies":[{"name":"wp","href":"https:\/\/api.w.org\/{rel}","templated":true}]}}