{"id":17433,"date":"2020-01-28T21:08:17","date_gmt":"2020-01-28T21:08:17","guid":{"rendered":"https:\/\/jorgezanoni.com.br\/2019\/?p=17433"},"modified":"2020-01-28T21:08:17","modified_gmt":"2020-01-28T21:08:17","slug":"vitima-grave-em-atropelamento-em-adamantina-acorda-do-coma-e-escreve-mae-na-mao-do-pai","status":"publish","type":"post","link":"https:\/\/jorgezanoni.com.br\/2019\/vitima-grave-em-atropelamento-em-adamantina-acorda-do-coma-e-escreve-mae-na-mao-do-pai\/","title":{"rendered":"V\u00edtima grave em atropelamento em Adamantina acorda do coma e escreve \u201cm\u00e3e\u201d na m\u00e3o do pai"},"content":{"rendered":"<p style=\"text-align: justify;\">Ap\u00f3s quase quatro dias em estado grave e internada sob cuidados m\u00e9dicos em Mar\u00edlia, a jovem adamantinense Bianca Santana acordou do coma nesta ter\u00e7a-feira (28) e deixou um recado carinhoso e emocionante para a m\u00e3e.<\/p>\n<p>A informa\u00e7\u00e3o circula nas redes sociais desde o in\u00edcio da tarde e foi postada no perfil de uma tia da jovem.<img loading=\"lazy\" decoding=\"async\" class=\"alignright\" src=\"https:\/\/scontent-gru2-2.xx.fbcdn.net\/v\/t1.0-9\/83819310_649056819233346_3972426479114911744_n.jpg?_nc_cat=105&amp;_nc_ohc=TbBCncAc1kkAX-99iTi&amp;_nc_ht=scontent-gru2-2.xx&amp;oh=f91f49f3c9ef073ae454486b1cfc33a0&amp;oe=5ECB3283\" alt=\"\" width=\"453\" height=\"516\" \/><\/p>\n<p>No \u201cpost\u201d, a tia inicia trazendo a boa not\u00edcia de que a sobrinha acordou do coma.<\/p>\n<p>\u201cGente vim trazer boas not\u00edcias\u2026 A Bianca acordou, sorriu, escreveu M\u00e3e na m\u00e3o do pai, o nosso milagre est\u00e1 acontecendo, o poder da ora\u00e7\u00e3o, n\u00e3o tem explica\u00e7\u00e3o\u2026 ela ainda precisa de cuidados, mas vem melhorando a cada dia. Obrigada a todos de todo cora\u00e7\u00e3o, e continue as ora\u00e7\u00f5es!!!\u201d<\/p>\n<p>Ela encerra a postagem com \u201c#For\u00e7aBianca\u201d.<\/p>\n<p>Junto com a informa\u00e7\u00e3o, foi anexada uma foto da m\u00e3o do pai onde \u00e9 retratada a palavra \u201cm\u00e3e\u201d escrita pela jovem como uma express\u00e3o de carinho pela mesma.<\/p>\n<p style=\"text-align: justify;\"><strong>UNI\u00c3O E ORA\u00c7\u00d5ES<br \/>\n<\/strong><br \/>\nDesde o tr\u00e1gico acidente, dezenas de pessoas de v\u00e1rias religi\u00f5es e credos, t\u00eam organizado a celebra\u00e7\u00e3o de ter\u00e7os, correntes de ora\u00e7\u00f5es e outras manifesta\u00e7\u00f5es religiosas em favor da recupera\u00e7\u00e3o de Bianca.<\/p>\n<p>Uma delas ocorreu na noite desta segunda-feira (27), quando uma multid\u00e3o de pessoas se reuniu aos p\u00e9s da imagem de Nossa Senhora Aparecida instalada no trevo de Adamantina e mais uma vez, clamaram a intercess\u00e3o da Santa.<\/p>\n<p style=\"text-align: justify;\">A reportagem do Adamantina Net se solidariza e se une aos familiares e amigos na torcida por sua recupera\u00e7\u00e3o e continua acompanhando o desenvolvimento da adamantinense.<\/p>\n<p>\u201c#For\u00e7aBianca\u201d\u2026 \u00e9 a torcida de toda a equipe do portal Adamantina Net pela jovem que assim como n\u00f3s \u00e9 adamantinense! Nossas ora\u00e7\u00f5es.<\/p>\n<p style=\"text-align: justify;\">Fonte:adamantinanet.com.br<\/p>\n","protected":false},"excerpt":{"rendered":"<p>Ap\u00f3s quase quatro dias em estado grave e internada sob cuidados m\u00e9dicos em Mar\u00edlia, a jovem adamantinense Bianca Santana acordou do coma nesta ter\u00e7a-feira (28) e deixou um recado carinhoso e emocionante para a m\u00e3e. A informa\u00e7\u00e3o circula nas redes sociais desde o in\u00edcio da tarde e foi postada no perfil de uma tia da [&hellip;]<\/p>\n","protected":false},"author":1,"featured_media":17434,"comment_status":"closed","ping_status":"open","sticky":false,"template":"","format":"standard","meta":{"footnotes":""},"categories":[170,110],"tags":[],"class_list":["post-17433","post","type-post","status-publish","format-standard","has-post-thumbnail","hentry","category-acidentes","category-noticiasdestaque"],"_links":{"self":[{"href":"https:\/\/jorgezanoni.com.br\/2019\/wp-json\/wp\/v2\/posts\/17433","targetHints":{"allow":["GET"]}}],"collection":[{"href":"https:\/\/jorgezanoni.com.br\/2019\/wp-json\/wp\/v2\/posts"}],"about":[{"href":"https:\/\/jorgezanoni.com.br\/2019\/wp-json\/wp\/v2\/types\/post"}],"author":[{"embeddable":true,"href":"https:\/\/jorgezanoni.com.br\/2019\/wp-json\/wp\/v2\/users\/1"}],"replies":[{"embeddable":true,"href":"https:\/\/jorgezanoni.com.br\/2019\/wp-json\/wp\/v2\/comments?post=17433"}],"version-history":[{"count":0,"href":"https:\/\/jorgezanoni.com.br\/2019\/wp-json\/wp\/v2\/posts\/17433\/revisions"}],"wp:featuredmedia":[{"embeddable":true,"href":"https:\/\/jorgezanoni.com.br\/2019\/wp-json\/wp\/v2\/media\/17434"}],"wp:attachment":[{"href":"https:\/\/jorgezanoni.com.br\/2019\/wp-json\/wp\/v2\/media?parent=17433"}],"wp:term":[{"taxonomy":"category","embeddable":true,"href":"https:\/\/jorgezanoni.com.br\/2019\/wp-json\/wp\/v2\/categories?post=17433"},{"taxonomy":"post_tag","embeddable":true,"href":"https:\/\/jorgezanoni.com.br\/2019\/wp-json\/wp\/v2\/tags?post=17433"}],"curies":[{"name":"wp","href":"https:\/\/api.w.org\/{rel}","templated":true}]}}