{"id":17430,"date":"2020-01-28T20:11:42","date_gmt":"2020-01-28T20:11:42","guid":{"rendered":"https:\/\/jorgezanoni.com.br\/2019\/?p=17430"},"modified":"2020-01-28T20:11:42","modified_gmt":"2020-01-28T20:11:42","slug":"fundec-abre-inscricoes-para-processo-seletivo-para-docente-e-cargos-administrativos","status":"publish","type":"post","link":"https:\/\/jorgezanoni.com.br\/2019\/fundec-abre-inscricoes-para-processo-seletivo-para-docente-e-cargos-administrativos\/","title":{"rendered":"Fundec abre inscri\u00e7\u00f5es para processo seletivo para docente e cargos administrativos"},"content":{"rendered":"<p style=\"font-weight: 400; text-align: justify;\">A Funda\u00e7\u00e3o Dracenense de Educa\u00e7\u00e3o e Cultura (Fundec) est\u00e1 com inscri\u00e7\u00f5es abertas para o Processo Seletivo 01\/2020 para docente e cargos administrativos. As inscri\u00e7\u00f5es podem ser feitas at\u00e9 o dia 04 de fevereiro pelo site\u00a0<a href=\"http:\/\/www.fundec.edu.br\/\">www.fundec.edu.br<\/a>.<br \/>\nPara a doc\u00eancia em ensino superior, a vaga \u00e9 para Pedagogia \u2013 Tecnologia e Educa\u00e7\u00e3o a Dist\u00e2ncia. Para os cargos administrativos, as vagas s\u00e3o de Assistente de Biot\u00e9rio; Auxiliar T\u00e9cnico de Inform\u00e1tica; T\u00e9cnico de Laborat\u00f3rio; e Servente de Limpeza (feminino).<br \/>\nMais informa\u00e7\u00f5es podem ser obtidas no edital do processo seletivo pelo site\u00a0<a href=\"http:\/\/www.fundec.edu.br\/\">www.fundec.edu.br<\/a>.<\/p>\n<p style=\"font-weight: 400; text-align: justify;\">Carolina Colnago<\/p>\n<p style=\"font-weight: 400; text-align: justify;\">Assessora de Comunica\u00e7\u00e3o da Fundec &#8211; Jornalista<\/p>\n","protected":false},"excerpt":{"rendered":"<p>A Funda\u00e7\u00e3o Dracenense de Educa\u00e7\u00e3o e Cultura (Fundec) est\u00e1 com inscri\u00e7\u00f5es abertas para o Processo Seletivo 01\/2020 para docente e cargos administrativos. As inscri\u00e7\u00f5es podem ser feitas at\u00e9 o dia 04 de fevereiro pelo site\u00a0www.fundec.edu.br. Para a doc\u00eancia em ensino superior, a vaga \u00e9 para Pedagogia \u2013 Tecnologia e Educa\u00e7\u00e3o a Dist\u00e2ncia. Para os cargos [&hellip;]<\/p>\n","protected":false},"author":1,"featured_media":17431,"comment_status":"closed","ping_status":"open","sticky":false,"template":"","format":"standard","meta":{"footnotes":""},"categories":[110,122],"tags":[],"class_list":["post-17430","post","type-post","status-publish","format-standard","has-post-thumbnail","hentry","category-noticiasdestaque","category-saudeeducacaoeconcurso"],"_links":{"self":[{"href":"https:\/\/jorgezanoni.com.br\/2019\/wp-json\/wp\/v2\/posts\/17430","targetHints":{"allow":["GET"]}}],"collection":[{"href":"https:\/\/jorgezanoni.com.br\/2019\/wp-json\/wp\/v2\/posts"}],"about":[{"href":"https:\/\/jorgezanoni.com.br\/2019\/wp-json\/wp\/v2\/types\/post"}],"author":[{"embeddable":true,"href":"https:\/\/jorgezanoni.com.br\/2019\/wp-json\/wp\/v2\/users\/1"}],"replies":[{"embeddable":true,"href":"https:\/\/jorgezanoni.com.br\/2019\/wp-json\/wp\/v2\/comments?post=17430"}],"version-history":[{"count":0,"href":"https:\/\/jorgezanoni.com.br\/2019\/wp-json\/wp\/v2\/posts\/17430\/revisions"}],"wp:featuredmedia":[{"embeddable":true,"href":"https:\/\/jorgezanoni.com.br\/2019\/wp-json\/wp\/v2\/media\/17431"}],"wp:attachment":[{"href":"https:\/\/jorgezanoni.com.br\/2019\/wp-json\/wp\/v2\/media?parent=17430"}],"wp:term":[{"taxonomy":"category","embeddable":true,"href":"https:\/\/jorgezanoni.com.br\/2019\/wp-json\/wp\/v2\/categories?post=17430"},{"taxonomy":"post_tag","embeddable":true,"href":"https:\/\/jorgezanoni.com.br\/2019\/wp-json\/wp\/v2\/tags?post=17430"}],"curies":[{"name":"wp","href":"https:\/\/api.w.org\/{rel}","templated":true}]}}