{"id":17422,"date":"2020-01-28T19:59:55","date_gmt":"2020-01-28T19:59:55","guid":{"rendered":"https:\/\/jorgezanoni.com.br\/2019\/?p=17422"},"modified":"2020-01-28T19:59:55","modified_gmt":"2020-01-28T19:59:55","slug":"sap-lanca-levantamento-inedito-sobre-populacao-lgbtqi-presa-no-estado","status":"publish","type":"post","link":"https:\/\/jorgezanoni.com.br\/2019\/sap-lanca-levantamento-inedito-sobre-populacao-lgbtqi-presa-no-estado\/","title":{"rendered":"SAP lan\u00e7a levantamento in\u00e9dito sobre popula\u00e7\u00e3o LGBTQI+ presa no estado"},"content":{"rendered":"<div>\n<div>\n<p style=\"text-align: justify;\"><strong><span style=\"color: #2e74b5;\">Levantamento aponta que cerca de 900 pessoas trans est\u00e3o sob cust\u00f3dia da Secretaria.<\/span><\/strong><\/p>\n<p style=\"text-align: justify;\">Na semana em que se comemora o dia da visibilidade trans (29\/01), a Secretaria da Administra\u00e7\u00e3o Penitenci\u00e1ria (SAP) lan\u00e7a levantamento in\u00e9dito sobre o n\u00famero de pessoas transg\u00eaneros que est\u00e3o nos pres\u00eddios do estado. O levantamento, realizado em outubro do ano passado, apontou que, das ent\u00e3o 232.979 pessoas custodiadas na SAP naquele per\u00edodo, 869 se declararam mulheres trans ou homens trans. Ao todo, eram 5680 presos (as) LGBTQI+ na Pasta &#8211; 2,44% da popula\u00e7\u00e3o total.<\/p>\n<p style=\"text-align: justify;\">Os question\u00e1rios foram preenchidos por um servidor, acompanhado da pessoa questionada, sendo que a pr\u00f3pria pessoa que se identificava como pertencente a determinado g\u00eanero ou sexualidade. Quando havia d\u00favidas, os agentes penitenci\u00e1rios mostravam um gr\u00e1fico que explica cada identidade\/ sexualidade. Os servidores foram treinados para explicar, em linguagem acess\u00edvel, cada uma das diferen\u00e7as. O levantamento ser\u00e1 importante na formula\u00e7\u00e3o de campanhas destinadas \u00e0 defesa dos direitos desse p\u00fablico.<\/p>\n<p style=\"text-align: justify;\">A pesquisa tamb\u00e9m aponta que a maioria das pessoas que se declaram travestis e mulheres trans preferem ficar na unidade em unidades masculinas: das 682 que preencheram esse item no question\u00e1rio, 535 (78,44%) expressaram essa prefer\u00eancia. Entre os homens trans, 82,35% dos que responderam ao questionamento (51) declararam-se a favor de permanecer em unidades femininas.<\/p>\n<p style=\"text-align: justify;\">Segundo Charles Bordin, diretor do Centro de Pol\u00edticas Espec\u00edficas (CPE) da Coordenadoria de Reintegra\u00e7\u00e3o Social e Cidadania (CRSC), esse fen\u00f4meno se explica pela necessidade de cria\u00e7\u00e3o e manuten\u00e7\u00e3o de v\u00ednculos afetivos, inerente ao ser humano, por\u00e9m, ainda mais sens\u00edvel numa situa\u00e7\u00e3o de encarceramento. \u00c9 comum, nas unidades prisionais, que casais assim formados pe\u00e7am para coabitar a mesma cela, tendo assim seu v\u00ednculo afetivo reconhecido.<\/p>\n<p style=\"text-align: justify;\">Al\u00e9m disso, a SAP vem investindo na reintegra\u00e7\u00e3o social da popula\u00e7\u00e3o LGBTQI+ por meio de cursos de capacita\u00e7\u00e3o voltados a essa popula\u00e7\u00e3o espec\u00edfica. Al\u00e9m do Diversidade \u00e0 Mesa, que treina reeducandas trans e gays como auxiliares de cozinha, tamb\u00e9m \u00e9 oferecido pela Pasta o Beleza no C\u00e1rcere, que se destina ao mesmo p\u00fablico, por\u00e9m, \u00e9 focado em formar maquiadores profissionais. Os funcion\u00e1rios, por sua vez, recebem capacita\u00e7\u00e3o sobre a import\u00e2ncia da diversidade \u2013 s\u00f3 em 2019 foram 831 servidores capacitados sobre o tema por meio da Escola de Administra\u00e7\u00e3o Penitenci\u00e1ria.<\/p>\n<p style=\"text-align: justify;\">A popula\u00e7\u00e3o trans sob cust\u00f3dia da SAP tem seus direitos reconhecidos por meio da Resolu\u00e7\u00e3o SAP 11 de 30 de janeiro de 2014. Entre esses direitos, est\u00e1 o uso de corte de cabelo e de roupa \u00edntima de acordo com a identidade de g\u00eanero, uso de nome social em documentos e, quando requisitado pelos pr\u00f3prios interessados, cela ou ala espec\u00edfica para os (as) presos (as) transexuais nos pres\u00eddios, de forma a garantir sua dignidade, individualidade e adequado alojamento.<\/p>\n<p style=\"text-align: justify;\"><b>DADOS REGIONALIZADOS<\/b><\/p>\n<p style=\"text-align: justify;\">Pessoas intersexuais e assexuais est\u00e3o tanto em unidades masculinas, como em femininas.<\/p>\n<p style=\"text-align: justify;\">Em todas as unidades femininas h\u00e1 presen\u00e7a de mulheres l\u00e9sbicas, bissexuais e homens trans de forma dispersa.\u00a0Nas unidades masculinas tamb\u00e9m h\u00e1 presen\u00e7a dispersa de homens gays, bissexuais, travestis e mulheres transexuais. No entanto, h\u00e1 uma maior concentra\u00e7\u00e3o dessa popula\u00e7\u00e3o, especialmente pessoas trans, em algumas unidades da regi\u00e3o. S\u00e3o elas:\u00a0<b>Penitenci\u00e1ria de Flor\u00ednea, Penitenci\u00e1ria &#8220;Wellington Rodrigo Segura&#8221; de Presidente Prudente e Penitenci\u00e1ria de Tupi Paulista e, em menor quantidade, Penitenci\u00e1ria de Luc\u00e9lia e Penitenci\u00e1ria &#8220;Tacyan Menezes de Lucena&#8221; de Martin\u00f3polis.<\/b><\/p>\n<p style=\"text-align: justify;\">Al\u00e9m dessas, h\u00e1 outras unidades que se destacam por esse p\u00fablico, espalhadas pelo Estado de S\u00e3o Paulo: Penitenci\u00e1ria I de Guarulhos, CDP II e III de Pinheiros, CDP I e II do Bel\u00e9m,\u00a0 Penitenci\u00e1ria I de Balbinos, Penitenci\u00e1ria II de Guare\u00ed, Penitenci\u00e1ria I de Itirapina e Penitenci\u00e1ria II de Sorocaba.<\/p>\n<\/div>\n<p><b><span style=\"color: #ff0000;\"><i>Observa\u00e7\u00f5es:<\/i><\/span><\/b><\/div>\n<div style=\"text-align: justify;\"><b><i><span style=\"color: #0000ff;\">\u00a0<\/span><\/i><\/b><\/div>\n<div style=\"text-align: justify;\"><b><i><span style=\"color: #0000ff;\">&#8211; Informo que os presos trans das unidades regionais citadas foram consultados e nenhum manifestou interesse em fornecer entrevistas.<\/span><\/i><\/b><\/div>\n<div style=\"text-align: justify;\"><i><b><span style=\"color: #0000ff;\">&#8211; Seguem fotos anexas.<\/span><\/b><\/i><\/div>\n<div><img loading=\"lazy\" decoding=\"async\" class=\"alignnone size-full wp-image-17423\" src=\"https:\/\/jorgezanoni.com.br\/2019\/wp-content\/uploads\/2020\/01\/sap1.jpg\" alt=\"\" width=\"2048\" height=\"1363\" srcset=\"https:\/\/jorgezanoni.com.br\/2019\/wp-content\/uploads\/2020\/01\/sap1.jpg 2048w, https:\/\/jorgezanoni.com.br\/2019\/wp-content\/uploads\/2020\/01\/sap1-300x200.jpg 300w, https:\/\/jorgezanoni.com.br\/2019\/wp-content\/uploads\/2020\/01\/sap1-768x511.jpg 768w, https:\/\/jorgezanoni.com.br\/2019\/wp-content\/uploads\/2020\/01\/sap1-1024x682.jpg 1024w, https:\/\/jorgezanoni.com.br\/2019\/wp-content\/uploads\/2020\/01\/sap1-696x463.jpg 696w, https:\/\/jorgezanoni.com.br\/2019\/wp-content\/uploads\/2020\/01\/sap1-1068x711.jpg 1068w, https:\/\/jorgezanoni.com.br\/2019\/wp-content\/uploads\/2020\/01\/sap1-631x420.jpg 631w\" sizes=\"auto, (max-width: 2048px) 100vw, 2048px\" \/> <img loading=\"lazy\" decoding=\"async\" class=\"alignnone size-full wp-image-17424\" src=\"https:\/\/jorgezanoni.com.br\/2019\/wp-content\/uploads\/2020\/01\/sap2.jpg\" alt=\"\" width=\"240\" height=\"159\" \/> <img loading=\"lazy\" decoding=\"async\" class=\"alignnone size-full wp-image-17425\" src=\"https:\/\/jorgezanoni.com.br\/2019\/wp-content\/uploads\/2020\/01\/sap3.jpg\" alt=\"\" width=\"1363\" height=\"2048\" srcset=\"https:\/\/jorgezanoni.com.br\/2019\/wp-content\/uploads\/2020\/01\/sap3.jpg 1363w, https:\/\/jorgezanoni.com.br\/2019\/wp-content\/uploads\/2020\/01\/sap3-200x300.jpg 200w, https:\/\/jorgezanoni.com.br\/2019\/wp-content\/uploads\/2020\/01\/sap3-768x1154.jpg 768w, https:\/\/jorgezanoni.com.br\/2019\/wp-content\/uploads\/2020\/01\/sap3-682x1024.jpg 682w, https:\/\/jorgezanoni.com.br\/2019\/wp-content\/uploads\/2020\/01\/sap3-696x1046.jpg 696w, https:\/\/jorgezanoni.com.br\/2019\/wp-content\/uploads\/2020\/01\/sap3-1068x1605.jpg 1068w, https:\/\/jorgezanoni.com.br\/2019\/wp-content\/uploads\/2020\/01\/sap3-280x420.jpg 280w\" sizes=\"auto, (max-width: 1363px) 100vw, 1363px\" \/> <img loading=\"lazy\" decoding=\"async\" class=\"alignnone size-full wp-image-17426\" src=\"https:\/\/jorgezanoni.com.br\/2019\/wp-content\/uploads\/2020\/01\/sap4.jpg\" alt=\"\" width=\"1576\" height=\"1361\" srcset=\"https:\/\/jorgezanoni.com.br\/2019\/wp-content\/uploads\/2020\/01\/sap4.jpg 1576w, https:\/\/jorgezanoni.com.br\/2019\/wp-content\/uploads\/2020\/01\/sap4-300x259.jpg 300w, https:\/\/jorgezanoni.com.br\/2019\/wp-content\/uploads\/2020\/01\/sap4-768x663.jpg 768w, https:\/\/jorgezanoni.com.br\/2019\/wp-content\/uploads\/2020\/01\/sap4-1024x884.jpg 1024w, https:\/\/jorgezanoni.com.br\/2019\/wp-content\/uploads\/2020\/01\/sap4-534x462.jpg 534w, https:\/\/jorgezanoni.com.br\/2019\/wp-content\/uploads\/2020\/01\/sap4-696x601.jpg 696w, https:\/\/jorgezanoni.com.br\/2019\/wp-content\/uploads\/2020\/01\/sap4-1068x922.jpg 1068w, https:\/\/jorgezanoni.com.br\/2019\/wp-content\/uploads\/2020\/01\/sap4-486x420.jpg 486w\" sizes=\"auto, (max-width: 1576px) 100vw, 1576px\" \/> <img loading=\"lazy\" decoding=\"async\" class=\"alignnone size-full wp-image-17428\" src=\"https:\/\/jorgezanoni.com.br\/2019\/wp-content\/uploads\/2020\/01\/sap6.jpg\" alt=\"\" width=\"1268\" height=\"834\" srcset=\"https:\/\/jorgezanoni.com.br\/2019\/wp-content\/uploads\/2020\/01\/sap6.jpg 1268w, https:\/\/jorgezanoni.com.br\/2019\/wp-content\/uploads\/2020\/01\/sap6-300x197.jpg 300w, https:\/\/jorgezanoni.com.br\/2019\/wp-content\/uploads\/2020\/01\/sap6-768x505.jpg 768w, https:\/\/jorgezanoni.com.br\/2019\/wp-content\/uploads\/2020\/01\/sap6-1024x674.jpg 1024w, https:\/\/jorgezanoni.com.br\/2019\/wp-content\/uploads\/2020\/01\/sap6-696x458.jpg 696w, https:\/\/jorgezanoni.com.br\/2019\/wp-content\/uploads\/2020\/01\/sap6-741x486.jpg 741w, https:\/\/jorgezanoni.com.br\/2019\/wp-content\/uploads\/2020\/01\/sap6-1068x702.jpg 1068w, https:\/\/jorgezanoni.com.br\/2019\/wp-content\/uploads\/2020\/01\/sap6-639x420.jpg 639w\" sizes=\"auto, (max-width: 1268px) 100vw, 1268px\" \/><\/div>\n<div style=\"text-align: justify;\">\n<span style=\"font-size: small;\">\u00a0Atenciosamente,<\/span><\/p>\n<p><span style=\"font-size: small;\"><img loading=\"lazy\" decoding=\"async\" src=\"https:\/\/jorgezanoni.com.br:2096\/cpsess4386019430\/3rdparty\/roundcube\/?_task=mail&amp;_action=get&amp;_mbox=INBOX&amp;_uid=13414&amp;_token=3ZRLFoovqszMeQkJsr6qUMAsjVt8tXEH&amp;_part=1.2&amp;_embed=1&amp;_mimeclass=image\" width=\"400\" height=\"126\" \/><\/span><\/div>\n","protected":false},"excerpt":{"rendered":"<p>Levantamento aponta que cerca de 900 pessoas trans est\u00e3o sob cust\u00f3dia da Secretaria. Na semana em que se comemora o dia da visibilidade trans (29\/01), a Secretaria da Administra\u00e7\u00e3o Penitenci\u00e1ria (SAP) lan\u00e7a levantamento in\u00e9dito sobre o n\u00famero de pessoas transg\u00eaneros que est\u00e3o nos pres\u00eddios do estado. O levantamento, realizado em outubro do ano passado, apontou [&hellip;]<\/p>\n","protected":false},"author":1,"featured_media":17427,"comment_status":"closed","ping_status":"open","sticky":false,"template":"","format":"standard","meta":{"footnotes":""},"categories":[110,2],"tags":[],"class_list":["post-17422","post","type-post","status-publish","format-standard","has-post-thumbnail","hentry","category-noticiasdestaque","category-policial"],"_links":{"self":[{"href":"https:\/\/jorgezanoni.com.br\/2019\/wp-json\/wp\/v2\/posts\/17422","targetHints":{"allow":["GET"]}}],"collection":[{"href":"https:\/\/jorgezanoni.com.br\/2019\/wp-json\/wp\/v2\/posts"}],"about":[{"href":"https:\/\/jorgezanoni.com.br\/2019\/wp-json\/wp\/v2\/types\/post"}],"author":[{"embeddable":true,"href":"https:\/\/jorgezanoni.com.br\/2019\/wp-json\/wp\/v2\/users\/1"}],"replies":[{"embeddable":true,"href":"https:\/\/jorgezanoni.com.br\/2019\/wp-json\/wp\/v2\/comments?post=17422"}],"version-history":[{"count":0,"href":"https:\/\/jorgezanoni.com.br\/2019\/wp-json\/wp\/v2\/posts\/17422\/revisions"}],"wp:featuredmedia":[{"embeddable":true,"href":"https:\/\/jorgezanoni.com.br\/2019\/wp-json\/wp\/v2\/media\/17427"}],"wp:attachment":[{"href":"https:\/\/jorgezanoni.com.br\/2019\/wp-json\/wp\/v2\/media?parent=17422"}],"wp:term":[{"taxonomy":"category","embeddable":true,"href":"https:\/\/jorgezanoni.com.br\/2019\/wp-json\/wp\/v2\/categories?post=17422"},{"taxonomy":"post_tag","embeddable":true,"href":"https:\/\/jorgezanoni.com.br\/2019\/wp-json\/wp\/v2\/tags?post=17422"}],"curies":[{"name":"wp","href":"https:\/\/api.w.org\/{rel}","templated":true}]}}