{"id":17407,"date":"2020-01-28T15:52:38","date_gmt":"2020-01-28T15:52:38","guid":{"rendered":"https:\/\/jorgezanoni.com.br\/2019\/?p=17407"},"modified":"2020-01-28T15:52:38","modified_gmt":"2020-01-28T15:52:38","slug":"inovacao-bem-vinda","status":"publish","type":"post","link":"https:\/\/jorgezanoni.com.br\/2019\/inovacao-bem-vinda\/","title":{"rendered":"Inova\u00e7\u00e3o Bem Vinda"},"content":{"rendered":"<p style=\"text-align: justify;\"><strong>INOVA\u00c7\u00c3O BEM VINDA<\/strong><\/p>\n<p>De quando em quando surgem novas ideias a respeito da administra\u00e7\u00e3o p\u00fablica, o que \u00e9 bom, pois que assim se pode corrigir o que n\u00e3o est\u00e1 de todo certo, incrementar o que est\u00e1 bom e eliminar o que n\u00e3o conv\u00e9m.<br \/>\nNas elei\u00e7\u00f5es sempre se escolheu o cabe\u00e7a\u00a0 da chapa e o seu vice. Por\u00e9m, o vice, a n\u00e3o ser em rar\u00edssimos casos, foi sempre uma figura decorativa e \u00e9 comum passar toda a gest\u00e3o sem dar opini\u00e3o em nada, sem ser ouvido para nada. Vem a ser o mandante &#8220;p\u00f3s mortem&#8221; real ou pol\u00edtica do titular. Assim, logo que acaba a apura\u00e7\u00e3o, o vice desaparece do cen\u00e1rio pol\u00edtico e todo o seu esfor\u00e7o fica ignorado pelo eleitorado.<br \/>\nPor isso, para as pr\u00f3ximas elei\u00e7\u00f5es foram bem aceitas ideias que identificam, j\u00e1 nos poss\u00edveis candidatos, todo o grupo que com ele ir\u00e1 \u00a0governar. Ao se escolher o candidato a prefeito, escolhe-se tamb\u00e9m o nome do vice e se apontam todos os secret\u00e1rios. Logo, embora n\u00e3o seja oficial essa chapa completa porque a justi\u00e7a apenas ir\u00e1 chancelar os dois cargos, prefeito e vice, haver\u00e1 a obriga\u00e7\u00e3o moral de abrigar nas secretarias os nomes anteriormente aventados.<br \/>\nOs eleitores poder\u00e3o saber de antem\u00e3o quem ser\u00e1 o Secret\u00e1rio da Fazenda e Or\u00e7amento, o que entende da pasta, suas experi\u00eancias passadas, seu \u00eaxito ou seu ponto fraco. O eleitorado vai poder avaliar se o secret\u00e1rio encarregado do Meio Ambiente e Limpeza P\u00fablica realmente entende de limpeza e organiza\u00e7\u00e3o.\u00a0 Se o encarregado de Cultura e Turismo \u00e9 um bom conhecedor do setor, das suas necessidades, do que precisa ser mantido e do que tem que ser alterado. E assim ser\u00e1 em todas as secretarias. As pessoas n\u00e3o escolher\u00e3o apenas prefeito e vice, mas todos os ocupantes das diversas secretarias. N\u00e3o haver\u00e1 surpresas depois. N\u00e3o haver\u00e1 escolhas por compadri o ou para pagar favores de campanha.<br \/>\nN\u00e3o que essas pessoas n\u00e3o possam ser trocadas durante o mandato, mas pelo menos vai se saber a obriga\u00e7\u00e3o de cada um. Se uma ou outra n\u00e3o der certo, substitui-se. O importante \u00e9 que o prefeito n\u00e3o precisar\u00e1 &#8221; a toque de caixa&#8221;, quando sair o resultado, escolher \u00e0s pressas todo seu secretariado nomeando muita gente incompetente porque n\u00e3o teve tempo de estudar o perfil dos escolhidos, al\u00e9m de nomear tamb\u00e9m aqueles que o ajudaram na campanha, embora n\u00e3o possuam o perfil adequado para a fun\u00e7\u00e3o.<br \/>\nO bom desse novo m\u00e9todo \u00e9 que o eleitor saber\u00e1 de antem\u00e3o quem vai cuidar do qu\u00ea. Que os futuros secret\u00e1rios ter\u00e3o tempo suficiente para estudar as obriga\u00e7\u00f5es da futura pasta, assim como o estado em que ela se encontra, se est\u00e1 deficit\u00e1ria ou n\u00e3o. Tudo ser\u00e1 feito com tempo, com conhecimento pr\u00e9vio, tanto para os candidatos como para os eleitores.<br \/>\nEnfim, n\u00e3o deixa de ser uma inova\u00e7\u00e3o, um aperfei\u00e7oamento no processo de escolha dos mandat\u00e1rios e seus mais diretos auxiliares. Que Dracena consiga levar adiante mais esse item de aprimoramento democr\u00e1tico.<br \/>\nThereza Pitta<br \/>\ne-mail= therezapitta@uol.com.br<\/p>\n","protected":false},"excerpt":{"rendered":"<p>INOVA\u00c7\u00c3O BEM VINDA De quando em quando surgem novas ideias a respeito da administra\u00e7\u00e3o p\u00fablica, o que \u00e9 bom, pois que assim se pode corrigir o que n\u00e3o est\u00e1 de todo certo, incrementar o que est\u00e1 bom e eliminar o que n\u00e3o conv\u00e9m. Nas elei\u00e7\u00f5es sempre se escolheu o cabe\u00e7a\u00a0 da chapa e o seu [&hellip;]<\/p>\n","protected":false},"author":1,"featured_media":17408,"comment_status":"closed","ping_status":"open","sticky":false,"template":"","format":"standard","meta":{"footnotes":""},"categories":[175],"tags":[],"class_list":["post-17407","post","type-post","status-publish","format-standard","has-post-thumbnail","hentry","category-artigos"],"_links":{"self":[{"href":"https:\/\/jorgezanoni.com.br\/2019\/wp-json\/wp\/v2\/posts\/17407","targetHints":{"allow":["GET"]}}],"collection":[{"href":"https:\/\/jorgezanoni.com.br\/2019\/wp-json\/wp\/v2\/posts"}],"about":[{"href":"https:\/\/jorgezanoni.com.br\/2019\/wp-json\/wp\/v2\/types\/post"}],"author":[{"embeddable":true,"href":"https:\/\/jorgezanoni.com.br\/2019\/wp-json\/wp\/v2\/users\/1"}],"replies":[{"embeddable":true,"href":"https:\/\/jorgezanoni.com.br\/2019\/wp-json\/wp\/v2\/comments?post=17407"}],"version-history":[{"count":0,"href":"https:\/\/jorgezanoni.com.br\/2019\/wp-json\/wp\/v2\/posts\/17407\/revisions"}],"wp:featuredmedia":[{"embeddable":true,"href":"https:\/\/jorgezanoni.com.br\/2019\/wp-json\/wp\/v2\/media\/17408"}],"wp:attachment":[{"href":"https:\/\/jorgezanoni.com.br\/2019\/wp-json\/wp\/v2\/media?parent=17407"}],"wp:term":[{"taxonomy":"category","embeddable":true,"href":"https:\/\/jorgezanoni.com.br\/2019\/wp-json\/wp\/v2\/categories?post=17407"},{"taxonomy":"post_tag","embeddable":true,"href":"https:\/\/jorgezanoni.com.br\/2019\/wp-json\/wp\/v2\/tags?post=17407"}],"curies":[{"name":"wp","href":"https:\/\/api.w.org\/{rel}","templated":true}]}}