{"id":17360,"date":"2020-01-28T01:50:51","date_gmt":"2020-01-28T01:50:51","guid":{"rendered":"https:\/\/jorgezanoni.com.br\/2019\/?p=17360"},"modified":"2020-01-28T01:52:34","modified_gmt":"2020-01-28T01:52:34","slug":"sem-comentarios-acidente-entre-dois-veiculos-na-esquina-da-magid-zacharias-com-ipiranga","status":"publish","type":"post","link":"https:\/\/jorgezanoni.com.br\/2019\/sem-comentarios-acidente-entre-dois-veiculos-na-esquina-da-magid-zacharias-com-ipiranga\/","title":{"rendered":"SEM COMENT\u00c1RIOS: Acidente entre dois ve\u00edculos na esquina da Magid Zacharias com Ipiranga"},"content":{"rendered":"<p style=\"text-align: justify;\">Por volta de 10:50 horas desta segunda-feira, a Pol\u00edcia Militar registrou um acidente sem v\u00edtimas na esquina das ruas Magid Zacharias com Ipiranga.<\/p>\n<p style=\"text-align: justify;\">Segundo informa\u00e7\u00f5es obtidas no local pela reportagem do Site JZ, colidiram um Versailles placas de Junqueir\u00f3polis e um Corsa placas de Dracena.<\/p>\n<p style=\"text-align: justify;\">O Versailles fazia o sentido centro-bairro pela Ipiranga e n\u00e3o teria obedecido o sinal de parada obrigat\u00f3ria invadindo a preferencial e batido no Corsa que fazia o sentido Kenedy-centro pela Magid. Com o impacto o Corsa rodou e ficou virado no sentido contr\u00e1rio.<\/p>\n<p style=\"text-align: justify;\">Corpo de Bombeiros esteve no local, mas ningu\u00e9m se feriu, por\u00e9m \u00e9 preciso dizer que mais uma vez a Magid Zacharias est\u00e1 nas machetes em uma mat\u00e9ria de acidente. Lament\u00e1vel, at\u00e9 quando?<\/p>\n<p>Jorge Zanoni<\/p>\n<p>Foto de Internauta<\/p>\n","protected":false},"excerpt":{"rendered":"<p>Por volta de 10:50 horas desta segunda-feira, a Pol\u00edcia Militar registrou um acidente sem v\u00edtimas na esquina das ruas Magid Zacharias com Ipiranga. Segundo informa\u00e7\u00f5es obtidas no local pela reportagem do Site JZ, colidiram um Versailles placas de Junqueir\u00f3polis e um Corsa placas de Dracena. O Versailles fazia o sentido centro-bairro pela Ipiranga e n\u00e3o [&hellip;]<\/p>\n","protected":false},"author":1,"featured_media":17361,"comment_status":"closed","ping_status":"open","sticky":false,"template":"","format":"standard","meta":{"footnotes":""},"categories":[170,110],"tags":[],"class_list":["post-17360","post","type-post","status-publish","format-standard","has-post-thumbnail","hentry","category-acidentes","category-noticiasdestaque"],"_links":{"self":[{"href":"https:\/\/jorgezanoni.com.br\/2019\/wp-json\/wp\/v2\/posts\/17360","targetHints":{"allow":["GET"]}}],"collection":[{"href":"https:\/\/jorgezanoni.com.br\/2019\/wp-json\/wp\/v2\/posts"}],"about":[{"href":"https:\/\/jorgezanoni.com.br\/2019\/wp-json\/wp\/v2\/types\/post"}],"author":[{"embeddable":true,"href":"https:\/\/jorgezanoni.com.br\/2019\/wp-json\/wp\/v2\/users\/1"}],"replies":[{"embeddable":true,"href":"https:\/\/jorgezanoni.com.br\/2019\/wp-json\/wp\/v2\/comments?post=17360"}],"version-history":[{"count":0,"href":"https:\/\/jorgezanoni.com.br\/2019\/wp-json\/wp\/v2\/posts\/17360\/revisions"}],"wp:featuredmedia":[{"embeddable":true,"href":"https:\/\/jorgezanoni.com.br\/2019\/wp-json\/wp\/v2\/media\/17361"}],"wp:attachment":[{"href":"https:\/\/jorgezanoni.com.br\/2019\/wp-json\/wp\/v2\/media?parent=17360"}],"wp:term":[{"taxonomy":"category","embeddable":true,"href":"https:\/\/jorgezanoni.com.br\/2019\/wp-json\/wp\/v2\/categories?post=17360"},{"taxonomy":"post_tag","embeddable":true,"href":"https:\/\/jorgezanoni.com.br\/2019\/wp-json\/wp\/v2\/tags?post=17360"}],"curies":[{"name":"wp","href":"https:\/\/api.w.org\/{rel}","templated":true}]}}