{"id":17354,"date":"2020-01-28T01:07:38","date_gmt":"2020-01-28T01:07:38","guid":{"rendered":"https:\/\/jorgezanoni.com.br\/2019\/?p=17354"},"modified":"2020-01-28T01:07:38","modified_gmt":"2020-01-28T01:07:38","slug":"comando-de-policiamento-de-area-do-interior-oito-cpi-8-tem-novo-comandante","status":"publish","type":"post","link":"https:\/\/jorgezanoni.com.br\/2019\/comando-de-policiamento-de-area-do-interior-oito-cpi-8-tem-novo-comandante\/","title":{"rendered":"Comando de Policiamento de \u00c1rea do Interior oito (CPI-8) tem novo comandante"},"content":{"rendered":"<p style=\"text-align: justify;\">COMANDO DE POLICIAMENTO DE \u00c1REA DO INTERIOR OITO (CPI-8) TEM NOVO COMANDANTE<\/p>\n<p style=\"text-align: justify;\">No \u00faltimo dia 25 de janeiro, conforme decreto do Governador do Estado de S\u00e3o Paulo, publicado no Di\u00e1rio Oficial, foi designado o Coronel PM Fl\u00e1vio de Oliveira Martinez, como o novo Comandante de Policiamento do Interior &#8211; Oito (CPI-8).<br \/>\nO CPI-8 \u00e9 o Comando regional da Pol\u00edcia Militar do Estado de S\u00e3o Paulo, respons\u00e1vel pelas atividades de policiamento ostensivo e preserva\u00e7\u00e3o da ordem p\u00fablica, abrangendo a \u00e1rea territorial de 67 munic\u00edpios das regi\u00f5es Oeste Paulista e M\u00e9dio Vale do Paranapanema. Atendendo a uma popula\u00e7\u00e3o de 1.159.300 (um milh\u00e3o, cento e cinquenta e nove mil e trezentos) habitantes.<br \/>\nO Coronel PM Martinez \u00e9 natural da cidade de Rancharia. Ingressou na Pol\u00edcia Militar do Estado de S\u00e3o Paulo em janeiro de 1989 e vem trabalhando na regi\u00e3o de Presidente Prudente desde o ano de 1993. Ocupou fun\u00e7\u00f5es nos postos de Tenente a Tenente-Coronel PM na regi\u00e3o, comandando o Pelot\u00e3o de Policiamento de Tr\u00e2nsito Urbano de Presidente Prudente, a Companhia de For\u00e7a T\u00e1tica e as Companhias territoriais em Martin\u00f3polis e \u00c1lvares Machado. Foi Coordenador Operacional e Subcomandante do 18\u00ba BPM\/I. Como Tenente-Coronel PM chefiou por dois anos o Departamento de Pessoal Militar na Diretoria de Pessoal da Institui\u00e7\u00e3o, em S\u00e3o Paulo e, posteriormente, o Estado-Maior do CPI-8 no ano de 2018.<br \/>\nEm 21 de fevereiro de 2019, quando promovido ao posto de Coronel PM, foi designado para comandar o Policiamento de \u00c1rea Metropolitana-2 (CPA\/M-2), na regi\u00e3o sudeste da capital do Estado, a qual engloba pontos de especial import\u00e2ncia, como o aeroporto de Congonhas, o Parque do Ibirapuera, a Assembleia Legislativa do Estado e a regi\u00e3o financeiro-empresarial da Avenida Engenheiro Luiz Carlos Berrini. Agora retorna \u00e0 Presidente Prudente para assumir o comando do CPI-8.<br \/>\nO Coronel PM Martinez \u00e9 formado em Ci\u00eancias Policiais de Seguran\u00e7a e Ordem P\u00fablica, possuindo mestrado e doutorado pelo Centro de Altos Estudos de Seguran\u00e7a &#8220;Cel PM Nelson Freire Terra&#8221; &#8211; CAES, S\u00e3o Paulo, na mesma \u00e1rea de conhecimento. \u00c9 bacharel em Direito, formado pelo Centro Universit\u00e1rio &#8220;Ant\u00f4nio Eufr\u00e1sio de Toledo&#8221; de Presidente Prudente &#8211; TOLEDO PRUDENTE, com p\u00f3s-gradua\u00e7\u00e3o em Direito Civil pelo Centro Universit\u00e1rio Eur\u00edpedes de Mar\u00edlia &#8211; UNIVEM. Possui diversos cursos de aperfei\u00e7oamento e especializa\u00e7\u00e3o, dentre eles o Curso de Extens\u00e3o em &#8220;Legisla\u00e7\u00e3o Penal Extravagante&#8221;, pela Escola Superior do Minist\u00e9rio P\u00fablico de S\u00e3o Paulo &#8211; ESMP e o Curso de Lideran\u00e7a e Gest\u00e3o de Pessoas, realizado no INSPER Instituto de Ensino e Pesquisa, na cidade de S\u00e3o Paulo.<\/p>\n<p style=\"text-align: justify;\">#pmpresidenteprudente<br \/>\n#Isso\u00e9PM<br \/>\n#podeconfiarpmesp<br \/>\nFonte: COMUNICA\u00c7\u00c3O SOCIAL \u2013 CPI-8\u00a0 (Regi\u00e3o de Presidente Prudente)<\/p>\n","protected":false},"excerpt":{"rendered":"<p>COMANDO DE POLICIAMENTO DE \u00c1REA DO INTERIOR OITO (CPI-8) TEM NOVO COMANDANTE No \u00faltimo dia 25 de janeiro, conforme decreto do Governador do Estado de S\u00e3o Paulo, publicado no Di\u00e1rio Oficial, foi designado o Coronel PM Fl\u00e1vio de Oliveira Martinez, como o novo Comandante de Policiamento do Interior &#8211; Oito (CPI-8). O CPI-8 \u00e9 o [&hellip;]<\/p>\n","protected":false},"author":1,"featured_media":17355,"comment_status":"closed","ping_status":"open","sticky":false,"template":"","format":"standard","meta":{"footnotes":""},"categories":[110,2],"tags":[],"class_list":["post-17354","post","type-post","status-publish","format-standard","has-post-thumbnail","hentry","category-noticiasdestaque","category-policial"],"_links":{"self":[{"href":"https:\/\/jorgezanoni.com.br\/2019\/wp-json\/wp\/v2\/posts\/17354","targetHints":{"allow":["GET"]}}],"collection":[{"href":"https:\/\/jorgezanoni.com.br\/2019\/wp-json\/wp\/v2\/posts"}],"about":[{"href":"https:\/\/jorgezanoni.com.br\/2019\/wp-json\/wp\/v2\/types\/post"}],"author":[{"embeddable":true,"href":"https:\/\/jorgezanoni.com.br\/2019\/wp-json\/wp\/v2\/users\/1"}],"replies":[{"embeddable":true,"href":"https:\/\/jorgezanoni.com.br\/2019\/wp-json\/wp\/v2\/comments?post=17354"}],"version-history":[{"count":0,"href":"https:\/\/jorgezanoni.com.br\/2019\/wp-json\/wp\/v2\/posts\/17354\/revisions"}],"wp:featuredmedia":[{"embeddable":true,"href":"https:\/\/jorgezanoni.com.br\/2019\/wp-json\/wp\/v2\/media\/17355"}],"wp:attachment":[{"href":"https:\/\/jorgezanoni.com.br\/2019\/wp-json\/wp\/v2\/media?parent=17354"}],"wp:term":[{"taxonomy":"category","embeddable":true,"href":"https:\/\/jorgezanoni.com.br\/2019\/wp-json\/wp\/v2\/categories?post=17354"},{"taxonomy":"post_tag","embeddable":true,"href":"https:\/\/jorgezanoni.com.br\/2019\/wp-json\/wp\/v2\/tags?post=17354"}],"curies":[{"name":"wp","href":"https:\/\/api.w.org\/{rel}","templated":true}]}}