{"id":17296,"date":"2020-01-27T00:27:24","date_gmt":"2020-01-27T00:27:24","guid":{"rendered":"https:\/\/jorgezanoni.com.br\/2019\/?p=17296"},"modified":"2020-01-27T00:27:24","modified_gmt":"2020-01-27T00:27:24","slug":"reclamacao-da-populacao-buraco-no-prolongamento-da-av-presidente-roosevelt","status":"publish","type":"post","link":"https:\/\/jorgezanoni.com.br\/2019\/reclamacao-da-populacao-buraco-no-prolongamento-da-av-presidente-roosevelt\/","title":{"rendered":"Reclama\u00e7\u00e3o da Popula\u00e7\u00e3o: Buraco no prolongamento da av. Presidente Roosevelt"},"content":{"rendered":"<p style=\"text-align: justify;\">Pessoas que fazem caminhadas ou andam de bike, enviaram imagem para a reda\u00e7\u00e3o do Site JZ, pedindo que seja dado aten\u00e7\u00e3o pelo setor competente h\u00e1 um buraco que est\u00e1 exposto no prolongamento da avenida Presidente Roosevelt, proximidades de uma loja de cal\u00e7ados.<\/p>\n<p style=\"text-align: justify;\">Muitas pessoas que v\u00e3o para o jardim Brasil\u00e2ndia e outros bairros daquela regi\u00e3o passam pelo local e podem se machucar.<\/p>\n<p style=\"text-align: justify;\">Jorge Zanoni<\/p>\n<p style=\"text-align: justify;\">Foto de Internauta<\/p>\n<p style=\"text-align: justify;\">\n<p>&nbsp;<\/p>\n","protected":false},"excerpt":{"rendered":"<p>Pessoas que fazem caminhadas ou andam de bike, enviaram imagem para a reda\u00e7\u00e3o do Site JZ, pedindo que seja dado aten\u00e7\u00e3o pelo setor competente h\u00e1 um buraco que est\u00e1 exposto no prolongamento da avenida Presidente Roosevelt, proximidades de uma loja de cal\u00e7ados. Muitas pessoas que v\u00e3o para o jardim Brasil\u00e2ndia e outros bairros daquela regi\u00e3o [&hellip;]<\/p>\n","protected":false},"author":1,"featured_media":17297,"comment_status":"closed","ping_status":"open","sticky":false,"template":"","format":"standard","meta":{"footnotes":""},"categories":[179,184,110],"tags":[],"class_list":["post-17296","post","type-post","status-publish","format-standard","has-post-thumbnail","hentry","category-cidadeseregiao","category-dracena","category-noticiasdestaque"],"_links":{"self":[{"href":"https:\/\/jorgezanoni.com.br\/2019\/wp-json\/wp\/v2\/posts\/17296","targetHints":{"allow":["GET"]}}],"collection":[{"href":"https:\/\/jorgezanoni.com.br\/2019\/wp-json\/wp\/v2\/posts"}],"about":[{"href":"https:\/\/jorgezanoni.com.br\/2019\/wp-json\/wp\/v2\/types\/post"}],"author":[{"embeddable":true,"href":"https:\/\/jorgezanoni.com.br\/2019\/wp-json\/wp\/v2\/users\/1"}],"replies":[{"embeddable":true,"href":"https:\/\/jorgezanoni.com.br\/2019\/wp-json\/wp\/v2\/comments?post=17296"}],"version-history":[{"count":0,"href":"https:\/\/jorgezanoni.com.br\/2019\/wp-json\/wp\/v2\/posts\/17296\/revisions"}],"wp:featuredmedia":[{"embeddable":true,"href":"https:\/\/jorgezanoni.com.br\/2019\/wp-json\/wp\/v2\/media\/17297"}],"wp:attachment":[{"href":"https:\/\/jorgezanoni.com.br\/2019\/wp-json\/wp\/v2\/media?parent=17296"}],"wp:term":[{"taxonomy":"category","embeddable":true,"href":"https:\/\/jorgezanoni.com.br\/2019\/wp-json\/wp\/v2\/categories?post=17296"},{"taxonomy":"post_tag","embeddable":true,"href":"https:\/\/jorgezanoni.com.br\/2019\/wp-json\/wp\/v2\/tags?post=17296"}],"curies":[{"name":"wp","href":"https:\/\/api.w.org\/{rel}","templated":true}]}}