{"id":17275,"date":"2020-01-26T21:27:20","date_gmt":"2020-01-26T21:27:20","guid":{"rendered":"https:\/\/jorgezanoni.com.br\/2019\/?p=17275"},"modified":"2020-01-26T21:27:20","modified_gmt":"2020-01-26T21:27:20","slug":"cantor-e-compositor-tunai-morre-no-rio","status":"publish","type":"post","link":"https:\/\/jorgezanoni.com.br\/2019\/cantor-e-compositor-tunai-morre-no-rio\/","title":{"rendered":"Cantor e compositor Tunai morre no Rio"},"content":{"rendered":"<h2 class=\"content-head__subtitle\" style=\"text-align: justify;\"><strong>Autor de \u2018Frisson\u2019, ele era irm\u00e3o de Jo\u00e3o Bosco e foi gravado por Elis, Faf\u00e1 de Bel\u00e9m, Ney Matogrosso e Gal, entre outros. Aos 69 anos, foi achado morto pela mulher no sof\u00e1 de casa.<\/strong><\/h2>\n<div class=\"mc-column content-text active-extra-styles \" data-block-type=\"unstyled\" data-block-weight=\"16\" data-block-id=\"2\">\n<p class=\"content-text__container \" style=\"text-align: justify;\" data-track-category=\"Link no Texto\" data-track-links=\"\">O cantor e compositor Tunai morreu, na manh\u00e3 deste domingo (26), no Rio de Janeiro.<\/p>\n<\/div>\n<div class=\"wall protected-content\">\n<div class=\"mc-column content-text active-extra-styles \" style=\"text-align: justify;\" data-block-type=\"unstyled\" data-block-weight=\"19\" data-block-id=\"3\">\n<p class=\"content-text__container \" data-track-category=\"Link no Texto\" data-track-links=\"\">Jos\u00e9 Ant\u00f4nio de Freitas Mucci tinha 69 anos. Irm\u00e3o de Jo\u00e3o Bosco, \u00e9 autor de \u2018Frisson\u2019, entre outros sucessos.<\/p>\n<\/div>\n<div class=\"mc-column content-text active-extra-styles \" data-block-type=\"unstyled\" data-block-weight=\"29\" data-block-id=\"4\">\n<p class=\"content-text__container \" style=\"text-align: justify;\" data-track-category=\"Link no Texto\" data-track-links=\"\">A morte foi confirmada pela fam\u00edlia \u00e0 TV Globo. Tunai foi encontrado morto no sof\u00e1 da casa dele pela mulher. A morte foi constatada \u00e0s 6h, por parada card\u00edaca.<\/p>\n<div class=\"mc-column content-text active-extra-styles \" style=\"text-align: justify;\" data-block-type=\"unstyled\" data-block-weight=\"33\" data-block-id=\"6\">\n<p class=\"content-text__container \" data-track-category=\"Link no Texto\" data-track-links=\"\"><a href=\"https:\/\/g1.globo.com\/pop-arte\/musica\/blog\/mauro-ferreira\/post\/2020\/01\/26\/nome-de-tunai-fica-na-eternidade-das-cancoes.ghtml\">O jornalista Mauro Ferreira publicou em seu blog no G1 neste domingo (26)\u00a0<\/a>um texto sobre a morte do cantor e compositor. Segundo ele, o nome de Tunai fica na eternidade das can\u00e7\u00f5es<\/p>\n<\/div>\n<div class=\"mc-column content-text active-extra-styles \" data-block-type=\"unstyled\" data-block-weight=\"24\" data-block-id=\"7\">\n<p class=\"content-text__container \" style=\"text-align: justify;\" data-track-category=\"Link no Texto\" data-track-links=\"\">O corpo ser\u00e1 velado a partir das 12h30 desta segunda-feira (27) no Memorial do Carmo, no Caju. A crema\u00e7\u00e3o est\u00e1 marcada para as 15h30.<\/p>\n<p style=\"text-align: justify;\" data-track-category=\"Link no Texto\" data-track-links=\"\">Fonte: https:\/\/g1.globo.com\/rj\/rio-de-janeiro\/noticia\/2020\/01\/26\/morre-o-cantor-e-compositor-tunai.ghtml<\/p>\n<\/div>\n<\/div>\n<\/div>\n","protected":false},"excerpt":{"rendered":"<p>Autor de \u2018Frisson\u2019, ele era irm\u00e3o de Jo\u00e3o Bosco e foi gravado por Elis, Faf\u00e1 de Bel\u00e9m, Ney Matogrosso e Gal, entre outros. Aos 69 anos, foi achado morto pela mulher no sof\u00e1 de casa. O cantor e compositor Tunai morreu, na manh\u00e3 deste domingo (26), no Rio de Janeiro. Jos\u00e9 Ant\u00f4nio de Freitas Mucci [&hellip;]<\/p>\n","protected":false},"author":1,"featured_media":17276,"comment_status":"closed","ping_status":"open","sticky":false,"template":"","format":"standard","meta":{"footnotes":""},"categories":[183,178,110],"tags":[],"class_list":["post-17275","post","type-post","status-publish","format-standard","has-post-thumbnail","hentry","category-musicaeturismo","category-notadefalecimento","category-noticiasdestaque"],"_links":{"self":[{"href":"https:\/\/jorgezanoni.com.br\/2019\/wp-json\/wp\/v2\/posts\/17275","targetHints":{"allow":["GET"]}}],"collection":[{"href":"https:\/\/jorgezanoni.com.br\/2019\/wp-json\/wp\/v2\/posts"}],"about":[{"href":"https:\/\/jorgezanoni.com.br\/2019\/wp-json\/wp\/v2\/types\/post"}],"author":[{"embeddable":true,"href":"https:\/\/jorgezanoni.com.br\/2019\/wp-json\/wp\/v2\/users\/1"}],"replies":[{"embeddable":true,"href":"https:\/\/jorgezanoni.com.br\/2019\/wp-json\/wp\/v2\/comments?post=17275"}],"version-history":[{"count":0,"href":"https:\/\/jorgezanoni.com.br\/2019\/wp-json\/wp\/v2\/posts\/17275\/revisions"}],"wp:featuredmedia":[{"embeddable":true,"href":"https:\/\/jorgezanoni.com.br\/2019\/wp-json\/wp\/v2\/media\/17276"}],"wp:attachment":[{"href":"https:\/\/jorgezanoni.com.br\/2019\/wp-json\/wp\/v2\/media?parent=17275"}],"wp:term":[{"taxonomy":"category","embeddable":true,"href":"https:\/\/jorgezanoni.com.br\/2019\/wp-json\/wp\/v2\/categories?post=17275"},{"taxonomy":"post_tag","embeddable":true,"href":"https:\/\/jorgezanoni.com.br\/2019\/wp-json\/wp\/v2\/tags?post=17275"}],"curies":[{"name":"wp","href":"https:\/\/api.w.org\/{rel}","templated":true}]}}