{"id":17266,"date":"2020-01-26T18:54:17","date_gmt":"2020-01-26T18:54:17","guid":{"rendered":"https:\/\/jorgezanoni.com.br\/2019\/?p=17266"},"modified":"2020-01-26T18:54:17","modified_gmt":"2020-01-26T18:54:17","slug":"batida-entre-dois-veiculos-seguida-de-capotamento-deixa-tres-pessoas-feridas-em-santa-mercedes","status":"publish","type":"post","link":"https:\/\/jorgezanoni.com.br\/2019\/batida-entre-dois-veiculos-seguida-de-capotamento-deixa-tres-pessoas-feridas-em-santa-mercedes\/","title":{"rendered":"Batida entre dois ve\u00edculos seguida de capotamento deixa tr\u00eas pessoas feridas em Santa Mercedes"},"content":{"rendered":"<h2 class=\"content-head__subtitle\" style=\"text-align: justify;\"><strong>V\u00edtimas foram socorridas e encaminhadas para unidades de sa\u00fade de Panorama e Paulic\u00e9ia. Acidente ocorreu na Rodovia Comandante Jo\u00e3o Ribeiro de Barros (SP-294).<\/strong><\/h2>\n<div class=\"mc-column content-text active-extra-styles active-capital-letter\" data-block-type=\"unstyled\" data-block-weight=\"24\" data-block-id=\"1\">\n<p class=\"content-text__container theme-color-primary-first-letter\" style=\"text-align: justify;\" data-track-category=\"Link no Texto\" data-track-links=\"\">Um acidente de tr\u00e2nsito deixou tr\u00eas pessoas feridas na madrugada deste domingo (26), na Rodovia Comandante Jo\u00e3o Ribeiro de Barros (SP-294), em\u00a0<a href=\"https:\/\/g1.globo.com\/sp\/presidente-prudente-regiao\/cidade\/santa-mercedes\/\">Santa Mercedes<\/a>.<\/p>\n<\/div>\n<div class=\"wall protected-content\">\n<div class=\"mc-column content-text active-extra-styles \" style=\"text-align: justify;\" data-block-type=\"unstyled\" data-block-weight=\"32\" data-block-id=\"2\">\n<p class=\"content-text__container \" data-track-category=\"Link no Texto\" data-track-links=\"\">De acordo com a Pol\u00edcia Militar Rodovi\u00e1ria, um carro e uma picape transitavam em sentidos opostos, quando nas proximidades do km 680 houve uma colis\u00e3o transversal. Ap\u00f3s a batida, a picape capotou.<\/p>\n<\/div>\n<div class=\"mc-column content-text active-extra-styles \" style=\"text-align: justify;\" data-block-type=\"unstyled\" data-block-weight=\"21\" data-block-id=\"3\">\n<p class=\"content-text__container \" data-track-category=\"Link no Texto\" data-track-links=\"\">Os condutores dos dois ve\u00edculos, de 26 e 30 anos, e uma passageira da picape, de 29 anos, tiveram les\u00f5es leves.<\/p>\n<\/div>\n<div class=\"mc-column content-text active-extra-styles \" style=\"text-align: justify;\" data-block-type=\"unstyled\" data-block-weight=\"25\" data-block-id=\"4\">\n<p class=\"content-text__container \" data-track-category=\"Link no Texto\" data-track-links=\"\">Duas v\u00edtimas foram socorridas por populares e outra por uma ambul\u00e2ncia. Elas foram encaminhadas para unidades de sa\u00fade em Panorama e Paulic\u00e9ia, segundo a pol\u00edcia.<\/p>\n<\/div>\n<div class=\"mc-column content-text active-extra-styles \" data-block-type=\"unstyled\" data-block-weight=\"20\" data-block-id=\"5\">\n<p class=\"content-text__container \" style=\"text-align: justify;\" data-track-category=\"Link no Texto\" data-track-links=\"\">O local do acidente e os ve\u00edculos foram periciados e a ocorr\u00eancia registrada na Delegacia da Pol\u00edcia Civil da cidade.<\/p>\n<p style=\"text-align: justify;\" data-track-category=\"Link no Texto\" data-track-links=\"\">Fonte: G1<\/p>\n<\/div>\n<\/div>\n","protected":false},"excerpt":{"rendered":"<p>V\u00edtimas foram socorridas e encaminhadas para unidades de sa\u00fade de Panorama e Paulic\u00e9ia. Acidente ocorreu na Rodovia Comandante Jo\u00e3o Ribeiro de Barros (SP-294). Um acidente de tr\u00e2nsito deixou tr\u00eas pessoas feridas na madrugada deste domingo (26), na Rodovia Comandante Jo\u00e3o Ribeiro de Barros (SP-294), em\u00a0Santa Mercedes. De acordo com a Pol\u00edcia Militar Rodovi\u00e1ria, um carro [&hellip;]<\/p>\n","protected":false},"author":1,"featured_media":17267,"comment_status":"closed","ping_status":"open","sticky":false,"template":"","format":"standard","meta":{"footnotes":""},"categories":[170,110],"tags":[],"class_list":["post-17266","post","type-post","status-publish","format-standard","has-post-thumbnail","hentry","category-acidentes","category-noticiasdestaque"],"_links":{"self":[{"href":"https:\/\/jorgezanoni.com.br\/2019\/wp-json\/wp\/v2\/posts\/17266","targetHints":{"allow":["GET"]}}],"collection":[{"href":"https:\/\/jorgezanoni.com.br\/2019\/wp-json\/wp\/v2\/posts"}],"about":[{"href":"https:\/\/jorgezanoni.com.br\/2019\/wp-json\/wp\/v2\/types\/post"}],"author":[{"embeddable":true,"href":"https:\/\/jorgezanoni.com.br\/2019\/wp-json\/wp\/v2\/users\/1"}],"replies":[{"embeddable":true,"href":"https:\/\/jorgezanoni.com.br\/2019\/wp-json\/wp\/v2\/comments?post=17266"}],"version-history":[{"count":0,"href":"https:\/\/jorgezanoni.com.br\/2019\/wp-json\/wp\/v2\/posts\/17266\/revisions"}],"wp:featuredmedia":[{"embeddable":true,"href":"https:\/\/jorgezanoni.com.br\/2019\/wp-json\/wp\/v2\/media\/17267"}],"wp:attachment":[{"href":"https:\/\/jorgezanoni.com.br\/2019\/wp-json\/wp\/v2\/media?parent=17266"}],"wp:term":[{"taxonomy":"category","embeddable":true,"href":"https:\/\/jorgezanoni.com.br\/2019\/wp-json\/wp\/v2\/categories?post=17266"},{"taxonomy":"post_tag","embeddable":true,"href":"https:\/\/jorgezanoni.com.br\/2019\/wp-json\/wp\/v2\/tags?post=17266"}],"curies":[{"name":"wp","href":"https:\/\/api.w.org\/{rel}","templated":true}]}}