{"id":17254,"date":"2020-01-26T17:52:03","date_gmt":"2020-01-26T17:52:03","guid":{"rendered":"https:\/\/jorgezanoni.com.br\/2019\/?p=17254"},"modified":"2020-01-26T17:52:03","modified_gmt":"2020-01-26T17:52:03","slug":"um-sonho-de-geracao-que-se-realizou","status":"publish","type":"post","link":"https:\/\/jorgezanoni.com.br\/2019\/um-sonho-de-geracao-que-se-realizou\/","title":{"rendered":"Um sonho de gera\u00e7\u00e3o que se realizou"},"content":{"rendered":"<p style=\"text-align: justify;\">UM SONHO DE GERA\u00c7\u00c3O QUE SE REALIZOU<br \/>\nNeste s\u00e1bado (25), na cidade de Dracena, \u00e1rea da 1\u00aa Companhia do 25\u00ba Batalh\u00e3o de Pol\u00edcia Militar do Interior, o pequeno Vicente realizou o seu maior sonho, na verdade um sonho que passou de gera\u00e7\u00e3o, a sua m\u00e3e desde pequena \u00e9 apaixonada pela Pol\u00edcia Militar.<br \/>\nO tema da festa de 5 anos do Vicente foi dos her\u00f3is policiais militares, com direito a farda e a presen\u00e7a dos seus convidados mais ilustres.<br \/>\nFoi um sonho concretizado e muita felicidade, pois no futuro esse pequeno sonha em ser Policial Militar.<br \/>\nParab\u00e9ns Vicente.<br \/>\n<a class=\"_58cn\" href=\"https:\/\/www.facebook.com\/hashtag\/policiamilitarsp?source=feed_text&amp;epa=HASHTAG&amp;__xts__%5B0%5D=68.ARA7zkYeDzqdkP0yzPFIzbhRq_GKrtANT4HNypcik_i-IwxZzooz6jJv21YHnqLW1m0E5li-BzTbKnCGFq5lXroe_vqxHjtX4-BmPOkpiH7bfKrAtg14gO2b8QcHzd9oDHhGSeZ0k6ewBOL0mIxDuSqeaJaleBjQxoc4JMikIlFCdviTjG_jAD09zvRaB0ztEh7DrF4CS9yZ28QscRAs3MOVaGZCOGyOja-zVbzZ5QN7Y3dk_Uriq8r4rbtVzEcGBwzyloMBMMB9YCoCv3HozS7DchJXLmjOkUtDtf-p9qTZ5TRtb9mH0OdWH4X8yVIkWrv1fnsRZ01wwYU26MdaykNdGw&amp;__tn__=%2ANK-R\" data-ft=\"{&quot;type&quot;:104,&quot;tn&quot;:&quot;*N&quot;}\"><span class=\"_5afx\"><span class=\"_58cl _5afz\" aria-label=\"hashtag\">#<\/span><span class=\"_58cm\">POLICIAMILITARSP<\/span><\/span><\/a><br \/>\n<a class=\"_58cn\" href=\"https:\/\/www.facebook.com\/hashtag\/afor%C3%A7ap%C3%BAblicades%C3%A3opaulo?source=feed_text&amp;epa=HASHTAG&amp;__xts__%5B0%5D=68.ARA7zkYeDzqdkP0yzPFIzbhRq_GKrtANT4HNypcik_i-IwxZzooz6jJv21YHnqLW1m0E5li-BzTbKnCGFq5lXroe_vqxHjtX4-BmPOkpiH7bfKrAtg14gO2b8QcHzd9oDHhGSeZ0k6ewBOL0mIxDuSqeaJaleBjQxoc4JMikIlFCdviTjG_jAD09zvRaB0ztEh7DrF4CS9yZ28QscRAs3MOVaGZCOGyOja-zVbzZ5QN7Y3dk_Uriq8r4rbtVzEcGBwzyloMBMMB9YCoCv3HozS7DchJXLmjOkUtDtf-p9qTZ5TRtb9mH0OdWH4X8yVIkWrv1fnsRZ01wwYU26MdaykNdGw&amp;__tn__=%2ANK-R\" data-ft=\"{&quot;type&quot;:104,&quot;tn&quot;:&quot;*N&quot;}\"><span class=\"_5afx\"><span class=\"_58cl _5afz\" aria-label=\"hashtag\">#<\/span><span class=\"_58cm\">AFOR\u00c7AP\u00daBLICADES\u00c3OPAULO<\/span><\/span><\/a><br \/>\nFonte: COMUNICA\u00c7\u00c3O SOCIAL PMESP<\/p>\n<p><img loading=\"lazy\" decoding=\"async\" class=\"alignnone size-full wp-image-17257\" src=\"https:\/\/jorgezanoni.com.br\/2019\/wp-content\/uploads\/2020\/01\/sonho1.jpg\" alt=\"\" width=\"640\" height=\"640\" srcset=\"https:\/\/jorgezanoni.com.br\/2019\/wp-content\/uploads\/2020\/01\/sonho1.jpg 640w, https:\/\/jorgezanoni.com.br\/2019\/wp-content\/uploads\/2020\/01\/sonho1-150x150.jpg 150w, https:\/\/jorgezanoni.com.br\/2019\/wp-content\/uploads\/2020\/01\/sonho1-300x300.jpg 300w, https:\/\/jorgezanoni.com.br\/2019\/wp-content\/uploads\/2020\/01\/sonho1-420x420.jpg 420w\" sizes=\"auto, (max-width: 640px) 100vw, 640px\" \/> <img loading=\"lazy\" decoding=\"async\" class=\"alignnone size-full wp-image-17258\" src=\"https:\/\/jorgezanoni.com.br\/2019\/wp-content\/uploads\/2020\/01\/sonho2.jpg\" alt=\"\" width=\"640\" height=\"640\" srcset=\"https:\/\/jorgezanoni.com.br\/2019\/wp-content\/uploads\/2020\/01\/sonho2.jpg 640w, https:\/\/jorgezanoni.com.br\/2019\/wp-content\/uploads\/2020\/01\/sonho2-150x150.jpg 150w, https:\/\/jorgezanoni.com.br\/2019\/wp-content\/uploads\/2020\/01\/sonho2-300x300.jpg 300w, https:\/\/jorgezanoni.com.br\/2019\/wp-content\/uploads\/2020\/01\/sonho2-420x420.jpg 420w\" sizes=\"auto, (max-width: 640px) 100vw, 640px\" \/><\/p>\n","protected":false},"excerpt":{"rendered":"<p>UM SONHO DE GERA\u00c7\u00c3O QUE SE REALIZOU Neste s\u00e1bado (25), na cidade de Dracena, \u00e1rea da 1\u00aa Companhia do 25\u00ba Batalh\u00e3o de Pol\u00edcia Militar do Interior, o pequeno Vicente realizou o seu maior sonho, na verdade um sonho que passou de gera\u00e7\u00e3o, a sua m\u00e3e desde pequena \u00e9 apaixonada pela Pol\u00edcia Militar. O tema da [&hellip;]<\/p>\n","protected":false},"author":1,"featured_media":17256,"comment_status":"closed","ping_status":"open","sticky":false,"template":"","format":"standard","meta":{"footnotes":""},"categories":[2],"tags":[],"class_list":["post-17254","post","type-post","status-publish","format-standard","has-post-thumbnail","hentry","category-policial"],"_links":{"self":[{"href":"https:\/\/jorgezanoni.com.br\/2019\/wp-json\/wp\/v2\/posts\/17254","targetHints":{"allow":["GET"]}}],"collection":[{"href":"https:\/\/jorgezanoni.com.br\/2019\/wp-json\/wp\/v2\/posts"}],"about":[{"href":"https:\/\/jorgezanoni.com.br\/2019\/wp-json\/wp\/v2\/types\/post"}],"author":[{"embeddable":true,"href":"https:\/\/jorgezanoni.com.br\/2019\/wp-json\/wp\/v2\/users\/1"}],"replies":[{"embeddable":true,"href":"https:\/\/jorgezanoni.com.br\/2019\/wp-json\/wp\/v2\/comments?post=17254"}],"version-history":[{"count":0,"href":"https:\/\/jorgezanoni.com.br\/2019\/wp-json\/wp\/v2\/posts\/17254\/revisions"}],"wp:featuredmedia":[{"embeddable":true,"href":"https:\/\/jorgezanoni.com.br\/2019\/wp-json\/wp\/v2\/media\/17256"}],"wp:attachment":[{"href":"https:\/\/jorgezanoni.com.br\/2019\/wp-json\/wp\/v2\/media?parent=17254"}],"wp:term":[{"taxonomy":"category","embeddable":true,"href":"https:\/\/jorgezanoni.com.br\/2019\/wp-json\/wp\/v2\/categories?post=17254"},{"taxonomy":"post_tag","embeddable":true,"href":"https:\/\/jorgezanoni.com.br\/2019\/wp-json\/wp\/v2\/tags?post=17254"}],"curies":[{"name":"wp","href":"https:\/\/api.w.org\/{rel}","templated":true}]}}