{"id":17195,"date":"2020-01-25T21:17:07","date_gmt":"2020-01-25T21:17:07","guid":{"rendered":"https:\/\/jorgezanoni.com.br\/2019\/?p=17195"},"modified":"2020-01-25T21:17:07","modified_gmt":"2020-01-25T21:17:07","slug":"duas-criancas-morrem-vitimas-de-avc-em-menos-de-uma-semana-na-regiao-de-assis","status":"publish","type":"post","link":"https:\/\/jorgezanoni.com.br\/2019\/duas-criancas-morrem-vitimas-de-avc-em-menos-de-uma-semana-na-regiao-de-assis\/","title":{"rendered":"Duas crian\u00e7as morrem v\u00edtimas de AVC em menos de uma semana na regi\u00e3o de Assis"},"content":{"rendered":"<h2 class=\"subtitulo\" style=\"text-align: justify;\"><strong>Duas meninas, de 5 e 7 anos, morreram em decorr\u00eancia de AVC. Doen\u00e7a tamb\u00e9m atinge crian\u00e7as.<\/strong><\/h2>\n<p style=\"text-align: justify;\">Uma triste not\u00edcia chocou os familiares, professores e amiguinhos de escola da pequena Emanuelly Ferreira Alves, de sete anos.\u00a0A menina sofreu um AVC, ficou internada na UTI do Hospital Regional de Assis, mas acabou falecendo no final da tarde desta quarta-feira (22). \u00c9 o segundo caso de morte de crian\u00e7a por AVC na regi\u00e3o, em menos de uma semana. A v\u00edtima anterior foi uma menina de cinco anos.<\/p>\n<p style=\"text-align: justify;\"><img loading=\"lazy\" decoding=\"async\" class=\"alignnone size-full wp-image-17196\" src=\"https:\/\/jorgezanoni.com.br\/2019\/wp-content\/uploads\/2020\/01\/avc1.png\" alt=\"\" width=\"242\" height=\"293\" \/><\/p>\n<p style=\"text-align: justify;\"><em>Emanuelly Ferreira Alves, de sete anos (Reprodu\u00e7\u00e3o\/Vis\u00e3o Not\u00edcias).<\/em><\/p>\n<p style=\"font-weight: 400; text-align: justify;\">Emanuelly\u00a0estava internada desde o dia 7 de janeiro. Na \u00faltima ter\u00e7a-feira (21) o seu quadro de sa\u00fade se agravou e foi transferida para UTI, quando sofreu um Acidente Vascular Cerebral Isqu\u00eamico (AVCI), tamb\u00e9m conhecido por derrame.<\/p>\n<p style=\"font-weight: 400; text-align: justify;\"><b><strong>Outro caso<\/strong><\/b><\/p>\n<p style=\"font-weight: 400; text-align: justify;\">Na \u00faltima sexta-feira (17), a pequena Maria Vit\u00f3ria Oliveira da Cruz, de apenas cinco anos, de Paragua\u00e7u Paulista, tamb\u00e9m faleceu ao sofrer um AVC.<\/p>\n<p style=\"text-align: justify;\"><img loading=\"lazy\" decoding=\"async\" class=\"alignnone size-full wp-image-17197\" src=\"https:\/\/jorgezanoni.com.br\/2019\/wp-content\/uploads\/2020\/01\/avc2.png\" alt=\"\" width=\"244\" height=\"308\" srcset=\"https:\/\/jorgezanoni.com.br\/2019\/wp-content\/uploads\/2020\/01\/avc2.png 244w, https:\/\/jorgezanoni.com.br\/2019\/wp-content\/uploads\/2020\/01\/avc2-238x300.png 238w\" sizes=\"auto, (max-width: 244px) 100vw, 244px\" \/><\/p>\n<p style=\"font-weight: 400; text-align: justify;\"><em>Maria Vit\u00f3ria Oliveira da Cruz, de cinco anos (Reprodu\u00e7\u00e3o\/Vis\u00e3o Not\u00edcias).<\/em><\/p>\n<p style=\"font-weight: 400; text-align: justify;\">Ela chegou a ser internada no\u00a0Hospital Regional de Assis, mas n\u00e3o resistiu.\u00a0Maria Vit\u00f3ria morava no\u00a0bairro S\u00e3o Matheus, zona rural de Paragua\u00e7u e tinha dois irm\u00e3os.<\/p>\n<p style=\"font-weight: 400; text-align: justify;\"><b><strong>AVC em crian\u00e7as?<\/strong><\/b><\/p>\n<p style=\"font-weight: 400; text-align: justify;\">Engana-se quem acredita que o acidente vascular cerebral (AVC), o popular derrame, s\u00f3 ocorre em adultos.<\/p>\n<p style=\"font-weight: 400; text-align: justify;\">Apesar de o envelhecimento ser um fator de risco natural para o entupimento ou rompimento dos vasos que levam sangue ao c\u00e9rebro (o que leva ao AVC) esse tipo de situa\u00e7\u00e3o tamb\u00e9m pode ocorrer em jovens e at\u00e9 em crian\u00e7as.<\/p>\n<p style=\"font-weight: 400; text-align: justify;\">A boa not\u00edcia \u00e9 que nessa faixa et\u00e1ria as chances de recupera\u00e7\u00e3o s\u00e3o grandes e que o \u00edndice chega a no m\u00e1ximo\u00a00,2% da popula\u00e7\u00e3o infantil.<\/p>\n<p style=\"text-align: justify;\">Fonte: Vis\u00e3o Noticias<\/p>\n","protected":false},"excerpt":{"rendered":"<p>Duas meninas, de 5 e 7 anos, morreram em decorr\u00eancia de AVC. Doen\u00e7a tamb\u00e9m atinge crian\u00e7as. Uma triste not\u00edcia chocou os familiares, professores e amiguinhos de escola da pequena Emanuelly Ferreira Alves, de sete anos.\u00a0A menina sofreu um AVC, ficou internada na UTI do Hospital Regional de Assis, mas acabou falecendo no final da tarde [&hellip;]<\/p>\n","protected":false},"author":1,"featured_media":17198,"comment_status":"closed","ping_status":"open","sticky":false,"template":"","format":"standard","meta":{"footnotes":""},"categories":[178,110],"tags":[],"class_list":["post-17195","post","type-post","status-publish","format-standard","has-post-thumbnail","hentry","category-notadefalecimento","category-noticiasdestaque"],"_links":{"self":[{"href":"https:\/\/jorgezanoni.com.br\/2019\/wp-json\/wp\/v2\/posts\/17195","targetHints":{"allow":["GET"]}}],"collection":[{"href":"https:\/\/jorgezanoni.com.br\/2019\/wp-json\/wp\/v2\/posts"}],"about":[{"href":"https:\/\/jorgezanoni.com.br\/2019\/wp-json\/wp\/v2\/types\/post"}],"author":[{"embeddable":true,"href":"https:\/\/jorgezanoni.com.br\/2019\/wp-json\/wp\/v2\/users\/1"}],"replies":[{"embeddable":true,"href":"https:\/\/jorgezanoni.com.br\/2019\/wp-json\/wp\/v2\/comments?post=17195"}],"version-history":[{"count":0,"href":"https:\/\/jorgezanoni.com.br\/2019\/wp-json\/wp\/v2\/posts\/17195\/revisions"}],"wp:featuredmedia":[{"embeddable":true,"href":"https:\/\/jorgezanoni.com.br\/2019\/wp-json\/wp\/v2\/media\/17198"}],"wp:attachment":[{"href":"https:\/\/jorgezanoni.com.br\/2019\/wp-json\/wp\/v2\/media?parent=17195"}],"wp:term":[{"taxonomy":"category","embeddable":true,"href":"https:\/\/jorgezanoni.com.br\/2019\/wp-json\/wp\/v2\/categories?post=17195"},{"taxonomy":"post_tag","embeddable":true,"href":"https:\/\/jorgezanoni.com.br\/2019\/wp-json\/wp\/v2\/tags?post=17195"}],"curies":[{"name":"wp","href":"https:\/\/api.w.org\/{rel}","templated":true}]}}