{"id":17135,"date":"2020-01-25T01:39:36","date_gmt":"2020-01-25T01:39:36","guid":{"rendered":"https:\/\/jorgezanoni.com.br\/2019\/?p=17135"},"modified":"2020-01-25T01:39:36","modified_gmt":"2020-01-25T01:39:36","slug":"policia-civil-aguarda-laudos-ouve-depoimentos-e-alerta-sobre-cuidado-e-discernimento-com-boatos-sobre-mortes-de-vereador-e-esposa","status":"publish","type":"post","link":"https:\/\/jorgezanoni.com.br\/2019\/policia-civil-aguarda-laudos-ouve-depoimentos-e-alerta-sobre-cuidado-e-discernimento-com-boatos-sobre-mortes-de-vereador-e-esposa\/","title":{"rendered":"Pol\u00edcia Civil aguarda laudos, ouve depoimentos e alerta sobre &#8216;cuidado e discernimento&#8217; com boatos sobre mortes de vereador e esposa"},"content":{"rendered":"<h2 class=\"content-head__subtitle\" style=\"text-align: justify;\"><strong>Equipes aguardam resultado do recolhimento de impress\u00f5es digitais, o que \u00e9 considerado o &#8216;mais importante&#8217;. Crime ocorreu em Santo Expedito nesta quinta-feira (23).<\/strong><\/h2>\n<div class=\"mc-column content-text active-extra-styles \" data-block-type=\"unstyled\" data-block-weight=\"60\" data-block-id=\"2\">\n<p class=\"content-text__container \" style=\"text-align: justify;\" data-track-category=\"Link no Texto\" data-track-links=\"\">A Pol\u00edcia Civil d\u00e1 prosseguimento nesta sexta-feira (24) \u00e0s investiga\u00e7\u00f5es com o intuito de elucidar as circunst\u00e2ncias e a autoria das mortes do vereador e ex-prefeito de\u00a0<a href=\"https:\/\/g1.globo.com\/sp\/presidente-prudente-regiao\/cidade\/santo-expedito\/\">Santo Expedito (SP)<\/a>\u00a0Valfrido Cauneto (PP), de 76 anos, e sua esposa, Maria Vanda Bernardelli Cauneto, de 68 anos.\u00a0<a href=\"https:\/\/g1.globo.com\/sp\/presidente-prudente-regiao\/noticia\/2020\/01\/23\/vereador-de-santo-expedito-e-esposa-sao-encontrados-mortos-a-tiros.ghtml\">O casal foi encontrado sem vida e com ferimentos causados por arma de fogo<\/a>.<\/p>\n<\/div>\n<div class=\"wall protected-content\">\n<div class=\"mc-column content-text active-extra-styles \" style=\"text-align: justify;\" data-block-type=\"unstyled\" data-block-weight=\"27\" data-block-id=\"3\">\n<p class=\"content-text__container \" data-track-category=\"Link no Texto\" data-track-links=\"\">\u201cEstamos trabalhando ainda, procedendo as oitivas de pessoas, de vizinhos que eventualmente tenham ouvido barulho\u201d, comentou ao\u00a0<strong>G1<\/strong>\u00a0o delegado respons\u00e1vel pelo caso, Mateus Nagano da Silva.<\/p>\n<\/div>\n<div class=\"mc-column content-text active-extra-styles \" style=\"text-align: justify;\" data-block-type=\"unstyled\" data-block-weight=\"36\" data-block-id=\"4\">\n<p class=\"content-text__container \" data-track-category=\"Link no Texto\" data-track-links=\"\">Ainda s\u00e3o aguardados os resultados dos laudos necrosc\u00f3pico dos cad\u00e1veres, do Instituto de Criminal\u00edstica (IC) local e do Instituto de Identifica\u00e7\u00e3o Ricardo Gumbleton Daunt (IIRGD), que realizou a coleta de impress\u00f5es digitais no local do crime.<\/p>\n<\/div>\n<div class=\"mc-column content-text active-extra-styles \" style=\"text-align: justify;\" data-block-type=\"unstyled\" data-block-weight=\"39\" data-block-id=\"5\">\n<p class=\"content-text__container \" data-track-category=\"Link no Texto\" data-track-links=\"\">O laudo &#8220;mais importante&#8221; para dar andamento \u00e0s investiga\u00e7\u00f5es \u00e9 o do IIRGD, conforme afirmou o delegado ao\u00a0<strong>G1<\/strong>. &#8220;\u00c9 um laudo que, se for proveitoso, se for produtivo, vai dar um norte muito grande para a pol\u00edcia&#8221;, ressaltou.<\/p>\n<\/div>\n<div class=\"mc-column content-text active-extra-styles \" style=\"text-align: justify;\" data-block-type=\"unstyled\" data-block-weight=\"46\" data-block-id=\"6\">\n<p class=\"content-text__container \" data-track-category=\"Link no Texto\" data-track-links=\"\">Silva salientou ao\u00a0<strong>G1\u00a0<\/strong>que ainda n\u00e3o h\u00e1 nada concreto sobre suspeitos. \u201cA gente s\u00f3 tem informa\u00e7\u00f5es. N\u00e3o tem suspeito, n\u00e3o posso atribuir a pr\u00e1tica a ningu\u00e9m e estou aguardando pra gente poder fazer a investiga\u00e7\u00e3o de maneira correta e conclu\u00ed-la o mais r\u00e1pido poss\u00edvel\u201d, disse.<\/p>\n<\/div>\n<div class=\"mc-column content-text active-extra-styles \" style=\"text-align: justify;\" data-block-type=\"unstyled\" data-block-weight=\"14\" data-block-id=\"8\">\n<p class=\"content-text__container \" data-track-category=\"Link no Texto\" data-track-links=\"\">Sobre boatos espalhados sobre o crime e sua autoria, o delegado orientou \u201ccautela\u201d.<\/p>\n<p class=\"content-text__container \" data-track-category=\"Link no Texto\" data-track-links=\"\"><strong><span style=\"font-style: italic; text-align: center;\">&#8220;Parem de ficar veiculando em rede social mentiras. A gente tem que ter cuidado e discernimento\u201d, colocou.<\/span><\/strong><\/p>\n<\/div>\n<div class=\"mc-column content-text active-extra-styles \" style=\"text-align: justify;\" data-block-type=\"unstyled\" data-block-weight=\"24\" data-block-id=\"10\">\n<p class=\"content-text__container \" data-track-category=\"Link no Texto\" data-track-links=\"\">\u201cN\u00e3o posso descartar nada. Pode ser latroc\u00ednio, execu\u00e7\u00e3o, at\u00e9 eventual crime pol\u00edtico. Estamos checando tudo para poder dar uma resposta r\u00e1pida pra sociedade\u201d, afirmou.<\/p>\n<\/div>\n<div class=\"mc-column content-text active-extra-styles \" style=\"text-align: justify;\" data-block-type=\"unstyled\" data-block-weight=\"8\" data-block-id=\"11\">\n<p class=\"content-text__container \" data-track-category=\"Link no Texto\" data-track-links=\"\">O inqu\u00e9rito policial tem prazo de 30 dias.<\/p>\n<\/div>\n<div class=\"mc-column content-text active-extra-styles \" style=\"text-align: justify;\" data-block-type=\"unstyled\" data-block-weight=\"20\" data-block-id=\"12\">\n<p class=\"content-text__container \" data-track-category=\"Link no Texto\" data-track-links=\"\">Quanto \u00e0 chegada dos laudos, n\u00e3o h\u00e1 per\u00edodo espec\u00edfico, mas os envolvidos foram informados de que o caso \u201cdemanda urg\u00eancia\u201d.<\/p>\n<\/div>\n<div class=\"mc-column content-text active-extra-styles\" data-block-type=\"raw\" data-block-weight=\"65\" data-block-id=\"13\">\n<ul class=\"content-unordered-list\" style=\"text-align: justify;\">\n<li><a href=\"https:\/\/g1.globo.com\/sp\/presidente-prudente-regiao\/noticia\/2020\/01\/23\/vereador-de-santo-expedito-e-esposa-sao-encontrados-mortos-a-tiros.ghtml\">Vereador e esposa s\u00e3o encontrados mortos a tiros em Santo Expedito<\/a><\/li>\n<li><a href=\"https:\/\/g1.globo.com\/sp\/presidente-prudente-regiao\/noticia\/2020\/01\/23\/policia-civil-trabalha-com-hipoteses-de-latrocinio-e-execucao-para-as-mortes-de-vereador-e-esposa-em-santo-expedito.ghtml\">Pol\u00edcia Civil trabalha com hip\u00f3teses de latroc\u00ednio e execu\u00e7\u00e3o para as mortes de vereador e esposa em Santo Expedito<\/a><\/li>\n<li><a href=\"https:\/\/g1.globo.com\/sp\/presidente-prudente-regiao\/noticia\/2020\/01\/23\/corpos-de-vereador-e-esposa-assassinados-a-tiros-serao-velados-no-centro-comunitario-de-santo-expedito.ghtml\">Corpos de vereador e esposa assassinados a tiros ser\u00e3o velados no Centro Comunit\u00e1rio de Santo Expedito<\/a><\/li>\n<li><a href=\"https:\/\/g1.globo.com\/sp\/presidente-prudente-regiao\/noticia\/2020\/01\/24\/amigos-e-familiares-prestam-homenagens-a-vereador-e-esposa-mortos-em-santo-expedito-e-muito-doido-para-nossa-cidade.ghtml\">Amigos e familiares prestam homenagens a vereador e esposa mortos em Santo Expedito: &#8216;\u00c9 muito do\u00eddo para nossa cidade&#8217;<\/a><\/li>\n<\/ul>\n<div class=\"mc-column content-text active-extra-styles\" style=\"text-align: justify;\" data-block-type=\"raw\" data-block-weight=\"1\" data-block-id=\"15\">\n<div class=\"content-intertitle\">\n<h2>Crime<\/h2>\n<\/div>\n<\/div>\n<div class=\"mc-column content-text active-extra-styles \" style=\"text-align: justify;\" data-block-type=\"unstyled\" data-block-weight=\"35\" data-block-id=\"16\">\n<p class=\"content-text__container \" data-track-category=\"Link no Texto\" data-track-links=\"\">O filho mais velho encontrou o casal j\u00e1 morto a tiros , por volta das 4h30 desta quinta-feira (23), quando chegou para ajudar o pai com a ordenha de vacas na propriedade rural da fam\u00edlia.<\/p>\n<\/div>\n<div class=\"mc-column content-text active-extra-styles \" style=\"text-align: justify;\" data-block-type=\"unstyled\" data-block-weight=\"15\" data-block-id=\"17\">\n<p class=\"content-text__container \" data-track-category=\"Link no Texto\" data-track-links=\"\">Cinco disparos atingiram as v\u00edtimas, conforme informou \u00e0 pol\u00edcia o Instituto M\u00e9dio Legal (IML).<\/p>\n<\/div>\n<div class=\"mc-column content-text active-extra-styles \" style=\"text-align: justify;\" data-block-type=\"unstyled\" data-block-weight=\"55\" data-block-id=\"18\">\n<p class=\"content-text__container \" data-track-category=\"Link no Texto\" data-track-links=\"\">Localizada ca\u00edda na porta do quarto, a mulher apresentava tr\u00eas ferimentos \u00e0 bala \u2013 1 na perna, 1 no olho e 1 no peito (que transfixou \u00e0s costas) \u2013 e o homem, encontrado entre a cama e um guarda-roupas, duas les\u00f5es \u2013 1 na cabe\u00e7a e 1 na axila, conforme contou o delegado ao\u00a0<strong>G1<\/strong>.<\/p>\n<\/div>\n<div class=\"mc-column content-text active-extra-styles \" style=\"text-align: justify;\" data-block-type=\"unstyled\" data-block-weight=\"13\" data-block-id=\"20\">\n<p class=\"content-text__container \" data-track-category=\"Link no Texto\" data-track-links=\"\">A porta dos fundos da casa estava aberta, sem sinais de arrombamento.<\/p>\n<\/div>\n<div class=\"mc-column content-text active-extra-styles \" style=\"text-align: justify;\" data-block-type=\"unstyled\" data-block-weight=\"29\" data-block-id=\"21\">\n<p class=\"content-text__container \" data-track-category=\"Link no Texto\" data-track-links=\"\">Conforme a Pol\u00edcia Civil, o local era cercado por c\u00e2meras externas, mas a central com as imagens do circuito de seguran\u00e7a foi levada por quem cometeu o crime.<\/p>\n<\/div>\n<div class=\"mc-column content-text active-extra-styles \" data-block-type=\"unstyled\" data-block-weight=\"15\" data-block-id=\"22\">\n<p class=\"content-text__container \" style=\"text-align: justify;\" data-track-category=\"Link no Texto\" data-track-links=\"\">As v\u00edtimas foram\u00a0<a href=\"https:\/\/g1.globo.com\/sp\/presidente-prudente-regiao\/noticia\/2020\/01\/24\/amigos-e-familiares-prestam-homenagens-a-vereador-e-esposa-mortos-em-santo-expedito-e-muito-doido-para-nossa-cidade.ghtml\">enterradas na manh\u00e3 desta sexta-feira (24) no Cemit\u00e9rio Municipal de Santo Expedito<\/a>.<\/p>\n<p style=\"text-align: justify;\" data-track-category=\"Link no Texto\" data-track-links=\"\">Fonte: G1<\/p>\n<\/div>\n<\/div>\n<\/div>\n","protected":false},"excerpt":{"rendered":"<p>Equipes aguardam resultado do recolhimento de impress\u00f5es digitais, o que \u00e9 considerado o &#8216;mais importante&#8217;. Crime ocorreu em Santo Expedito nesta quinta-feira (23). A Pol\u00edcia Civil d\u00e1 prosseguimento nesta sexta-feira (24) \u00e0s investiga\u00e7\u00f5es com o intuito de elucidar as circunst\u00e2ncias e a autoria das mortes do vereador e ex-prefeito de\u00a0Santo Expedito (SP)\u00a0Valfrido Cauneto (PP), de [&hellip;]<\/p>\n","protected":false},"author":1,"featured_media":17136,"comment_status":"closed","ping_status":"open","sticky":false,"template":"","format":"standard","meta":{"footnotes":""},"categories":[110,2],"tags":[],"class_list":["post-17135","post","type-post","status-publish","format-standard","has-post-thumbnail","hentry","category-noticiasdestaque","category-policial"],"_links":{"self":[{"href":"https:\/\/jorgezanoni.com.br\/2019\/wp-json\/wp\/v2\/posts\/17135","targetHints":{"allow":["GET"]}}],"collection":[{"href":"https:\/\/jorgezanoni.com.br\/2019\/wp-json\/wp\/v2\/posts"}],"about":[{"href":"https:\/\/jorgezanoni.com.br\/2019\/wp-json\/wp\/v2\/types\/post"}],"author":[{"embeddable":true,"href":"https:\/\/jorgezanoni.com.br\/2019\/wp-json\/wp\/v2\/users\/1"}],"replies":[{"embeddable":true,"href":"https:\/\/jorgezanoni.com.br\/2019\/wp-json\/wp\/v2\/comments?post=17135"}],"version-history":[{"count":0,"href":"https:\/\/jorgezanoni.com.br\/2019\/wp-json\/wp\/v2\/posts\/17135\/revisions"}],"wp:featuredmedia":[{"embeddable":true,"href":"https:\/\/jorgezanoni.com.br\/2019\/wp-json\/wp\/v2\/media\/17136"}],"wp:attachment":[{"href":"https:\/\/jorgezanoni.com.br\/2019\/wp-json\/wp\/v2\/media?parent=17135"}],"wp:term":[{"taxonomy":"category","embeddable":true,"href":"https:\/\/jorgezanoni.com.br\/2019\/wp-json\/wp\/v2\/categories?post=17135"},{"taxonomy":"post_tag","embeddable":true,"href":"https:\/\/jorgezanoni.com.br\/2019\/wp-json\/wp\/v2\/tags?post=17135"}],"curies":[{"name":"wp","href":"https:\/\/api.w.org\/{rel}","templated":true}]}}