{"id":17127,"date":"2020-01-25T01:07:35","date_gmt":"2020-01-25T01:07:35","guid":{"rendered":"https:\/\/jorgezanoni.com.br\/2019\/?p=17127"},"modified":"2020-01-25T01:07:35","modified_gmt":"2020-01-25T01:07:35","slug":"mulher-de-92-anos-morre-com-suspeita-de-dengue-em-presidente-prudente","status":"publish","type":"post","link":"https:\/\/jorgezanoni.com.br\/2019\/mulher-de-92-anos-morre-com-suspeita-de-dengue-em-presidente-prudente\/","title":{"rendered":"Mulher de 92 anos morre com suspeita de dengue em Presidente Prudente"},"content":{"rendered":"<h2 class=\"content-head__subtitle\" style=\"text-align: justify;\"><strong>Prefeitura informou que resultado do exame com a confirma\u00e7\u00e3o da doen\u00e7a ainda n\u00e3o ficou pronto. Idosa estava internada na Santa Casa de Miseric\u00f3rdia da cidade.<\/strong><\/h2>\n<div class=\"mc-column content-text active-extra-styles \" data-block-type=\"unstyled\" data-block-weight=\"27\" data-block-id=\"2\">\n<p class=\"content-text__container \" style=\"text-align: justify;\" data-track-category=\"Link no Texto\" data-track-links=\"\">A Prefeitura de\u00a0<a href=\"https:\/\/g1.globo.com\/sp\/presidente-prudente-regiao\/cidade\/presidente-prudente\/\">Presidente Prudente<\/a>\u00a0confirmou nesta sexta-feira (24) a morte de uma mulher de 92 anos que pode ter sido provocada por complica\u00e7\u00f5es ligadas \u00e0 dengue.<\/p>\n<\/div>\n<div class=\"wall protected-content\">\n<div class=\"mc-column content-text active-extra-styles \" style=\"text-align: justify;\" data-block-type=\"unstyled\" data-block-weight=\"39\" data-block-id=\"3\">\n<p class=\"content-text__container \" data-track-category=\"Link no Texto\" data-track-links=\"\">A idosa foi internada na Santa Casa no dia 13 de janeiro e morreu na \u00faltima ter\u00e7a-feira (21). Ela recebia atendimento por dengue, por\u00e9m, o resultado do exame com a confirma\u00e7\u00e3o da doen\u00e7a ainda n\u00e3o saiu, segundo a Prefeitura.<\/p>\n<\/div>\n<div class=\"mc-column content-text active-extra-styles \" style=\"text-align: justify;\" data-block-type=\"unstyled\" data-block-weight=\"11\" data-block-id=\"4\">\n<p class=\"content-text__container \" data-track-category=\"Link no Texto\" data-track-links=\"\">Este laudo deve demorar cerca de dez dias para ficar pronto.<\/p>\n<\/div>\n<div class=\"mc-column content-text active-extra-styles \" style=\"text-align: justify;\" data-block-type=\"unstyled\" data-block-weight=\"18\" data-block-id=\"5\">\n<p class=\"content-text__container \" data-track-category=\"Link no Texto\" data-track-links=\"\">At\u00e9 o momento, Presidente Prudente j\u00e1 possui 30 casos confirmados de dengue e outros 222 exames aguardam resultados.<\/p>\n<\/div>\n<div class=\"mc-column content-text active-extra-styles \" style=\"text-align: justify;\" data-block-type=\"unstyled\" data-block-weight=\"25\" data-block-id=\"6\">\n<p class=\"content-text__container \" data-track-category=\"Link no Texto\" data-track-links=\"\">Este \u00e9 o terceiro caso suspeito de morte pela doen\u00e7a neste ano no Oeste Paulista. Os outros dois registros foram em\u00a0<a href=\"https:\/\/g1.globo.com\/sp\/presidente-prudente-regiao\/cidade\/parapua\/\">Parapu\u00e3<\/a>\u00a0e\u00a0<a href=\"https:\/\/g1.globo.com\/sp\/presidente-prudente-regiao\/cidade\/presidente-venceslau\/\">Presidente Venceslau<\/a>.<\/p>\n<\/div>\n<div class=\"mc-column content-text active-extra-styles\" data-block-type=\"raw\" data-block-weight=\"26\" data-block-id=\"7\">\n<ul class=\"content-unordered-list\" style=\"text-align: justify;\">\n<li><a href=\"https:\/\/g1.globo.com\/sp\/presidente-prudente-regiao\/noticia\/2020\/01\/16\/morte-dengue-presidente-venceslau.ghtml\">Suspeita de morte por dengue hemorr\u00e1gica deixa autoridades de sa\u00fade em alerta em Presidente Venceslau<\/a><\/li>\n<li><a href=\"https:\/\/g1.globo.com\/sp\/presidente-prudente-regiao\/noticia\/2020\/01\/22\/mulher-de-45-anos-morre-com-suspeita-de-dengue-em-parapua.ghtml\">Mulher de 45 anos morre com suspeita de dengue em Parapu\u00e3<\/a><\/li>\n<\/ul>\n<p style=\"text-align: justify;\">Fonte: G1<\/p>\n<\/div>\n<\/div>\n","protected":false},"excerpt":{"rendered":"<p>Prefeitura informou que resultado do exame com a confirma\u00e7\u00e3o da doen\u00e7a ainda n\u00e3o ficou pronto. Idosa estava internada na Santa Casa de Miseric\u00f3rdia da cidade. A Prefeitura de\u00a0Presidente Prudente\u00a0confirmou nesta sexta-feira (24) a morte de uma mulher de 92 anos que pode ter sido provocada por complica\u00e7\u00f5es ligadas \u00e0 dengue. A idosa foi internada na [&hellip;]<\/p>\n","protected":false},"author":1,"featured_media":17128,"comment_status":"closed","ping_status":"open","sticky":false,"template":"","format":"standard","meta":{"footnotes":""},"categories":[110,122],"tags":[],"class_list":["post-17127","post","type-post","status-publish","format-standard","has-post-thumbnail","hentry","category-noticiasdestaque","category-saudeeducacaoeconcurso"],"_links":{"self":[{"href":"https:\/\/jorgezanoni.com.br\/2019\/wp-json\/wp\/v2\/posts\/17127","targetHints":{"allow":["GET"]}}],"collection":[{"href":"https:\/\/jorgezanoni.com.br\/2019\/wp-json\/wp\/v2\/posts"}],"about":[{"href":"https:\/\/jorgezanoni.com.br\/2019\/wp-json\/wp\/v2\/types\/post"}],"author":[{"embeddable":true,"href":"https:\/\/jorgezanoni.com.br\/2019\/wp-json\/wp\/v2\/users\/1"}],"replies":[{"embeddable":true,"href":"https:\/\/jorgezanoni.com.br\/2019\/wp-json\/wp\/v2\/comments?post=17127"}],"version-history":[{"count":0,"href":"https:\/\/jorgezanoni.com.br\/2019\/wp-json\/wp\/v2\/posts\/17127\/revisions"}],"wp:featuredmedia":[{"embeddable":true,"href":"https:\/\/jorgezanoni.com.br\/2019\/wp-json\/wp\/v2\/media\/17128"}],"wp:attachment":[{"href":"https:\/\/jorgezanoni.com.br\/2019\/wp-json\/wp\/v2\/media?parent=17127"}],"wp:term":[{"taxonomy":"category","embeddable":true,"href":"https:\/\/jorgezanoni.com.br\/2019\/wp-json\/wp\/v2\/categories?post=17127"},{"taxonomy":"post_tag","embeddable":true,"href":"https:\/\/jorgezanoni.com.br\/2019\/wp-json\/wp\/v2\/tags?post=17127"}],"curies":[{"name":"wp","href":"https:\/\/api.w.org\/{rel}","templated":true}]}}