{"id":17122,"date":"2020-01-25T00:56:17","date_gmt":"2020-01-25T00:56:17","guid":{"rendered":"https:\/\/jorgezanoni.com.br\/2019\/?p=17122"},"modified":"2020-01-25T00:56:17","modified_gmt":"2020-01-25T00:56:17","slug":"prefeito-morre-e-e-o-primeiro-a-ser-enterrado-em-nova-area-de-cemiterio-construida-na-gestao-dele","status":"publish","type":"post","link":"https:\/\/jorgezanoni.com.br\/2019\/prefeito-morre-e-e-o-primeiro-a-ser-enterrado-em-nova-area-de-cemiterio-construida-na-gestao-dele\/","title":{"rendered":"Prefeito morre e \u00e9 o primeiro a ser enterrado em nova \u00e1rea de cemit\u00e9rio constru\u00edda na gest\u00e3o dele"},"content":{"rendered":"<h2 class=\"content-head__subtitle\" style=\"text-align: justify;\"><strong>Jos\u00e9 Pedro Pires da Rocha, de Bonito de Minas, morreu de infarto na sexta-feira, e corpo foi sepultado no domingo. Caso lembra hist\u00f3ria da novela &#8216;O Bem-Amado&#8217;.<\/strong><\/h2>\n<div class=\"mc-column content-text active-extra-styles \" data-block-type=\"unstyled\" data-block-weight=\"48\" data-block-id=\"2\">\n<p class=\"content-text__container \" style=\"text-align: justify;\" data-track-category=\"Link no Texto\" data-track-links=\"\">O corpo do prefeito de Bonito de Minas, munic\u00edpio do interior de MG, foi o primeiro a ser enterrado na nova \u00e1rea do cemit\u00e9rio municipal, obra da gest\u00e3o dele. O caso lembrou a hist\u00f3ria da novela\u00a0<a href=\"https:\/\/memoriaglobo.globo.com\/entretenimento\/novelas\/o-bem-amado\/\">&#8220;O Bem-Amado&#8221;<\/a>, de Dias Gomes, exibida pela TV Globo em 1973.<\/p>\n<\/div>\n<div class=\"wall protected-content\">\n<div class=\"mc-column content-text active-extra-styles \" style=\"text-align: justify;\" data-block-type=\"unstyled\" data-block-weight=\"57\" data-block-id=\"3\">\n<p class=\"content-text__container \" data-track-category=\"Link no Texto\" data-track-links=\"\">Jos\u00e9 Pedro Pires da Rocha (PSB), o Z\u00e9 Galego, tinha 64 anos e morreu na sexta-feira (17) ap\u00f3s sofrer um infarto durante uma viagem de Bras\u00edlia para Bonito de Minas. Ele havia ido \u00e0 capital para assinar documentos para doa\u00e7\u00e3o de m\u00e1quinas ao munic\u00edpio, que tem cerca de 11 mil habitantes. O sepultamento aconteceu no domingo (19).<\/p>\n<\/div>\n<div class=\"mc-column content-text active-extra-styles \" style=\"text-align: justify;\" data-block-type=\"unstyled\" data-block-weight=\"33\" data-block-id=\"4\">\n<p class=\"content-text__container \" data-track-category=\"Link no Texto\" data-track-links=\"\">Em &#8220;O Bem-Amado&#8221;, o prefeito da fict\u00edcia cidade de Sucupira, o corrupto Odorico Paragua\u00e7u (Paulo Gracindo), \u00e9 eleito com a promessa de campanha &#8220;Vote em um homem s\u00e9rio e ganhe um cemit\u00e9rio&#8221;.<\/p>\n<\/div>\n<div class=\"mc-column content-text active-extra-styles \" style=\"text-align: justify;\" data-block-type=\"unstyled\" data-block-weight=\"48\" data-block-id=\"5\">\n<p class=\"content-text__container \" data-track-category=\"Link no Texto\" data-track-links=\"\">No entanto, Odorico enfrenta dificuldades para inaugurar a obra, j\u00e1 que ningu\u00e9m morre na cidade, raz\u00e3o pela qual o pol\u00edtico passa a criar uma s\u00e9rie de situa\u00e7\u00f5es que resulte na morte de algu\u00e9m. No fim, quem acaba morrendo \u00e9 o pr\u00f3prio prefeito, que consegue assim &#8220;inaugurar&#8221; o cemit\u00e9rio.<\/p>\n<\/div>\n<div class=\"mc-column content-text active-extra-styles \" style=\"text-align: justify;\" data-block-type=\"unstyled\" data-block-weight=\"16\" data-block-id=\"6\">\n<p class=\"content-text__container \" data-track-category=\"Link no Texto\" data-track-links=\"\">Antes mesmo da morte de Z\u00e9 Galego, moradores de Bonito de Minas chegaram a mencionar coincid\u00eancia.<\/p>\n<p class=\"content-text__container \" data-track-category=\"Link no Texto\" data-track-links=\"\"><span style=\"font-style: italic; text-align: center;\">&#8220;J\u00e1 haviam falado com ele sobre a novela, mas ele dizia que n\u00e3o acreditava nisso\u201d, conta Miqueias Figueredo (PTB), vereador e amigo do prefeito.<\/span><\/p>\n<\/div>\n<div class=\"mc-column content-text active-extra-styles \" style=\"text-align: justify;\" data-block-type=\"unstyled\" data-block-weight=\"35\" data-block-id=\"9\">\n<p class=\"content-text__container \" data-track-category=\"Link no Texto\" data-track-links=\"\">O vereador esclarece que a obra de amplia\u00e7\u00e3o era uma reivindica\u00e7\u00e3o da popula\u00e7\u00e3o e dos vereadores, j\u00e1 que a parte antiga do cemit\u00e9rio tem mais de 50 anos e n\u00e3o comportava mais t\u00famulos.<\/p>\n<\/div>\n<div class=\"mc-column content-text active-extra-styles \" style=\"text-align: justify;\" data-block-type=\"unstyled\" data-block-weight=\"45\" data-block-id=\"10\">\n<p class=\"content-text__container \" data-track-category=\"Link no Texto\" data-track-links=\"\">&#8220;Tivemos v\u00e1rios transtornos, moradores foram enterrar seus entes e havia outras ossadas no lugar. O Z\u00e9 n\u00e3o era natural daqui e a fam\u00edlia n\u00e3o tinha um espa\u00e7o na parte do cemit\u00e9rio que j\u00e1 existia, por isso, pediram que fosse enterrado na parte nova&#8221;, diz Miqueias.<\/p>\n<\/div>\n<div class=\"mc-column content-text active-extra-styles \" style=\"text-align: justify;\" data-block-type=\"unstyled\" data-block-weight=\"43\" data-block-id=\"11\">\n<p class=\"content-text__container \" data-track-category=\"Link no Texto\" data-track-links=\"\">A obra de amplia\u00e7\u00e3o do cemit\u00e9rio come\u00e7ou por volta de outubro de 2019 e ainda n\u00e3o tem data para terminar. A Prefeitura precisa construir uma capela e fazer adequa\u00e7\u00f5es \u00e0 infraestrutura, como instala\u00e7\u00e3o de banheiros e interliga\u00e7\u00e3o \u00e0 rede de \u00e1gua e esgoto.<\/p>\n<\/div>\n<div class=\"mc-column content-text active-extra-styles \" style=\"text-align: justify;\" data-block-type=\"unstyled\" data-block-weight=\"10\" data-block-id=\"12\">\n<p class=\"content-text__container \" data-track-category=\"Link no Texto\" data-track-links=\"\">Miqueias lembra tamb\u00e9m como ocorreu a morte de Z\u00e9 Galego:<\/p>\n<\/div>\n<div class=\"mc-column content-text active-extra-styles \" style=\"text-align: justify;\" data-block-type=\"unstyled\" data-block-weight=\"44\" data-block-id=\"13\">\n<p class=\"content-text__container \" data-track-category=\"Link no Texto\" data-track-links=\"\">&#8220;Ele viajava sozinho de carro e passou mal. Foi at\u00e9 um hospital, onde permaneceu em observa\u00e7\u00e3o, mas acabou liberado. Em seguida, voltou ao hotel para buscar as malas e continuar a viagem. Passou mal novamente, foi em outra unidade de sa\u00fade, infartou e morreu&#8221;.<\/p>\n<\/div>\n<div class=\"mc-column content-text active-extra-styles \" style=\"text-align: justify;\" data-block-type=\"unstyled\" data-block-weight=\"25\" data-block-id=\"14\">\n<p class=\"content-text__container \" data-track-category=\"Link no Texto\" data-track-links=\"\">O vereador diz que ele pr\u00f3prio tinha sido convidado por Z\u00e9 Galego para acompanh\u00e1-lo na viagem, mas n\u00e3o p\u00f4de ir por raz\u00e3o de compromissos.<\/p>\n<\/div>\n<div class=\"mc-column content-text active-extra-styles\" style=\"text-align: justify;\" data-block-type=\"raw\" data-block-weight=\"4\" data-block-id=\"15\">\n<div class=\"content-intertitle\">\n<h2>De caminhoneiro a prefeito<\/h2>\n<\/div>\n<\/div>\n<div class=\"mc-column content-text active-extra-styles \" style=\"text-align: justify;\" data-block-type=\"unstyled\" data-block-weight=\"25\" data-block-id=\"16\">\n<p class=\"content-text__container \" data-track-category=\"Link no Texto\" data-track-links=\"\">Ao contr\u00e1rio de Odorico Paragua\u00e7u, pol\u00edtico corrupto e cheio de artimanhas, Z\u00e9 Galego era um &#8220;homem correto e honesto&#8221;, afirma o vereador Miqueias Figueiredo.<\/p>\n<\/div>\n<div class=\"mc-column content-text active-extra-styles \" style=\"text-align: justify;\" data-block-type=\"unstyled\" data-block-weight=\"49\" data-block-id=\"17\">\n<p class=\"content-text__container \" data-track-category=\"Link no Texto\" data-track-links=\"\">Ele conta que o amigo era natural de Sete Lagoas e chegou ao Norte de Minas Gerais para trabalhar transportando carv\u00e3o. Tempos depois, tornou-se como taxista na Comunidade de S\u00e3o Sebasti\u00e3o do Catul\u00e9. Na \u00e9poca, seguindo conselhos dos passageiros que levava, candidatou-se a vereador, mas n\u00e3o se elegeu.<\/p>\n<\/div>\n<div class=\"content-ads content-ads--reveal\" style=\"text-align: justify;\" data-block-type=\"ads\" data-block-id=\"18\"><\/div>\n<div class=\"mc-column content-text active-extra-styles \" style=\"text-align: justify;\" data-block-type=\"unstyled\" data-block-weight=\"29\" data-block-id=\"19\">\n<p class=\"content-text__container \" data-track-category=\"Link no Texto\" data-track-links=\"\">Nas elei\u00e7\u00f5es seguintes, tentou novamente e foi eleito vereador, primeiro cargo pol\u00edtico que ocupou. Em 2012, elegeu-se vice-prefeito e voltou a ocupar o cargo ap\u00f3s o pleito seguinte.<\/p>\n<\/div>\n<div class=\"mc-column content-text active-extra-styles \" style=\"text-align: justify;\" data-block-type=\"unstyled\" data-block-weight=\"27\" data-block-id=\"20\">\n<p class=\"content-text__container \" data-track-category=\"Link no Texto\" data-track-links=\"\">Z\u00e9 Galego assumiu a Prefeitura de Bonito de Minas depois que o ent\u00e3o ocupante do cargo, Jos\u00e9 Reis (PHS), afastar-se ao ser eleito deputado estadual, em 2018.<\/p>\n<\/div>\n<div class=\"mc-column content-text active-extra-styles \" style=\"text-align: justify;\" data-block-type=\"unstyled\" data-block-weight=\"38\" data-block-id=\"21\">\n<p class=\"content-text__container \" data-track-category=\"Link no Texto\" data-track-links=\"\">&#8220;Eu j\u00e1 fui oposi\u00e7\u00e3o, mas conheci o trabalho dele e passei a apoi\u00e1-lo. Foi um prefeito que conseguiu contornar as dificuldades financeiras do munic\u00edpio para pagar sal\u00e1rios e outras despesas em dia&#8221;, diz Miqueias, sobre o amigo.<\/p>\n<\/div>\n<div class=\"mc-column content-text active-extra-styles \" style=\"text-align: justify;\" data-block-type=\"unstyled\" data-block-weight=\"20\" data-block-id=\"22\">\n<p class=\"content-text__container \" data-track-category=\"Link no Texto\" data-track-links=\"\">&#8220;De tanto cuidar dos interesses da popula\u00e7\u00e3o, acabou esquecendo dele e, infelizmente, morreu em virtude de um problema de sa\u00fade.&#8221;<\/p>\n<\/div>\n<div class=\"mc-column content-text active-extra-styles \" data-block-type=\"unstyled\" data-block-weight=\"34\" data-block-id=\"23\">\n<p class=\"content-text__container \" style=\"text-align: justify;\" data-track-category=\"Link no Texto\" data-track-links=\"\">Um dos filhos de Z\u00e9 Galego disse ao vereador que o pai tinha passado mal h\u00e1 dois anos e um m\u00e9dico apontou, na \u00e9poca, que ele tinha uma veia com sinais de entupimento.<\/p>\n<p style=\"text-align: justify;\" data-track-category=\"Link no Texto\" data-track-links=\"\"><img loading=\"lazy\" decoding=\"async\" class=\"alignnone size-full wp-image-17123\" src=\"https:\/\/jorgezanoni.com.br\/2019\/wp-content\/uploads\/2020\/01\/cemiterio1.jpeg\" alt=\"\" width=\"640\" height=\"1125\" srcset=\"https:\/\/jorgezanoni.com.br\/2019\/wp-content\/uploads\/2020\/01\/cemiterio1.jpeg 640w, https:\/\/jorgezanoni.com.br\/2019\/wp-content\/uploads\/2020\/01\/cemiterio1-171x300.jpeg 171w, https:\/\/jorgezanoni.com.br\/2019\/wp-content\/uploads\/2020\/01\/cemiterio1-583x1024.jpeg 583w, https:\/\/jorgezanoni.com.br\/2019\/wp-content\/uploads\/2020\/01\/cemiterio1-239x420.jpeg 239w\" sizes=\"auto, (max-width: 640px) 100vw, 640px\" \/><\/p>\n<p style=\"text-align: justify;\" data-track-category=\"Link no Texto\" data-track-links=\"\">Z\u00e9 Galego e vereador Miqueias \u2014 Foto: Arquivo Pessoal<\/p>\n<div class=\"mc-column content-text active-extra-styles\" data-block-type=\"raw\" data-block-weight=\"2\" data-block-id=\"25\">\n<div class=\"content-intertitle\">\n<h2 style=\"text-align: justify;\">Novo prefeito<\/h2>\n<div class=\"mc-column content-text active-extra-styles \" style=\"text-align: justify;\" data-block-type=\"unstyled\" data-block-weight=\"32\" data-block-id=\"26\">\n<p class=\"content-text__container \" data-track-category=\"Link no Texto\" data-track-links=\"\">Com a morte de Z\u00e9 Galego, quem assume a Prefeitura \u00e9 Dilson Santana (PP), que era presidente da C\u00e2mara. Ele j\u00e1 apoiou a administra\u00e7\u00e3o anterior, mas, ap\u00f3s diverg\u00eancias, passou \u00e0 oposi\u00e7\u00e3o.<\/p>\n<\/div>\n<div class=\"mc-column content-text active-extra-styles \" style=\"text-align: justify;\" data-block-type=\"unstyled\" data-block-weight=\"54\" data-block-id=\"27\">\n<p class=\"content-text__container \" data-track-category=\"Link no Texto\" data-track-links=\"\">&#8220;No fim do ano, eu estive com o Z\u00e9 e expliquei o porqu\u00ea de estar no lado contr\u00e1rio, e ele ouviu meus motivos. \u00c9ramos opositores, mas de forma respeitosa. A morte dele surpreendeu a todos e causou muita como\u00e7\u00e3o\u201d, afirmou Santana, que diz estar fazendo um levantamento para dar sequ\u00eancia aos trabalhos no munic\u00edpio.<\/p>\n<\/div>\n<div class=\"content-ads content-ads--reveal\" style=\"text-align: justify;\" data-block-type=\"ads\" data-block-id=\"28\"><\/div>\n<div class=\"mc-column content-text active-extra-styles \" style=\"text-align: justify;\" data-block-type=\"unstyled\" data-block-weight=\"18\" data-block-id=\"29\">\n<p class=\"content-text__container \" data-track-category=\"Link no Texto\" data-track-links=\"\">Ele afirma que o novo desafio se imp\u00f4s no momento em que n\u00e3o pensava tentar se reeleger.<\/p>\n<\/div>\n<div class=\"mc-column content-text active-extra-styles \" data-block-type=\"unstyled\" data-block-weight=\"52\" data-block-id=\"30\">\n<p class=\"content-text__container \" style=\"text-align: justify;\" data-track-category=\"Link no Texto\" data-track-links=\"\">&#8220;Fui vereador por duas vezes, quando voc\u00ea se candidata a um cargo, assume os desafios e tem que estar preparado para tudo. Mas confesso que n\u00e3o pensava em tentar a reelei\u00e7\u00e3o, desanimei com a pol\u00edtica, ao perceber que muitos pensam em tirar proveito pr\u00f3prio e n\u00e3o colocam a popula\u00e7\u00e3o em primeiro lugar.&#8221;<\/p>\n<p style=\"text-align: justify;\" data-track-category=\"Link no Texto\" data-track-links=\"\"><img loading=\"lazy\" decoding=\"async\" class=\"alignnone size-full wp-image-17124\" src=\"https:\/\/jorgezanoni.com.br\/2019\/wp-content\/uploads\/2020\/01\/Cemiterio2.jpeg\" alt=\"\" width=\"640\" height=\"640\" srcset=\"https:\/\/jorgezanoni.com.br\/2019\/wp-content\/uploads\/2020\/01\/Cemiterio2.jpeg 640w, https:\/\/jorgezanoni.com.br\/2019\/wp-content\/uploads\/2020\/01\/Cemiterio2-150x150.jpeg 150w, https:\/\/jorgezanoni.com.br\/2019\/wp-content\/uploads\/2020\/01\/Cemiterio2-300x300.jpeg 300w, https:\/\/jorgezanoni.com.br\/2019\/wp-content\/uploads\/2020\/01\/Cemiterio2-420x420.jpeg 420w\" sizes=\"auto, (max-width: 640px) 100vw, 640px\" \/>Dilson Santana assumiu Prefeitura \u2014 Foto: Arquivo Pessoal<\/p>\n<p style=\"text-align: justify;\" data-track-category=\"Link no Texto\" data-track-links=\"\">Fonte: G1<\/p>\n<\/div>\n<\/div>\n<\/div>\n<\/div>\n<\/div>\n","protected":false},"excerpt":{"rendered":"<p>Jos\u00e9 Pedro Pires da Rocha, de Bonito de Minas, morreu de infarto na sexta-feira, e corpo foi sepultado no domingo. Caso lembra hist\u00f3ria da novela &#8216;O Bem-Amado&#8217;. O corpo do prefeito de Bonito de Minas, munic\u00edpio do interior de MG, foi o primeiro a ser enterrado na nova \u00e1rea do cemit\u00e9rio municipal, obra da gest\u00e3o [&hellip;]<\/p>\n","protected":false},"author":1,"featured_media":17125,"comment_status":"closed","ping_status":"open","sticky":false,"template":"","format":"standard","meta":{"footnotes":""},"categories":[178,110],"tags":[],"class_list":["post-17122","post","type-post","status-publish","format-standard","has-post-thumbnail","hentry","category-notadefalecimento","category-noticiasdestaque"],"_links":{"self":[{"href":"https:\/\/jorgezanoni.com.br\/2019\/wp-json\/wp\/v2\/posts\/17122","targetHints":{"allow":["GET"]}}],"collection":[{"href":"https:\/\/jorgezanoni.com.br\/2019\/wp-json\/wp\/v2\/posts"}],"about":[{"href":"https:\/\/jorgezanoni.com.br\/2019\/wp-json\/wp\/v2\/types\/post"}],"author":[{"embeddable":true,"href":"https:\/\/jorgezanoni.com.br\/2019\/wp-json\/wp\/v2\/users\/1"}],"replies":[{"embeddable":true,"href":"https:\/\/jorgezanoni.com.br\/2019\/wp-json\/wp\/v2\/comments?post=17122"}],"version-history":[{"count":0,"href":"https:\/\/jorgezanoni.com.br\/2019\/wp-json\/wp\/v2\/posts\/17122\/revisions"}],"wp:featuredmedia":[{"embeddable":true,"href":"https:\/\/jorgezanoni.com.br\/2019\/wp-json\/wp\/v2\/media\/17125"}],"wp:attachment":[{"href":"https:\/\/jorgezanoni.com.br\/2019\/wp-json\/wp\/v2\/media?parent=17122"}],"wp:term":[{"taxonomy":"category","embeddable":true,"href":"https:\/\/jorgezanoni.com.br\/2019\/wp-json\/wp\/v2\/categories?post=17122"},{"taxonomy":"post_tag","embeddable":true,"href":"https:\/\/jorgezanoni.com.br\/2019\/wp-json\/wp\/v2\/tags?post=17122"}],"curies":[{"name":"wp","href":"https:\/\/api.w.org\/{rel}","templated":true}]}}