{"id":17119,"date":"2020-01-25T00:40:27","date_gmt":"2020-01-25T00:40:27","guid":{"rendered":"https:\/\/jorgezanoni.com.br\/2019\/?p=17119"},"modified":"2020-01-25T00:40:27","modified_gmt":"2020-01-25T00:40:27","slug":"policia-civil-prende-pai-acusado-de-estuprar-a-propria-filha-em-ouro-verde","status":"publish","type":"post","link":"https:\/\/jorgezanoni.com.br\/2019\/policia-civil-prende-pai-acusado-de-estuprar-a-propria-filha-em-ouro-verde\/","title":{"rendered":"Pol\u00edcia Civil prende pai acusado de estuprar a pr\u00f3pria filha em Ouro Verde"},"content":{"rendered":"<p style=\"text-align: justify;\">Na quinta-feira, 23, por volta de 18 horas, a Pol\u00edcia Civil de Ouro Verde, prendeu um desempregado de 41 anos, que est\u00e1 sendo acusado de ter estuprado a pr\u00f3pria filha de 14 anos.<\/p>\n<p style=\"text-align: justify;\">Segundo a pol\u00edcia, o pai mantinha rela\u00e7\u00e3o sexual com a filha desde agosto do ano passado. Uma den\u00fancia an\u00f4nima levou o caso a pol\u00edcia que vinha investigando as informa\u00e7\u00f5es.<\/p>\n<p style=\"text-align: justify;\">O delegado Mateus Videira da Silva, de Ouro Verde, disse ontem a tarde por telefone, que o acusado de estupro de vulner\u00e1vel morava na mesma casa com a v\u00edtima e mais dois filhos menores.<\/p>\n<p style=\"text-align: justify;\">Ele acredita que o pai criou na cabe\u00e7a da menina uma influ\u00eancia como se fossem namorados.<\/p>\n<p style=\"text-align: justify;\">De acordo com o delegado, a garota chora muito e vai passar na semana que vem por uma escuta especializada.<\/p>\n<p style=\"text-align: justify;\">O delegado Mateus disse ainda que o pai foi ouvido na pol\u00edcia e negou que tenha cometido o estupro alegando que n\u00e3o fez isso e que dorme em cama separada da filha.<\/p>\n<p style=\"text-align: justify;\">O delegado representou pela Pris\u00e3o Tempor\u00e1ria de 30 dias contra o pai acusado de estupro e a Justi\u00e7a concedeu.<\/p>\n<p style=\"text-align: justify;\">O delegado ainda ressaltou que essa pris\u00e3o tempor\u00e1ria pode ser prorrogada pelo mesmo per\u00edodo de reclus\u00e3o ou ser convertida em Pris\u00e3o Preventiva.<\/p>\n<p style=\"text-align: justify;\">O delegado Mateus Videira da Silva afirmou que aguarda o complemento de dilig\u00eancias sobre o estupro que est\u00e3o em andamento.<\/p>\n<p style=\"text-align: justify;\">O pai da v\u00edtima est\u00e1 preso na cadeia p\u00fablica de Presidente Venceslau onde aguarda manifesta\u00e7\u00e3o da justi\u00e7a.<\/p>\n<p>Fonte: Portal Regional<\/p>\n<p>Imagem Ilustrativa<\/p>\n","protected":false},"excerpt":{"rendered":"<p>Na quinta-feira, 23, por volta de 18 horas, a Pol\u00edcia Civil de Ouro Verde, prendeu um desempregado de 41 anos, que est\u00e1 sendo acusado de ter estuprado a pr\u00f3pria filha de 14 anos. Segundo a pol\u00edcia, o pai mantinha rela\u00e7\u00e3o sexual com a filha desde agosto do ano passado. Uma den\u00fancia an\u00f4nima levou o caso [&hellip;]<\/p>\n","protected":false},"author":1,"featured_media":17120,"comment_status":"closed","ping_status":"open","sticky":false,"template":"","format":"standard","meta":{"footnotes":""},"categories":[110,2],"tags":[],"class_list":["post-17119","post","type-post","status-publish","format-standard","has-post-thumbnail","hentry","category-noticiasdestaque","category-policial"],"_links":{"self":[{"href":"https:\/\/jorgezanoni.com.br\/2019\/wp-json\/wp\/v2\/posts\/17119","targetHints":{"allow":["GET"]}}],"collection":[{"href":"https:\/\/jorgezanoni.com.br\/2019\/wp-json\/wp\/v2\/posts"}],"about":[{"href":"https:\/\/jorgezanoni.com.br\/2019\/wp-json\/wp\/v2\/types\/post"}],"author":[{"embeddable":true,"href":"https:\/\/jorgezanoni.com.br\/2019\/wp-json\/wp\/v2\/users\/1"}],"replies":[{"embeddable":true,"href":"https:\/\/jorgezanoni.com.br\/2019\/wp-json\/wp\/v2\/comments?post=17119"}],"version-history":[{"count":0,"href":"https:\/\/jorgezanoni.com.br\/2019\/wp-json\/wp\/v2\/posts\/17119\/revisions"}],"wp:featuredmedia":[{"embeddable":true,"href":"https:\/\/jorgezanoni.com.br\/2019\/wp-json\/wp\/v2\/media\/17120"}],"wp:attachment":[{"href":"https:\/\/jorgezanoni.com.br\/2019\/wp-json\/wp\/v2\/media?parent=17119"}],"wp:term":[{"taxonomy":"category","embeddable":true,"href":"https:\/\/jorgezanoni.com.br\/2019\/wp-json\/wp\/v2\/categories?post=17119"},{"taxonomy":"post_tag","embeddable":true,"href":"https:\/\/jorgezanoni.com.br\/2019\/wp-json\/wp\/v2\/tags?post=17119"}],"curies":[{"name":"wp","href":"https:\/\/api.w.org\/{rel}","templated":true}]}}