{"id":17108,"date":"2020-01-24T22:52:34","date_gmt":"2020-01-24T22:52:34","guid":{"rendered":"https:\/\/jorgezanoni.com.br\/2019\/?p=17108"},"modified":"2020-01-24T22:54:40","modified_gmt":"2020-01-24T22:54:40","slug":"policia-militar-prender-autor-de-furto-em-flagrante-em-dracena","status":"publish","type":"post","link":"https:\/\/jorgezanoni.com.br\/2019\/policia-militar-prender-autor-de-furto-em-flagrante-em-dracena\/","title":{"rendered":"Pol\u00edcia Militar prende autor de furto em flagrante em Dracena"},"content":{"rendered":"<p style=\"text-align: justify;\">Na data de ontem (23) por volta das 13h30min a Pol\u00edcia Militar ap\u00f3s solicita\u00e7\u00e3o via 190, foi informado a equipe pela v\u00edtima que um indiv\u00edduo entrou no seu estabelecimento comercial e furtou um corote de pinga, tomando destino ignorado. Foi realizado patrulhamento e localizado o indiv\u00edduo (41 anos) com as caracter\u00edsticas passada pelo propriet\u00e1rio do supermercado e na busca pessoal foi encontrado o produto do furto, vindo o indiciado a confessar o delito.<\/p>\n<p style=\"text-align: justify;\"><strong>#25BPMI\u00a0\u00a0\u00a0\u00a0\u00a0\u00a0\u00a0\u00a0\u00a0\u00a0\u00a0\u00a0\u00a0\u00a0\u00a0\u00a0\u00a0<\/strong><\/p>\n<p style=\"text-align: justify;\"><strong>#POLICIAMILITARSP<\/strong><\/p>\n<p style=\"text-align: justify;\"><strong>#AFOR\u00c7AP\u00daBLICADES\u00c3OPAULO<\/strong><\/p>\n<p style=\"text-align: justify;\"><strong>Fonte: COMUNICA\u00c7\u00c3O SOCIAL DO 25\u00ba BPM\/I &#8211; Dracena e regi\u00e3o.<\/strong><\/p>\n","protected":false},"excerpt":{"rendered":"<p>Na data de ontem (23) por volta das 13h30min a Pol\u00edcia Militar ap\u00f3s solicita\u00e7\u00e3o via 190, foi informado a equipe pela v\u00edtima que um indiv\u00edduo entrou no seu estabelecimento comercial e furtou um corote de pinga, tomando destino ignorado. Foi realizado patrulhamento e localizado o indiv\u00edduo (41 anos) com as caracter\u00edsticas passada pelo propriet\u00e1rio do [&hellip;]<\/p>\n","protected":false},"author":1,"featured_media":17109,"comment_status":"closed","ping_status":"open","sticky":false,"template":"","format":"standard","meta":{"footnotes":""},"categories":[110,2],"tags":[],"class_list":["post-17108","post","type-post","status-publish","format-standard","has-post-thumbnail","hentry","category-noticiasdestaque","category-policial"],"_links":{"self":[{"href":"https:\/\/jorgezanoni.com.br\/2019\/wp-json\/wp\/v2\/posts\/17108","targetHints":{"allow":["GET"]}}],"collection":[{"href":"https:\/\/jorgezanoni.com.br\/2019\/wp-json\/wp\/v2\/posts"}],"about":[{"href":"https:\/\/jorgezanoni.com.br\/2019\/wp-json\/wp\/v2\/types\/post"}],"author":[{"embeddable":true,"href":"https:\/\/jorgezanoni.com.br\/2019\/wp-json\/wp\/v2\/users\/1"}],"replies":[{"embeddable":true,"href":"https:\/\/jorgezanoni.com.br\/2019\/wp-json\/wp\/v2\/comments?post=17108"}],"version-history":[{"count":0,"href":"https:\/\/jorgezanoni.com.br\/2019\/wp-json\/wp\/v2\/posts\/17108\/revisions"}],"wp:featuredmedia":[{"embeddable":true,"href":"https:\/\/jorgezanoni.com.br\/2019\/wp-json\/wp\/v2\/media\/17109"}],"wp:attachment":[{"href":"https:\/\/jorgezanoni.com.br\/2019\/wp-json\/wp\/v2\/media?parent=17108"}],"wp:term":[{"taxonomy":"category","embeddable":true,"href":"https:\/\/jorgezanoni.com.br\/2019\/wp-json\/wp\/v2\/categories?post=17108"},{"taxonomy":"post_tag","embeddable":true,"href":"https:\/\/jorgezanoni.com.br\/2019\/wp-json\/wp\/v2\/tags?post=17108"}],"curies":[{"name":"wp","href":"https:\/\/api.w.org\/{rel}","templated":true}]}}