{"id":17105,"date":"2020-01-24T22:36:06","date_gmt":"2020-01-24T22:36:06","guid":{"rendered":"https:\/\/jorgezanoni.com.br\/2019\/?p=17105"},"modified":"2020-01-24T22:37:00","modified_gmt":"2020-01-24T22:37:00","slug":"policia-militar-prende-mulher-em-flagrante-por-furto-em-dracena","status":"publish","type":"post","link":"https:\/\/jorgezanoni.com.br\/2019\/policia-militar-prende-mulher-em-flagrante-por-furto-em-dracena\/","title":{"rendered":"Pol\u00edcia Militar prende mulher em flagrante por furto em Dracena"},"content":{"rendered":"<p style=\"text-align: justify;\">Na data de ontem (23) por volta das 13h42min a Pol\u00edcia Militar ap\u00f3s den\u00fancia de que uma mulher (45 anos) teria cometido furto no interior de um supermercado e o denunciante a estava acompanhando, at\u00e9 a chegada da equipe policial. Ao ser abordada foi localizado no interior de sua bolsa v\u00e1rios produtos de higiene pessoal vindo a confessar o crime. Foi dado voz pris\u00e3o em flagrante pelo crime de furto permanecendo presa, ficando a disposi\u00e7\u00e3o da Justi\u00e7a.<\/p>\n<p>Fonte: Com. Social Pol\u00edcia Militar<\/p>\n","protected":false},"excerpt":{"rendered":"<p>Na data de ontem (23) por volta das 13h42min a Pol\u00edcia Militar ap\u00f3s den\u00fancia de que uma mulher (45 anos) teria cometido furto no interior de um supermercado e o denunciante a estava acompanhando, at\u00e9 a chegada da equipe policial. Ao ser abordada foi localizado no interior de sua bolsa v\u00e1rios produtos de higiene pessoal [&hellip;]<\/p>\n","protected":false},"author":1,"featured_media":17107,"comment_status":"closed","ping_status":"open","sticky":false,"template":"","format":"standard","meta":{"footnotes":""},"categories":[110,2],"tags":[],"class_list":["post-17105","post","type-post","status-publish","format-standard","has-post-thumbnail","hentry","category-noticiasdestaque","category-policial"],"_links":{"self":[{"href":"https:\/\/jorgezanoni.com.br\/2019\/wp-json\/wp\/v2\/posts\/17105","targetHints":{"allow":["GET"]}}],"collection":[{"href":"https:\/\/jorgezanoni.com.br\/2019\/wp-json\/wp\/v2\/posts"}],"about":[{"href":"https:\/\/jorgezanoni.com.br\/2019\/wp-json\/wp\/v2\/types\/post"}],"author":[{"embeddable":true,"href":"https:\/\/jorgezanoni.com.br\/2019\/wp-json\/wp\/v2\/users\/1"}],"replies":[{"embeddable":true,"href":"https:\/\/jorgezanoni.com.br\/2019\/wp-json\/wp\/v2\/comments?post=17105"}],"version-history":[{"count":0,"href":"https:\/\/jorgezanoni.com.br\/2019\/wp-json\/wp\/v2\/posts\/17105\/revisions"}],"wp:featuredmedia":[{"embeddable":true,"href":"https:\/\/jorgezanoni.com.br\/2019\/wp-json\/wp\/v2\/media\/17107"}],"wp:attachment":[{"href":"https:\/\/jorgezanoni.com.br\/2019\/wp-json\/wp\/v2\/media?parent=17105"}],"wp:term":[{"taxonomy":"category","embeddable":true,"href":"https:\/\/jorgezanoni.com.br\/2019\/wp-json\/wp\/v2\/categories?post=17105"},{"taxonomy":"post_tag","embeddable":true,"href":"https:\/\/jorgezanoni.com.br\/2019\/wp-json\/wp\/v2\/tags?post=17105"}],"curies":[{"name":"wp","href":"https:\/\/api.w.org\/{rel}","templated":true}]}}